{"id":3371,"date":"2020-05-29T12:04:26","date_gmt":"2020-05-29T12:04:26","guid":{"rendered":"https:\/\/www.affinite.fr\/index.php\/2020\/05\/29\/lattaque-des-titans-cest-la-guerre-dans-la-bande-annonce-de-la-saison-finale-news-series-a-la-tv\/"},"modified":"2020-05-29T12:04:26","modified_gmt":"2020-05-29T12:04:26","slug":"lattaque-des-titans-cest-la-guerre-dans-la-bande-annonce-de-la-saison-finale-news-series-a-la-tv","status":"publish","type":"post","link":"http:\/\/www.affinite.fr\/index.php\/2020\/05\/29\/lattaque-des-titans-cest-la-guerre-dans-la-bande-annonce-de-la-saison-finale-news-series-a-la-tv\/","title":{"rendered":"L\u2019Attaque des Titans\u00a0: c\u2019est la guerre dans la bande-annonce de la saison finale &#8211; News S\u00e9ries \u00e0 la TV"},"content":{"rendered":"<p> [ad_1]<br \/>\n<br \/><img decoding=\"async\" src=\"http:\/\/fr.web.img1.acsta.net\/newsv7\/20\/05\/29\/12\/10\/4757030.jpg\" \/><\/p>\n<div id=\"article-container\">\n<p class=\"article-lead\">L\u2019ultime saison de \u00ab\u00a0L\u2019Attaque des Titans\u00a0\u00bb d\u00e9voile une bande-annonce pleine d\u2019action et d\u2019enjeux\u00a0; diffusion attendue chez nous cet automne en simulcast sur la plate-forme Wakanim.<\/p>\n<div id=\"article-content\">\n<figure class=\"player player-auto-play js-player\" data-model=\"{&quot;context&quot;:&quot;newspage_news&quot;,&quot;launch&quot;:&quot;auto-play&quot;,&quot;followScroll&quot;:true,&quot;endScreen&quot;:true,&quot;disableAutoPause&quot;:true,&quot;videos&quot;:[{&quot;id&quot;:19588755,&quot;sources&quot;:{&quot;medium&quot;:&quot;\/\/fr.vid.web.acsta.net\/nmedia\/33\/20\/05\/29\/11\/\/19588755_sd_013.mp4&quot;,&quot;high&quot;:&quot;\/\/fr.vid.web.acsta.net\/nmedia\/33\/20\/05\/29\/11\/\/19588755_hd_013.mp4&quot;},&quot;image&quot;:&quot;\/videothumbnails\/20\/05\/29\/11\/41\/1545585.jpg&quot;,&quot;title&quot;:&quot;L'Attaque des Titans - saison 4 Bande-annonce VO&quot;,&quot;trackingIdentifier&quot;:&quot;19588755-l_attaque_des_titans_saison_4_bande_annonce_vo&quot;,&quot;embedUrl&quot;:&quot;ACraHRACr0cDovL3BsYXllci5hbGxvY2luZS5mci8xOTU4ODc1NS5odG1s&quot;,&quot;id_type&quot;:31003,&quot;file_type&quot;:&quot;trailer&quot;,&quot;description&quot;:&quot;&lt;strong&gt;L'Attaque des Titans - saison 4&lt;\/strong&gt; Bande-annonce VO&quot;,&quot;duration&quot;:136,&quot;view_count&quot;:null,&quot;added_at&quot;:{&quot;date&quot;:&quot;2020-05-29 11:36:00.000000&quot;,&quot;timezone_type&quot;:3,&quot;timezone&quot;:&quot;Europe\/Paris&quot;},&quot;metas&quot;:{&quot;genre_main_series&quot;:[{&quot;name&quot;:&quot;Aventure&quot;,&quot;id&quot;:&quot;13001&quot;},{&quot;name&quot;:&quot;Action&quot;,&quot;id&quot;:&quot;13025&quot;},{&quot;name&quot;:&quot;Animation&quot;,&quot;id&quot;:&quot;13026&quot;}],&quot;id_main_season&quot;:36426,&quot;id_main_series&quot;:17425,&quot;image_main_series&quot;:&quot;\/pictures\/18\/10\/31\/18\/23\/3568691.jpg&quot;,&quot;localized_file_type&quot;:&quot;trailer&quot;,&quot;main_season_number&quot;:4,&quot;main_season_rating&quot;:3.36786795,&quot;main_season_user_note_count&quot;:7,&quot;main_series_rating&quot;:4.49803162,&quot;name_main_season&quot;:&quot;L'Attaque des Titans - Saison 4&quot;,&quot;name_main_series&quot;:&quot;L'Attaque des Titans&quot;,&quot;release_status_series&quot;:&quot;En cours&quot;,&quot;trans_file_type&quot;:&quot;Bande-annonce&quot;},&quot;relatedEntityType&quot;:&quot;series&quot;,&quot;relatedEntityTrackingIdentifier&quot;:&quot;17425-l_attaque_des_titans&quot;,&quot;relatedEntityTitle&quot;:&quot;L'Attaque des Titans&quot;,&quot;relatedEntityId&quot;:17425,&quot;relatedEntityUrl&quot;:&quot;ACraHRACr0cDovL3d3dy5hbGxvY2luZS5mci9zZXJpZXMvZmljaGVzZXJpZV9nZW5fY3NlcmllPTE3NDI1Lmh0bWw=&quot;,&quot;mediaUrl&quot;:&quot;ACraHRACr0cDovL3d3dy5hbGxvY2luZS5mci92aWRlby9wbGF5ZXJfZ2VuX2NtZWRpYT0xOTU4ODc1NSZjc2VyaWU9MTc0MjUuaHRtbA==&quot;}],&quot;disablePreroll&quot;:false,&quot;disablePostroll&quot;:false}\">\n<\/figure>\n<p>Attendue pour cet automne, l\u2019ultime saison de l\u2019anime\u00a0<a title=\"L'Attaque des Titans (Japon) (Animation,Action,Aventure)\" href=\"http:\/\/www.allocine.fr\/series\/ficheserie_gen_cserie=17425.html\">L\u2019Attaque des Titans<\/a> d\u00e9voile aujourd\u2019hui une premi\u00e8re bande-annonce qui devrait faire s\u2019\u00e9lever le niveau d\u2019impatience des fans de la s\u00e9rie adapt\u00e9 du manga sign\u00e9 <a title=\"Hajime Isayama (Japon) (D'apr\u00e8s l'oeuvre de,Showrunner)\" href=\"http:\/\/www.allocine.fr\/personne\/fichepersonne_gen_cpersonne=717950.html\">Hajime Isayama<\/a>. Pour ceux qui n\u2019auraient toutefois pas encore vu la troisi\u00e8me saison, il vous est vivement recommand\u00e9 d\u2019interrompre votre lecture de cet article d\u00e8s \u00e0 pr\u00e9sent face <span><strong>aux spoilers<\/strong><\/span> qui seront abord\u00e9s ci-dessous.<\/p>\n<p>Alors que le Mur Maria a enfin pu \u00eatre regagn\u00e9 par le Bataillon d\u2019exploration, la bataille contre le Titan Bestial n\u2019aura toutefois pas \u00e9t\u00e9 de toute repos, et les pertes humaines se sont compt\u00e9es par dizaines avec en point d\u2019orgue la disparition du major Erwin tandis que le pouvoir du Titan Colossal a \u00e9t\u00e9 confi\u00e9 au jeune Armin, sauv\u00e9 ainsi par le pouvoir de r\u00e9g\u00e9n\u00e9ration colossal apr\u00e8s qu\u2019il ait \u00e9t\u00e9 gri\u00e8vement br\u00fbl\u00e9 en venant en aide \u00e0 Eren. Parall\u00e8lement, l\u2019exploration du district de Shiganshina a permis \u00e0 ce dernier de d\u00e9couvrir les origines de son p\u00e8re et l\u2019existence d\u2019un tout autre monde.<\/p>\n<p>On le sait, la troisi\u00e8me saison de la s\u00e9rie s\u2019est achev\u00e9e par la d\u00e9couverte de la mer et l\u2019annonce d\u2019un saut dans le temps de quelques ann\u00e9es, n\u00e9cessaire pour permettre \u00e0 Eren et les siens d\u2019explorer les contours de cette nouvelle civilisation o\u00f9 les Mahrs \u2013 dont ils sont originaires \u2013 sont l\u2019objet d\u2019un g\u00e9nocide commis par le peuple dominateur Eldien, responsable entre autre de la naissance des Titans, en r\u00e9alit\u00e9 de simples humains exil\u00e9s et transform\u00e9s en colosses cannibales \u00e0 l\u2019aide d\u2019un s\u00e9rum. La vengeance sera donc l\u2019un des th\u00e8mes principaux de cette ultime saison, dont on imagine qu\u2019elle nous r\u00e9servera de nouvelles r\u00e9v\u00e9lations quant \u00e0 l\u2019univers d\u00e9cid\u00e9ment complexe de cette s\u00e9rie ph\u00e9nom\u00e8ne.<\/p>\n<p>C\u00f4t\u00e9 coulisses, la quatri\u00e8me saison de L\u2019Attaque des Titans <a title=\"L\u2019Attaque des Titans\u00a0: une mauvaise nouvelle pour la saison 4 de l\u2019anim\u00e9\u00a0?\" href=\"http:\/\/www.allocine.fr\/article\/fichearticle_gen_carticle=18682769.html\">marquera bien un changement de studio<\/a>, puisque c\u2019est d\u00e9sormais la compagnie MAPPA qui sera en charge de l\u2019animation de la s\u00e9rie\u00a0; une bonne nouvelle en somme pour les fans, qui craignaient <a title=\"One Punch Man saison 2\u00a0: pourquoi la bande-annonce inqui\u00e8te les fans\" href=\"http:\/\/www.allocine.fr\/article\/fichearticle_gen_carticle=18679962.html\">un effet One-Punch Man<\/a>. Il n\u2019en sera toutefois rien, comme peuvent d\u00e9j\u00e0 l\u2019attester les premi\u00e8res images \u00e0 d\u00e9couvrir ci-dessus.<\/p>\n<p>Pour rappel, <i>L\u2019Attaque des Titans<\/i> sera propos\u00e9e chez nous d\u00e8s l\u2019automne en exlusivit\u00e9 simulcast sur Wakanim\u00a0; le manga est par ailleurs \u00e9dit\u00e9 chez Pika (30 tomes disponibles).<\/p>\n<\/p><\/div>\n<\/p><\/div>\n<p>[ad_2]<br \/>\n<br \/><a href=\"http:\/\/rss.allocine.fr\/~r\/ac\/actualites\/~3\/iaOQmZ7pRw8\/fichearticle_gen_carticle=18690363.html\">Source link <\/a><\/p>\n","protected":false},"excerpt":{"rendered":"<p>[ad_1] L\u2019ultime saison de \u00ab\u00a0L\u2019Attaque des Titans\u00a0\u00bb d\u00e9voile une bande-annonce pleine d\u2019action et d\u2019enjeux\u00a0; diffusion attendue chez nous cet automne &hellip; <a href=\"http:\/\/www.affinite.fr\/index.php\/2020\/05\/29\/lattaque-des-titans-cest-la-guerre-dans-la-bande-annonce-de-la-saison-finale-news-series-a-la-tv\/\" class=\"more-link\">Plus <span class=\"screen-reader-text\">L\u2019Attaque des Titans\u00a0: c\u2019est la guerre dans la bande-annonce de la saison finale &#8211; News S\u00e9ries \u00e0 la TV<\/span> <span class=\"meta-nav\">&rarr;<\/span><\/a><\/p>\n","protected":false},"author":1,"featured_media":3372,"comment_status":"open","ping_status":"open","sticky":false,"template":"","format":"standard","meta":{"_sitemap_exclude":false,"_sitemap_priority":"","_sitemap_frequency":"","footnotes":""},"categories":[1],"tags":[],"class_list":["post-3371","post","type-post","status-publish","format-standard","has-post-thumbnail","hentry","category-tous"],"_links":{"self":[{"href":"http:\/\/www.affinite.fr\/index.php\/wp-json\/wp\/v2\/posts\/3371"}],"collection":[{"href":"http:\/\/www.affinite.fr\/index.php\/wp-json\/wp\/v2\/posts"}],"about":[{"href":"http:\/\/www.affinite.fr\/index.php\/wp-json\/wp\/v2\/types\/post"}],"author":[{"embeddable":true,"href":"http:\/\/www.affinite.fr\/index.php\/wp-json\/wp\/v2\/users\/1"}],"replies":[{"embeddable":true,"href":"http:\/\/www.affinite.fr\/index.php\/wp-json\/wp\/v2\/comments?post=3371"}],"version-history":[{"count":0,"href":"http:\/\/www.affinite.fr\/index.php\/wp-json\/wp\/v2\/posts\/3371\/revisions"}],"wp:featuredmedia":[{"embeddable":true,"href":"http:\/\/www.affinite.fr\/index.php\/wp-json\/wp\/v2\/media\/3372"}],"wp:attachment":[{"href":"http:\/\/www.affinite.fr\/index.php\/wp-json\/wp\/v2\/media?parent=3371"}],"wp:term":[{"taxonomy":"category","embeddable":true,"href":"http:\/\/www.affinite.fr\/index.php\/wp-json\/wp\/v2\/categories?post=3371"},{"taxonomy":"post_tag","embeddable":true,"href":"http:\/\/www.affinite.fr\/index.php\/wp-json\/wp\/v2\/tags?post=3371"}],"curies":[{"name":"wp","href":"https:\/\/api.w.org\/{rel}","templated":true}]}}