{"id":3365,"date":"2020-05-29T09:18:36","date_gmt":"2020-05-29T09:18:36","guid":{"rendered":"https:\/\/www.affinite.fr\/index.php\/2020\/05\/29\/twitter-signale-un-nouveau-message-de-donald-trump\/"},"modified":"2020-05-29T09:18:36","modified_gmt":"2020-05-29T09:18:36","slug":"twitter-signale-un-nouveau-message-de-donald-trump","status":"publish","type":"post","link":"http:\/\/www.affinite.fr\/index.php\/2020\/05\/29\/twitter-signale-un-nouveau-message-de-donald-trump\/","title":{"rendered":"Twitter signale un nouveau message de Donald Trump"},"content":{"rendered":"<p> [ad_1]<br \/>\n<br \/><img decoding=\"async\" src=\"https:\/\/img.bfmtv.com\/i\/0\/0\/598\/12ef982513e0ad0a94019f214b0df.jpeg\" \/><\/p>\n<div itemprop=\"articleBody\">\n<p>Twitter ne compte pas baisser les bras face \u00e0 Donald Trump. Le r\u00e9seau social a d\u00e9cid\u00e9 ce 29 mai de signaler un tweet du pr\u00e9sident am\u00e9ricain comme violent. <em>\u00ab\u00a0Ce Tweet viole nos politiques concernant la glorification de la violence, de par le contexte historique de la derni\u00e8re ligne, son lien avec la violence et le risque qu&rsquo;il puisse inspirer des actions similaires aujourd&rsquo;hui\u00a0\u00bb<\/em>, explique Twitter.\u00a0Le tweet est du coup cach\u00e9 par d\u00e9faut, et il est impossible de le commenter, de le \u00ab\u00a0liker\u00a0\u00bb ou de le retweeter sans commentaire.<\/p>\n<div data-force-click=\"true\" class=\"bloc\">\n<blockquote class=\"twitter-tweet\" data-conversation=\"none\">\n<p dir=\"ltr\" lang=\"en\">This Tweet violates our policies regarding the glorification of violence based on the historical context of the last line, its connection to violence, and the risk it could inspire similar actions today. <a href=\"https:\/\/t.co\/4efPqNLBCX\">https:\/\/t.co\/4efPqNLBCX<\/a><\/p>\n<p>\u2014 Twitter Safety (@TwitterSafety) <a href=\"https:\/\/twitter.com\/TwitterSafety\/status\/1266272862052085760?ref_src=twsrc%5Etfw\">May 29, 2020<\/a><\/p><\/blockquote><\/div>\n<p><em>\u00ab Je viens de parler au gouverneur Tim Walz et je lui ai dit que l&rsquo;arm\u00e9e \u00e9tait avec lui. En cas de difficult\u00e9, nous prendrons le contr\u00f4le, mais, lorsque le pillage commence, la fusillade commence\u00a0\u00bb<\/em>, \u00e9crivait dans le tweet en question Donald Trump \u00e0 propos des \u00e9meutes en marge des manifestations de soutien \u00e0 George Floyd.<\/p>\n<div data-force-click=\"true\" class=\"bloc\">\n<blockquote class=\"twitter-tweet\" data-conversation=\"none\">\n<p dir=\"ltr\" lang=\"en\">&#8230;.These THUGS are dishonoring the memory of George Floyd, and I won\u2019t let that happen. Just spoke to Governor Tim Walz and told him that the Military is with him all the way. Any difficulty and we will assume control but, when the looting starts, the shooting starts. Thank you!<\/p>\n<p>\u2014 Donald J. Trump (@realDonaldTrump) <a href=\"https:\/\/twitter.com\/realDonaldTrump\/status\/1266231100780744704?ref_src=twsrc%5Etfw\">May 29, 2020<\/a><\/p><\/blockquote><\/div>\n<p>Ce Noir de 46 ans avait \u00e9t\u00e9 arr\u00eat\u00e9 par la police lundi 25 mai \u00e0 Minneapolis (Minnesota). Une vid\u00e9o film\u00e9e par une passante montre un policier maintenant son genou sur son cou en pesant de tout son poids. Suite aux plaintes de George Floyd et des badauds lui demandant de le laisser respirer, le policier enl\u00e8ve son genou, mais l\u2019interpell\u00e9 g\u00eet inanim\u00e9. Il sera d\u00e9clar\u00e9 mort \u00e0 l\u2019h\u00f4pital apr\u00e8s y avoir \u00e9t\u00e9 transport\u00e9 en ambulance.<\/p>\n<h3 style=\"color:#333; font-family:arial,helvetica,sans-serif; font-size:23px; font-weight:700\">Mise en cause d\u2019un texte central de la libert\u00e9 d\u2019expression en ligne<\/h3>\n<p>Le signalement de ce tweet consid\u00e9r\u00e9 comme violent par rapport aux r\u00e8gles de Twitter fait suite <a href=\"https:\/\/www.01net.com\/actualites\/donald-trump-va-signer-un-decret-visant-a-reguler-les-reseaux-sociaux-1921917.html\" target=\"_blank\" rel=\"noopener noreferrer\">au d\u00e9cret sign\u00e9 jeudi 28 mai par Donald Trump<\/a>. Celui-ci veut r\u00e9former la section 230 du \u00ab\u00a0Communications Decency Act\u00a0\u00bb, consid\u00e9r\u00e9e comme un texte central de la libert\u00e9 d\u2019expression en ligne.<\/p>\n<p>Depuis 1996, cette section 230 pr\u00e9serve les h\u00e9bergeurs de poursuites juridiques apr\u00e8s la publication de contenus par des personnes ou des entreprises tierces sur leurs services. Certains consid\u00e8rent qu\u2019elle est un moyen pour les plates-formes de ne pas prendre leurs responsabilit\u00e9s. Elle fait donc clairement la diff\u00e9rence entre le statut d\u2019h\u00e9bergeur et d\u2019\u00e9diteur. Cela permet aussi bien \u00e0 un particulier de commenter n\u2019importe quel blog, qu\u2019\u00e0 Facebook ou Twitter de se prot\u00e9ger des propos tenus par des tiers sur leurs r\u00e9seaux sociaux.<\/p>\n<aside class=\"bg-color-0 padding-inside-all-s bloc border-s\">\n<h4 class=\"box-txt-normal\">\n<p><strong>A d\u00e9couvrir aussi en vid\u00e9o<\/strong><\/p>\n<\/h4>\n<\/aside>\n<h3 style=\"color:#333; font-family:arial,helvetica,sans-serif; font-size:23px; font-weight:700\">Des protestations jusqu\u2019\u00e0 la FCC<\/h3>\n<p>Le d\u00e9cret du pr\u00e9sident am\u00e9ricain a \u00e9t\u00e9 critiqu\u00e9 par de nombreux acteurs du secteur, notamment Jessica Rosenworcel, commissaire \u00e0 la FCC (Commission f\u00e9d\u00e9rale des communications). D\u2019apr\u00e8s elle, toute tentative de transformer la commission en <em>\u00ab\u00a0police du discours du pr\u00e9sident\u00a0\u00bb <\/em>n\u2019est <em>\u00ab\u00a0pas la r\u00e9ponse\u00a0\u00bb<\/em>.<\/p>\n<p>La col\u00e8re du pr\u00e9sident am\u00e9ricain avait \u00e9t\u00e9 d\u00e9clench\u00e9e d\u00e8s ce 26 mai, quand <a href=\"https:\/\/www.01net.com\/actualites\/twitter-signale-pour-la-premiere-fois-un-tweet-de-donald-trump-comme-trompeur-1921257.html\" target=\"_blank\" rel=\"noopener noreferrer\">Twitter avait d\u00e9cid\u00e9 de placer sous un tweet de Donald Trump des articles de presse contredisant ses propos <\/a>sur le vote \u00e0 distance. Une premi\u00e8re pour un pr\u00e9sident en exercice. Il y a fort \u00e0 parier que ce nouveau signalement ne va pas le laisser de marbre&#8230;\u00a0<\/p>\n<\/p><\/div>\n<p><script async src=\"http:\/\/platform.twitter.com\/widgets.js\" charset=\"utf-8\"><\/script><script>\n         !function(f,b,e,v,n,t,s){if(f.fbq)return;n=f.fbq=function()\n         {n.callMethod? n.callMethod.apply(n,arguments):n.queue.push(arguments)}\n         ;if(!f._fbq)f._fbq=n;\n             n.push=n;n.loaded=!0;n.version='2.0';n.queue=[];t=b.createElement(e);t.async=!0;\n             t.src=v;s=b.getElementsByTagName(e)[0];s.parentNode.insertBefore(t,s)}(window,\n                 document,'script','https:\/\/connect.facebook.net\/en_US\/fbevents.js');\n         fbq('init', '1065890633454496');\n         fbq('track', 'PageView');\n     <\/script><br \/>\n<br \/>[ad_2]<br \/>\n<br \/><a href=\"https:\/\/www.01net.com\/actualites\/tweet-glorifiant-la-violence-twitter-signale-un-nouveau-message-de-donald-trump-1923118.html\">Source link <\/a><\/p>\n","protected":false},"excerpt":{"rendered":"<p>[ad_1] Twitter ne compte pas baisser les bras face \u00e0 Donald Trump. Le r\u00e9seau social a d\u00e9cid\u00e9 ce 29 mai &hellip; <a href=\"http:\/\/www.affinite.fr\/index.php\/2020\/05\/29\/twitter-signale-un-nouveau-message-de-donald-trump\/\" class=\"more-link\">Plus <span class=\"screen-reader-text\">Twitter signale un nouveau message de Donald Trump<\/span> <span class=\"meta-nav\">&rarr;<\/span><\/a><\/p>\n","protected":false},"author":1,"featured_media":3366,"comment_status":"open","ping_status":"open","sticky":false,"template":"","format":"standard","meta":{"_sitemap_exclude":false,"_sitemap_priority":"","_sitemap_frequency":"","footnotes":""},"categories":[1],"tags":[],"class_list":["post-3365","post","type-post","status-publish","format-standard","has-post-thumbnail","hentry","category-tous"],"_links":{"self":[{"href":"http:\/\/www.affinite.fr\/index.php\/wp-json\/wp\/v2\/posts\/3365"}],"collection":[{"href":"http:\/\/www.affinite.fr\/index.php\/wp-json\/wp\/v2\/posts"}],"about":[{"href":"http:\/\/www.affinite.fr\/index.php\/wp-json\/wp\/v2\/types\/post"}],"author":[{"embeddable":true,"href":"http:\/\/www.affinite.fr\/index.php\/wp-json\/wp\/v2\/users\/1"}],"replies":[{"embeddable":true,"href":"http:\/\/www.affinite.fr\/index.php\/wp-json\/wp\/v2\/comments?post=3365"}],"version-history":[{"count":0,"href":"http:\/\/www.affinite.fr\/index.php\/wp-json\/wp\/v2\/posts\/3365\/revisions"}],"wp:featuredmedia":[{"embeddable":true,"href":"http:\/\/www.affinite.fr\/index.php\/wp-json\/wp\/v2\/media\/3366"}],"wp:attachment":[{"href":"http:\/\/www.affinite.fr\/index.php\/wp-json\/wp\/v2\/media?parent=3365"}],"wp:term":[{"taxonomy":"category","embeddable":true,"href":"http:\/\/www.affinite.fr\/index.php\/wp-json\/wp\/v2\/categories?post=3365"},{"taxonomy":"post_tag","embeddable":true,"href":"http:\/\/www.affinite.fr\/index.php\/wp-json\/wp\/v2\/tags?post=3365"}],"curies":[{"name":"wp","href":"https:\/\/api.w.org\/{rel}","templated":true}]}}