{"id":3363,"date":"2020-05-29T08:13:20","date_gmt":"2020-05-29T08:13:20","guid":{"rendered":"https:\/\/www.affinite.fr\/index.php\/2020\/05\/29\/twitter-permet-desormais-de-programmer-des-tweets-et-denregistrer-des-brouillons\/"},"modified":"2020-05-29T08:13:20","modified_gmt":"2020-05-29T08:13:20","slug":"twitter-permet-desormais-de-programmer-des-tweets-et-denregistrer-des-brouillons","status":"publish","type":"post","link":"http:\/\/www.affinite.fr\/index.php\/2020\/05\/29\/twitter-permet-desormais-de-programmer-des-tweets-et-denregistrer-des-brouillons\/","title":{"rendered":"Twitter permet d\u00e9sormais de programmer des tweets et d\u2019enregistrer des brouillons"},"content":{"rendered":"<p> [ad_1]<br \/>\n<br \/><img decoding=\"async\" src=\"https:\/\/img.bfmtv.com\/i\/0\/0\/ed9\/60d2efaf8f337f93b67f47aebba43.jpg\" \/><\/p>\n<div itemprop=\"articleBody\">\n<p class=\"MsoNormal\">Twitter initiait il y a quelques mois des tests permettant aux utilisateurs de <a href=\"https:\/\/www.01net.com\/actualites\/twitter-teste-la-planification-de-tweets-depuis-son-interface-web-1810157.html\" target=\"_blank\" rel=\"noopener noreferrer\">planifier l\u2019envoi de tweets depuis l\u2019interface web<\/a> du r\u00e9seau social.<\/p>\n<p class=\"MsoNormal\">Il vient d\u2019annoncer officiellement la disponibilit\u00e9 de cette fonctionnalit\u00e9 pour tous les utilisateurs et a profit\u00e9 de cette opportunit\u00e9 pour d\u00e9voiler une autre nouvelle fonctionnalit\u00e9.<\/p>\n<p class=\"MsoNormal\">D\u00e9sormais, les tweets r\u00e9dig\u00e9s mais non publi\u00e9s sur la plate-forme\u00a0peuvent \u00eatre sauvegard\u00e9s dans les brouillons.<\/p>\n<p class=\"MsoNormal\">L\u2019outil de planification de tweets est int\u00e9gr\u00e9 directement dans la fen\u00eatre de publication d\u2019un nouveau message o\u00f9 un bouton d\u00e9di\u00e9 a \u00e9t\u00e9 ajout\u00e9. Attention toutefois, il n\u2019est pas possible de planifier l\u2019envoi d\u2019un tweet plus de 18 mois \u00e0 l\u2019avance.<\/p>\n<p class=\"MsoNormal\">Quant \u00e0 l\u2019enregistrement des tweets en brouillon, l\u2019option sera propos\u00e9e directement \u00e0 l\u2019utilisateur lorsque celui-ci r\u00e9dige une publication et se ravise en cliquant sur la croix pour annuler son message. Un pop-up s\u2019affiche alors et propose d\u2019Enregistrer ou de Supprimer le tweet r\u00e9dig\u00e9.<\/p>\n<p class=\"MsoNormal\">Toutes les publications sauvegard\u00e9es ou programm\u00e9es sont accessibles depuis le menu Tweets non envoy\u00e9s affich\u00e9 dans la fen\u00eatre de r\u00e9daction d\u2019un nouveau message.<\/p>\n<\/p><\/div>\n<p><script>\n         !function(f,b,e,v,n,t,s){if(f.fbq)return;n=f.fbq=function()\n         {n.callMethod? n.callMethod.apply(n,arguments):n.queue.push(arguments)}\n         ;if(!f._fbq)f._fbq=n;\n             n.push=n;n.loaded=!0;n.version='2.0';n.queue=[];t=b.createElement(e);t.async=!0;\n             t.src=v;s=b.getElementsByTagName(e)[0];s.parentNode.insertBefore(t,s)}(window,\n                 document,'script','https:\/\/connect.facebook.net\/en_US\/fbevents.js');\n         fbq('init', '1065890633454496');\n         fbq('track', 'PageView');\n     <\/script><br \/>\n<br \/>[ad_2]<br \/>\n<br \/><a href=\"https:\/\/www.01net.com\/actualites\/twitter-permet-desormais-de-programmer-des-tweets-et-d-enregistrer-des-brouillons-1923056.html\">Source link <\/a><\/p>\n","protected":false},"excerpt":{"rendered":"<p>[ad_1] Twitter initiait il y a quelques mois des tests permettant aux utilisateurs de planifier l\u2019envoi de tweets depuis l\u2019interface &hellip; <a href=\"http:\/\/www.affinite.fr\/index.php\/2020\/05\/29\/twitter-permet-desormais-de-programmer-des-tweets-et-denregistrer-des-brouillons\/\" class=\"more-link\">Plus <span class=\"screen-reader-text\">Twitter permet d\u00e9sormais de programmer des tweets et d\u2019enregistrer des brouillons<\/span> <span class=\"meta-nav\">&rarr;<\/span><\/a><\/p>\n","protected":false},"author":1,"featured_media":3364,"comment_status":"open","ping_status":"open","sticky":false,"template":"","format":"standard","meta":{"_sitemap_exclude":false,"_sitemap_priority":"","_sitemap_frequency":"","footnotes":""},"categories":[1],"tags":[],"class_list":["post-3363","post","type-post","status-publish","format-standard","has-post-thumbnail","hentry","category-tous"],"_links":{"self":[{"href":"http:\/\/www.affinite.fr\/index.php\/wp-json\/wp\/v2\/posts\/3363"}],"collection":[{"href":"http:\/\/www.affinite.fr\/index.php\/wp-json\/wp\/v2\/posts"}],"about":[{"href":"http:\/\/www.affinite.fr\/index.php\/wp-json\/wp\/v2\/types\/post"}],"author":[{"embeddable":true,"href":"http:\/\/www.affinite.fr\/index.php\/wp-json\/wp\/v2\/users\/1"}],"replies":[{"embeddable":true,"href":"http:\/\/www.affinite.fr\/index.php\/wp-json\/wp\/v2\/comments?post=3363"}],"version-history":[{"count":0,"href":"http:\/\/www.affinite.fr\/index.php\/wp-json\/wp\/v2\/posts\/3363\/revisions"}],"wp:featuredmedia":[{"embeddable":true,"href":"http:\/\/www.affinite.fr\/index.php\/wp-json\/wp\/v2\/media\/3364"}],"wp:attachment":[{"href":"http:\/\/www.affinite.fr\/index.php\/wp-json\/wp\/v2\/media?parent=3363"}],"wp:term":[{"taxonomy":"category","embeddable":true,"href":"http:\/\/www.affinite.fr\/index.php\/wp-json\/wp\/v2\/categories?post=3363"},{"taxonomy":"post_tag","embeddable":true,"href":"http:\/\/www.affinite.fr\/index.php\/wp-json\/wp\/v2\/tags?post=3363"}],"curies":[{"name":"wp","href":"https:\/\/api.w.org\/{rel}","templated":true}]}}