{"id":3338,"date":"2020-05-28T18:34:03","date_gmt":"2020-05-28T18:34:03","guid":{"rendered":"https:\/\/www.affinite.fr\/index.php\/2020\/05\/28\/donald-trump-va-signer-un-decret-visant-a-reguler-les-reseaux-sociaux\/"},"modified":"2020-05-28T18:34:03","modified_gmt":"2020-05-28T18:34:03","slug":"donald-trump-va-signer-un-decret-visant-a-reguler-les-reseaux-sociaux","status":"publish","type":"post","link":"http:\/\/www.affinite.fr\/index.php\/2020\/05\/28\/donald-trump-va-signer-un-decret-visant-a-reguler-les-reseaux-sociaux\/","title":{"rendered":"Donald Trump va signer un d\u00e9cret visant \u00e0 r\u00e9guler les r\u00e9seaux sociaux"},"content":{"rendered":"<p> [ad_1]<br \/>\n<br \/><img decoding=\"async\" src=\"https:\/\/img.bfmtv.com\/i\/0\/0\/20cdc\/0c9fea6f595ae28eaeb5ff8fda3.jpeg\" \/><\/p>\n<div itemprop=\"articleBody\">\n<p>Donald Trump n\u2019a pas beaucoup appr\u00e9ci\u00e9 la <a href=\"https:\/\/www.01net.com\/actualites\/twitter-signale-pour-la-premiere-fois-un-tweet-de-donald-trump-comme-trompeur-1921257.html\" target=\"_blank\" rel=\"noopener noreferrer\">fonction de Twitter permettant d\u2019indiquer qu\u2019il propageait des \u00ab\u00a0fake news\u00a0\u00bb<\/a>. En effet, le r\u00e9seau social pr\u00e9f\u00e9r\u00e9 du pr\u00e9sident am\u00e9ricain a utilis\u00e9 l\u2019une de ses fonctions de v\u00e9rifications pour compl\u00e9ter automatiquement des propos jug\u00e9s trompeurs. Le pr\u00e9sident s\u2019est indign\u00e9 de la proc\u00e9dure en accusant Twitter et d\u2019autres r\u00e9seaux sociaux de vouloir \u00e9touffer les voix conservatrices. Dans la foul\u00e9e, la Maison Blanche a d\u00e9clar\u00e9 que Donald Trump signerait ce jeudi un d\u00e9cret visant les op\u00e9rateurs de r\u00e9seaux sociaux.<\/p>\n<h3 style=\"color:#333; font-family:arial,helvetica,sans-serif; font-size:23px; font-weight:700\">Censurer pour emp\u00eacher la censure ?<\/h3>\n<p>Le contenu de ce document ainsi que la m\u00e9thode que Trump souhaite utiliser ne sont pas encore connus, mais le Washington Post croit savoir que le d\u00e9cret encouragerait les agences de s\u00e9curit\u00e9 \u00e0 se pencher sur les conditions g\u00e9n\u00e9rales d\u2019utilisation des r\u00e9seaux pour en d\u00e9voiler les failles.<\/p>\n<div data-force-click=\"true\" class=\"bloc\">\n<blockquote class=\"twitter-tweet\">\n<p lang=\"en\" dir=\"ltr\">Big Tech is doing everything in their very considerable power to CENSOR in advance of the 2020 Election. If that happens, we no longer have our freedom. I will never let it happen! They tried hard in 2016, and lost. Now they are going absolutely CRAZY. Stay Tuned!!!<\/p>\n<p>\u2014 Donald J. Trump (@realDonaldTrump) <a href=\"https:\/\/twitter.com\/realDonaldTrump\/status\/1265819308699070464?ref_src=twsrc%5Etfw\">May 28, 2020<\/a><\/p><\/blockquote><\/div>\n<p> Donald Trump, qui vise une r\u00e9\u00e9lection pour un second mandat en novembre 2020, n\u2019en a pas dit davantage dans la s\u00e9rie de tweets en r\u00e9action \u00e0 ce qu\u2019il appelle une censure, mais ces mesures permettraient, selon lui, d\u2019emp\u00eacher les r\u00e9seaux sociaux et plus largement des grandes entreprises de l&rsquo;industrie technologique\u00a0de peser sur le scrutin.\u00a0<\/p>\n<aside class=\"bg-color-0 padding-inside-all-s bloc border-s\">\n<h4 class=\"box-txt-normal\">\n<p><strong>\u00c0 d\u00e9couvrir aussi en vid\u00e9o :<\/strong><\/p>\n<\/h4>\n<\/aside>\n<p>Les repr\u00e9sentants des principales plate-formes n\u2019ont pas tard\u00e9 \u00e0 r\u00e9agir aux propos du pr\u00e9sident. Jack Dorsey, PDG de Twitter, a d\u00e9fendu l\u2019utilisation de la fonction de v\u00e9rification de fake news de son r\u00e9seau en pr\u00e9cisant que celle-ci renvoyait \u00e0 des articles v\u00e9rifi\u00e9s sur le sujet et que les tweets de Trump avaient \u00e9t\u00e9 libell\u00e9s dans le cadre des efforts de l\u2019entreprise pour am\u00e9liorer sa \u00ab\u00a0politique d\u2019int\u00e9grit\u00e9 civique\u00a0\u00bb. Quant \u00e0 Mark Zuckerberg, le patron de Facebook, il s\u2019est \u00e9galement exprim\u00e9 dans une entretien qui devrait \u00eatre diffus\u00e9e ce jeudi par Fox News. \u00ab\u00a0<em>Qu&rsquo;un gouvernement choisisse de censurer une plate-forme parce qu&rsquo;il s&rsquo;inqui\u00e8te de la censure ne me semble pas le bon r\u00e9flexe\u00a0<\/em>\u00bb a-t-il affirm\u00e9.\u00a0<\/p>\n<\/p><\/div>\n<p><script async src=\"http:\/\/platform.twitter.com\/widgets.js\" charset=\"utf-8\"><\/script><script>\n         !function(f,b,e,v,n,t,s){if(f.fbq)return;n=f.fbq=function()\n         {n.callMethod? n.callMethod.apply(n,arguments):n.queue.push(arguments)}\n         ;if(!f._fbq)f._fbq=n;\n             n.push=n;n.loaded=!0;n.version='2.0';n.queue=[];t=b.createElement(e);t.async=!0;\n             t.src=v;s=b.getElementsByTagName(e)[0];s.parentNode.insertBefore(t,s)}(window,\n                 document,'script','https:\/\/connect.facebook.net\/en_US\/fbevents.js');\n         fbq('init', '1065890633454496');\n         fbq('track', 'PageView');\n     <\/script><br \/>\n<br \/>[ad_2]<br \/>\n<br \/><a href=\"https:\/\/www.01net.com\/actualites\/donald-trump-va-signer-un-decret-visant-a-reguler-les-reseaux-sociaux-1921917.html\">Source link <\/a><\/p>\n","protected":false},"excerpt":{"rendered":"<p>[ad_1] Donald Trump n\u2019a pas beaucoup appr\u00e9ci\u00e9 la fonction de Twitter permettant d\u2019indiquer qu\u2019il propageait des \u00ab\u00a0fake news\u00a0\u00bb. En effet, &hellip; <a href=\"http:\/\/www.affinite.fr\/index.php\/2020\/05\/28\/donald-trump-va-signer-un-decret-visant-a-reguler-les-reseaux-sociaux\/\" class=\"more-link\">Plus <span class=\"screen-reader-text\">Donald Trump va signer un d\u00e9cret visant \u00e0 r\u00e9guler les r\u00e9seaux sociaux<\/span> <span class=\"meta-nav\">&rarr;<\/span><\/a><\/p>\n","protected":false},"author":1,"featured_media":3339,"comment_status":"open","ping_status":"open","sticky":false,"template":"","format":"standard","meta":{"_sitemap_exclude":false,"_sitemap_priority":"","_sitemap_frequency":"","footnotes":""},"categories":[1],"tags":[],"class_list":["post-3338","post","type-post","status-publish","format-standard","has-post-thumbnail","hentry","category-tous"],"_links":{"self":[{"href":"http:\/\/www.affinite.fr\/index.php\/wp-json\/wp\/v2\/posts\/3338"}],"collection":[{"href":"http:\/\/www.affinite.fr\/index.php\/wp-json\/wp\/v2\/posts"}],"about":[{"href":"http:\/\/www.affinite.fr\/index.php\/wp-json\/wp\/v2\/types\/post"}],"author":[{"embeddable":true,"href":"http:\/\/www.affinite.fr\/index.php\/wp-json\/wp\/v2\/users\/1"}],"replies":[{"embeddable":true,"href":"http:\/\/www.affinite.fr\/index.php\/wp-json\/wp\/v2\/comments?post=3338"}],"version-history":[{"count":0,"href":"http:\/\/www.affinite.fr\/index.php\/wp-json\/wp\/v2\/posts\/3338\/revisions"}],"wp:featuredmedia":[{"embeddable":true,"href":"http:\/\/www.affinite.fr\/index.php\/wp-json\/wp\/v2\/media\/3339"}],"wp:attachment":[{"href":"http:\/\/www.affinite.fr\/index.php\/wp-json\/wp\/v2\/media?parent=3338"}],"wp:term":[{"taxonomy":"category","embeddable":true,"href":"http:\/\/www.affinite.fr\/index.php\/wp-json\/wp\/v2\/categories?post=3338"},{"taxonomy":"post_tag","embeddable":true,"href":"http:\/\/www.affinite.fr\/index.php\/wp-json\/wp\/v2\/tags?post=3338"}],"curies":[{"name":"wp","href":"https:\/\/api.w.org\/{rel}","templated":true}]}}