{"id":3326,"date":"2020-05-28T13:21:34","date_gmt":"2020-05-28T13:21:34","guid":{"rendered":"https:\/\/www.affinite.fr\/index.php\/2020\/05\/28\/microsoft-offre-a-cortana-son-application-dediee-dans-windows-10\/"},"modified":"2020-05-28T13:21:34","modified_gmt":"2020-05-28T13:21:34","slug":"microsoft-offre-a-cortana-son-application-dediee-dans-windows-10","status":"publish","type":"post","link":"http:\/\/www.affinite.fr\/index.php\/2020\/05\/28\/microsoft-offre-a-cortana-son-application-dediee-dans-windows-10\/","title":{"rendered":"Microsoft offre \u00e0 Cortana son application d\u00e9di\u00e9e dans Windows 10"},"content":{"rendered":"<p> [ad_1]<br \/>\n<\/p>\n<div itemprop=\"articleBody\">\n<p class=\"MsoNormal\">Cortana est d\u00e9sormais disponible sous la forme d\u2019une application d\u00e9di\u00e9e. La nouvelle mouture de l\u2019assistant vocal intelligent de Microsoft sera disponible pour tous les utilisateurs avec la mise \u00e0 jour May 2020 update de Windows 10 dont le d\u00e9ploiement est imminent.<\/p>\n<p class=\"MsoNormal\">Au programme, Cortana profite d&rsquo;une interface similaire \u00e0 une fen\u00eatre de discussion, et peut d\u00e9sormais comprendre en langage naturel les requ\u00eates dict\u00e9es ou \u00e9crites.<\/p>\n<h3 class=\"MsoNormal\" style=\"color:#333; font-family:arial,helvetica,sans-serif; font-size:23px; font-weight:700\"><strong>Cortana s\u2019\u00e9mancipe pour mieux se mettre \u00e0 jour<\/strong><\/h3>\n<p class=\"MsoNormal\">Jusqu\u2019\u00e0 maintenant, Cortana \u00e9tait \u00e9pingl\u00e9 \u00e0 la barre des t\u00e2ches de Windows 10. D\u00e9sormais, l\u2019assistant vocal de Microsoft dispose d\u2019une fen\u00eatre qui lui est propre et que l\u2019utilisateur peut d\u00e9placer et redimensionner comme n\u2019importe quelle autre application ouverte dans Windows 10. Son fonctionnement reste quant \u00e0 lui inchang\u00e9.<\/p>\n<figure class=\"figure text-center\"><img decoding=\"async\" class=\"article-img img-responsive-l\" src=\"https:\/\/img.bfmtv.com\/c\/0\/708\/e15\/61d4e12385031657d56c2271c2cda.jpg\" alt=\"\"\/><figcaption class=\"figure-caption figcaption color-txt-0 title-xs hidden-xs\"\/><\/figure>\n<p class=\"MsoNormal\">L\u2019utilisateur pourra faire appel \u00e0 Cortana en lui parlant ou en saisissant directement une commande au clavier au sein d\u2019une interface ressemblant \u00e0 une fen\u00eatre de discussion. Il sera ainsi possible de commencer une r\u00e9union, envoyer un message, cr\u00e9er un rappel, ou encore obtenir des informations tir\u00e9es d\u2019autres applications Microsoft \u00e0 l\u2019aide d\u2019une requ\u00eate vocale ou \u00e9crite dans un langage naturel.<\/p>\n<p class=\"MsoNormal\">L\u2019application, qui s\u2019appuie \u00e9galement sur Bing pour obtenir des r\u00e9ponses, est aussi capable de fournir des informations comme la m\u00e9t\u00e9o, l\u2019\u00e9volution des march\u00e9s financiers, ou tout simplement proposer des actualit\u00e9s. L\u2019arriv\u00e9e d\u2019une version ind\u00e9pendante de Cortana dans le Windows Store devrait par ailleurs permettre \u00e0 Microsoft de mettre \u00e0 jour l\u2019application de mani\u00e8re plus r\u00e9guli\u00e8re.<\/p>\n<p>\n        <iframe loading=\"lazy\" class=\"video-8bcb00f05d7f26d747ef69595c9c74d0\" width=\"560\" height=\"315\" src=\"http:\/\/www.youtube.com\/embed\/jeuRvGNOe3E\" frameborder=\"0\" allowfullscreen=\"\"><\/iframe><\/p>\n<h3 class=\"MsoNormal\" style=\"color:#333; font-family:arial,helvetica,sans-serif; font-size:23px; font-weight:700\"><strong>L\u2019avenir de Cortana se jouera dans le monde professionnel<\/strong><\/h3>\n<p class=\"MsoNormal\">Mais si le grand public semble peu attir\u00e9 par l\u2019assistant vocal de Microsoft, celui-ci pourrait trouver des utilisateurs dans le milieu professionnel. Andrew Schuman, un des responsables du d\u00e9veloppement de Cortana, a indiqu\u00e9 que Microsoft n\u2019excluait pas une int\u00e9gration de LinkedIn dans un futur plus ou moins proche.<\/p>\n<p class=\"MsoNormal\">L\u2019assistant vocal b\u00e9n\u00e9ficie par ailleurs d\u2019une int\u00e9gration plus compl\u00e8te avec les outils natifs de Microsoft comme cela a \u00e9t\u00e9 le cas avec Teams depuis 2018. Avec cet outil utilis\u00e9 principalement pas les professionnels et dont l\u2019utilisation a explos\u00e9 avec le covid-19, Cortana trouve tout son sens.<\/p>\n<p><strong>Sources : <\/strong><a href=\"https:\/\/venturebeat.com\/2020\/05\/27\/microsoft-launches-cortana-app-for-windows-10-without-amazons-alexa\/\" target=\"_blank\" rel=\"noopener noreferrer\">VentureBeat<\/a>, <a href=\"https:\/\/blogs.windows.com\/windowsexperience\/2020\/05\/27\/whats-new-in-the-windows-10-may-2020-update\/\" target=\"_blank\" rel=\"noopener noreferrer\">Microsoft<\/a><\/p><\/div>\n<p><script>\n         !function(f,b,e,v,n,t,s){if(f.fbq)return;n=f.fbq=function()\n         {n.callMethod? n.callMethod.apply(n,arguments):n.queue.push(arguments)}\n         ;if(!f._fbq)f._fbq=n;\n             n.push=n;n.loaded=!0;n.version='2.0';n.queue=[];t=b.createElement(e);t.async=!0;\n             t.src=v;s=b.getElementsByTagName(e)[0];s.parentNode.insertBefore(t,s)}(window,\n                 document,'script','https:\/\/connect.facebook.net\/en_US\/fbevents.js');\n         fbq('init', '1065890633454496');\n         fbq('track', 'PageView');\n     <\/script><br \/>\n<br \/>[ad_2]<br \/>\n<br \/><a href=\"https:\/\/www.01net.com\/actualites\/microsoft-offre-a-cortana-son-application-dediee-dans-windows-10-1921951.html\">Source link <\/a><\/p>\n","protected":false},"excerpt":{"rendered":"<p>[ad_1] Cortana est d\u00e9sormais disponible sous la forme d\u2019une application d\u00e9di\u00e9e. La nouvelle mouture de l\u2019assistant vocal intelligent de Microsoft &hellip; <a href=\"http:\/\/www.affinite.fr\/index.php\/2020\/05\/28\/microsoft-offre-a-cortana-son-application-dediee-dans-windows-10\/\" class=\"more-link\">Plus <span class=\"screen-reader-text\">Microsoft offre \u00e0 Cortana son application d\u00e9di\u00e9e dans Windows 10<\/span> <span class=\"meta-nav\">&rarr;<\/span><\/a><\/p>\n","protected":false},"author":1,"featured_media":3327,"comment_status":"open","ping_status":"open","sticky":false,"template":"","format":"standard","meta":{"_sitemap_exclude":false,"_sitemap_priority":"","_sitemap_frequency":"","footnotes":""},"categories":[1],"tags":[],"class_list":["post-3326","post","type-post","status-publish","format-standard","has-post-thumbnail","hentry","category-tous"],"_links":{"self":[{"href":"http:\/\/www.affinite.fr\/index.php\/wp-json\/wp\/v2\/posts\/3326"}],"collection":[{"href":"http:\/\/www.affinite.fr\/index.php\/wp-json\/wp\/v2\/posts"}],"about":[{"href":"http:\/\/www.affinite.fr\/index.php\/wp-json\/wp\/v2\/types\/post"}],"author":[{"embeddable":true,"href":"http:\/\/www.affinite.fr\/index.php\/wp-json\/wp\/v2\/users\/1"}],"replies":[{"embeddable":true,"href":"http:\/\/www.affinite.fr\/index.php\/wp-json\/wp\/v2\/comments?post=3326"}],"version-history":[{"count":0,"href":"http:\/\/www.affinite.fr\/index.php\/wp-json\/wp\/v2\/posts\/3326\/revisions"}],"wp:featuredmedia":[{"embeddable":true,"href":"http:\/\/www.affinite.fr\/index.php\/wp-json\/wp\/v2\/media\/3327"}],"wp:attachment":[{"href":"http:\/\/www.affinite.fr\/index.php\/wp-json\/wp\/v2\/media?parent=3326"}],"wp:term":[{"taxonomy":"category","embeddable":true,"href":"http:\/\/www.affinite.fr\/index.php\/wp-json\/wp\/v2\/categories?post=3326"},{"taxonomy":"post_tag","embeddable":true,"href":"http:\/\/www.affinite.fr\/index.php\/wp-json\/wp\/v2\/tags?post=3326"}],"curies":[{"name":"wp","href":"https:\/\/api.w.org\/{rel}","templated":true}]}}