{"id":3288,"date":"2020-05-27T17:45:36","date_gmt":"2020-05-27T17:45:36","guid":{"rendered":"https:\/\/www.affinite.fr\/index.php\/2020\/05\/27\/apple-a-trouve-pourquoi-nos-applis-nen-faisaient-qua-leur-tete\/"},"modified":"2020-05-27T17:45:36","modified_gmt":"2020-05-27T17:45:36","slug":"apple-a-trouve-pourquoi-nos-applis-nen-faisaient-qua-leur-tete","status":"publish","type":"post","link":"http:\/\/www.affinite.fr\/index.php\/2020\/05\/27\/apple-a-trouve-pourquoi-nos-applis-nen-faisaient-qua-leur-tete\/","title":{"rendered":"Apple a trouv\u00e9 pourquoi nos applis n&rsquo;en faisaient qu&rsquo;\u00e0 leur t\u00eate"},"content":{"rendered":"<p> [ad_1]<br \/>\n<br \/><img decoding=\"async\" src=\"https:\/\/img.bfmtv.com\/i\/0\/0\/4cd\/d7a7b4bd501aed4612d0cf5f65792.jpg\" \/><\/p>\n<div itemprop=\"articleBody\">\n<p>Depuis ce week-end, l&rsquo;App Store semblait avoir un peu perdu les p\u00e9dales. Entre les invitations \u00e0 r\u00e9aliser des mises \u00e0 jour en batterie alors que la veille tout allait bien et l&rsquo;impossibilit\u00e9 de lancer des applis depuis son appareil Apple pr\u00e9f\u00e9r\u00e9 pourtant bien \u00e0 jour sous iOS 13.5, les utilisateurs commen\u00e7aient \u00e0 se demander ce qui se passait.<\/p>\n<p>Cupertino a men\u00e9 <a href=\"https:\/\/www.01net.com\/actualites\/apple-un-bug-d-ios-13-5-vous-oblige-a-reinstaller-des-dizaines-d-applications-1920812.html\" target=\"_blank\" rel=\"noopener noreferrer\">son enqu\u00eate sur ce bug<\/a> et a d\u00e9cid\u00e9 de confier les r\u00e9sultats de son investigation au site am\u00e9ricain <em>TechCrunch<\/em>. Selon les d\u00e9veloppeurs de la firme \u00e0 la pomme, la cause de tous les tracas est un dysfonctionnement au niveau du <em>Partage familial<\/em>. Cette fonction permet &#8211; pour rappel &#8211; de partager du contenu en provenance d&rsquo;iTunes, d&rsquo;App Store et m\u00eame des abonnements entre 5 personnes d&rsquo;un m\u00eame foyer ou d&rsquo;une m\u00eame famille, tout en imposant des restrictions d&rsquo;acc\u00e8s aux enfants par exemple.<\/p>\n<aside class=\"bg-color-0 padding-inside-all-s bloc border-s\">\n<h4 class=\"box-txt-normal\">\n<p><strong>\u00c0 d\u00e9couvrir aussi en vid\u00e9o :<\/strong><\/p>\n<\/h4>\n<\/aside>\n<h3 style=\"color:#333; font-family:arial,helvetica,sans-serif; font-size:23px; font-weight:700\">Ouf, pas besoin d&rsquo;attendre une mise \u00e0 jour d&rsquo;iOS<\/h3>\n<p>Apple ne s&rsquo;est toutefois pas \u00e9tendu sur les causes profondes de ce souci. La soci\u00e9t\u00e9 de Tim Cook a simplement pr\u00e9cis\u00e9 que c&rsquo;\u00e9tait bien un souci d&rsquo;identification qui avait pu causer les tracas rencontr\u00e9s ces derniers jours par les utilisateurs Apple.<\/p>\n<blockquote>\n<p><strong>\u00c0 lire aussi &#8211;<\/strong> <a href=\"https:\/\/www.01net.com\/tests\/iphone-se-un-smartphone-petit-format-a-petit-prix-mais-aux-grosses-performances-6443.html\" target=\"_blank\" rel=\"noopener noreferrer\">iPhone SE : un smartphone petit format, \u00e0 petit prix&#8230; mais aux grosses performances<\/a><\/p>\n<\/blockquote>\n<p>Cupertino travaille donc \u00e0 remettre de l&rsquo;ordre dans ses bases pour que ses clients n&rsquo;aient pas \u00e0 t\u00e9l\u00e9charger \u00e0 nouveau les applis qui refusent de se lancer. Ou que les alertes de mises \u00e0 jour cessent. Les correctifs devraient \u00eatre d\u00e9ploy\u00e9s rapidement et sans avoir \u00e0 injecter une nouvelle mise \u00e0 jour d&rsquo;iOS dans les tuyaux. Une bonne nouvelle.<\/p>\n<p><strong>Source : <\/strong><a href=\"https:\/\/techcrunch.com\/2020\/05\/26\/apple-fixes-bug-that-stopped-ios-apps-from-opening\/\" target=\"_blank\" rel=\"noopener noreferrer\">TechCrunch<\/a><\/p>\n<\/p><\/div>\n<p><script>\n         !function(f,b,e,v,n,t,s){if(f.fbq)return;n=f.fbq=function()\n         {n.callMethod? n.callMethod.apply(n,arguments):n.queue.push(arguments)}\n         ;if(!f._fbq)f._fbq=n;\n             n.push=n;n.loaded=!0;n.version='2.0';n.queue=[];t=b.createElement(e);t.async=!0;\n             t.src=v;s=b.getElementsByTagName(e)[0];s.parentNode.insertBefore(t,s)}(window,\n                 document,'script','https:\/\/connect.facebook.net\/en_US\/fbevents.js');\n         fbq('init', '1065890633454496');\n         fbq('track', 'PageView');\n     <\/script><br \/>\n<br \/>[ad_2]<br \/>\n<br \/><a href=\"https:\/\/www.01net.com\/actualites\/bug-d-ios-13-5-apple-a-trouve-pourquoi-nos-applis-n-en-faisaient-qu-a-leur-tete-1921233.html\">Source link <\/a><\/p>\n","protected":false},"excerpt":{"rendered":"<p>[ad_1] Depuis ce week-end, l&rsquo;App Store semblait avoir un peu perdu les p\u00e9dales. Entre les invitations \u00e0 r\u00e9aliser des mises &hellip; <a href=\"http:\/\/www.affinite.fr\/index.php\/2020\/05\/27\/apple-a-trouve-pourquoi-nos-applis-nen-faisaient-qua-leur-tete\/\" class=\"more-link\">Plus <span class=\"screen-reader-text\">Apple a trouv\u00e9 pourquoi nos applis n&rsquo;en faisaient qu&rsquo;\u00e0 leur t\u00eate<\/span> <span class=\"meta-nav\">&rarr;<\/span><\/a><\/p>\n","protected":false},"author":1,"featured_media":3289,"comment_status":"open","ping_status":"open","sticky":false,"template":"","format":"standard","meta":{"_sitemap_exclude":false,"_sitemap_priority":"","_sitemap_frequency":"","footnotes":""},"categories":[1],"tags":[],"class_list":["post-3288","post","type-post","status-publish","format-standard","has-post-thumbnail","hentry","category-tous"],"_links":{"self":[{"href":"http:\/\/www.affinite.fr\/index.php\/wp-json\/wp\/v2\/posts\/3288"}],"collection":[{"href":"http:\/\/www.affinite.fr\/index.php\/wp-json\/wp\/v2\/posts"}],"about":[{"href":"http:\/\/www.affinite.fr\/index.php\/wp-json\/wp\/v2\/types\/post"}],"author":[{"embeddable":true,"href":"http:\/\/www.affinite.fr\/index.php\/wp-json\/wp\/v2\/users\/1"}],"replies":[{"embeddable":true,"href":"http:\/\/www.affinite.fr\/index.php\/wp-json\/wp\/v2\/comments?post=3288"}],"version-history":[{"count":0,"href":"http:\/\/www.affinite.fr\/index.php\/wp-json\/wp\/v2\/posts\/3288\/revisions"}],"wp:featuredmedia":[{"embeddable":true,"href":"http:\/\/www.affinite.fr\/index.php\/wp-json\/wp\/v2\/media\/3289"}],"wp:attachment":[{"href":"http:\/\/www.affinite.fr\/index.php\/wp-json\/wp\/v2\/media?parent=3288"}],"wp:term":[{"taxonomy":"category","embeddable":true,"href":"http:\/\/www.affinite.fr\/index.php\/wp-json\/wp\/v2\/categories?post=3288"},{"taxonomy":"post_tag","embeddable":true,"href":"http:\/\/www.affinite.fr\/index.php\/wp-json\/wp\/v2\/tags?post=3288"}],"curies":[{"name":"wp","href":"https:\/\/api.w.org\/{rel}","templated":true}]}}