{"id":3271,"date":"2020-05-27T09:22:23","date_gmt":"2020-05-27T09:22:23","guid":{"rendered":"https:\/\/www.affinite.fr\/index.php\/2020\/05\/27\/la-future-peugeot-e-3008-sera-made-in-france\/"},"modified":"2020-05-27T09:22:23","modified_gmt":"2020-05-27T09:22:23","slug":"la-future-peugeot-e-3008-sera-made-in-france","status":"publish","type":"post","link":"http:\/\/www.affinite.fr\/index.php\/2020\/05\/27\/la-future-peugeot-e-3008-sera-made-in-france\/","title":{"rendered":"la future Peugeot e-3008 sera \u00ab\u00a0Made in France\u00a0\u00bb"},"content":{"rendered":"<p> [ad_1]<br \/>\n<br \/><img decoding=\"async\" src=\"https:\/\/img.bfmtv.com\/i\/0\/0\/9be\/9c4ce8b840bf2eefc9c27853bad9b.jpeg\" \/><\/p>\n<div itemprop=\"articleBody\">\n<p>C\u2019est une annonce \u00e0 mettre en relation directe avec <a href=\"https:\/\/www.01net.com\/actualites\/bonus-de-7000-euros-meilleure-prime-a-la-conversion-le-plan-d-aide-au-secteur-auto-booste-la-voiture-electrique-1921090.html\" target=\"_blank\" rel=\"noopener noreferrer\">le plan de sauvetage de l\u2019industrie automobile annonc\u00e9 par Emmanuel Macron<\/a>. En contrepartie des 8 milliards d\u2019aide d\u00e9bloqu\u00e9s par l\u2019\u00e9tat, le pr\u00e9sident de la R\u00e9publique voulait des garanties de relocalisation de la production et de r\u00e9indutrialisation de la fili\u00e8re : la fabrication de la version 100% \u00e9lectrique de la 3008 en France en est une. En effet, en marge des annonces gouvernementales, le constructeur au lion a confirm\u00e9 que son SUV \u00e9lectrique sera assembl\u00e9e dans l\u2019usine de Sochaux \u00e0 partir de 2022-23. Actuellement, PSA ne produit aucune voiture hybride ou \u00e9lectrique en France. La petite soeur de la future e-3008, la e-2008 est, par exemple, assembl\u00e9e \u00e0 Vigo en Espagne.\u00a0<\/p>\n<h3 style=\"color:#333; font-family:arial,helvetica,sans-serif; font-size:23px; font-weight:700\">\u00ab\u00a0Made in France\u00a0\u00bb certes,\u00a0mais pas avant 2022<\/h3>\n<p>PSA n\u2019est pas le seul constructeur \u00e0 avoir pris des engagements de la sorte. Son principal concurrent, Renault, aurait d\u00e9j\u00e0 consenti \u00e0 rapatrier en France\u00a0la conception de son prochain moteur \u00e9lectrique, et \u00e0 tripler sa production de v\u00e9hicules \u00e9lectriques d\u2019ici 2022. Des annonces qui devraient \u00eatre confirm\u00e9es par le Losange vendredi en m\u00eame temps qu\u2019une probable suppression de 5 000 postes.<\/p>\n<aside class=\"bg-color-0 padding-inside-all-s bloc border-s\">\n<h4 class=\"box-txt-normal\">\n<p><strong>\u00c0 d\u00e9couvrir aussi en vid\u00e9o :<\/strong><\/p>\n<\/h4>\n<\/aside>\n<p>Quant \u00e0 l\u2019e-3008, si l\u2019annonce est bien r\u00e9elle, sa concr\u00e9tisation devra attendre au minimum deux ans. En effet, pour l\u2019instant, le v\u00e9hicule en est au stade de la conception. La plateforme modulaire EMP2 qui permet d\u2019accueillir tout type de motorisation sera forc\u00e9ment le point de d\u00e9part mais le constructeur souhaiterait \u00e9quiper son futur SUV du nouveau moteur \u00e9lectrique de Nidec ainsi que de batteries produites par Saft (propri\u00e9t\u00e9 de Total). La e-3008 sera bien \u00ab\u00a0Made in France\u00a0\u00bb, mais pas tout suite.\u00a0<\/p>\n<\/p><\/div>\n<p><script>\n         !function(f,b,e,v,n,t,s){if(f.fbq)return;n=f.fbq=function()\n         {n.callMethod? n.callMethod.apply(n,arguments):n.queue.push(arguments)}\n         ;if(!f._fbq)f._fbq=n;\n             n.push=n;n.loaded=!0;n.version='2.0';n.queue=[];t=b.createElement(e);t.async=!0;\n             t.src=v;s=b.getElementsByTagName(e)[0];s.parentNode.insertBefore(t,s)}(window,\n                 document,'script','https:\/\/connect.facebook.net\/en_US\/fbevents.js');\n         fbq('init', '1065890633454496');\n         fbq('track', 'PageView');\n     <\/script><br \/>\n<br \/>[ad_2]<br \/>\n<br \/><a href=\"https:\/\/www.01net.com\/actualites\/voiture-electrique-la-future-peugeot-e-3008-sera-made-in-france-1921276.html\">Source link <\/a><\/p>\n","protected":false},"excerpt":{"rendered":"<p>[ad_1] C\u2019est une annonce \u00e0 mettre en relation directe avec le plan de sauvetage de l\u2019industrie automobile annonc\u00e9 par Emmanuel &hellip; <a href=\"http:\/\/www.affinite.fr\/index.php\/2020\/05\/27\/la-future-peugeot-e-3008-sera-made-in-france\/\" class=\"more-link\">Plus <span class=\"screen-reader-text\">la future Peugeot e-3008 sera \u00ab\u00a0Made in France\u00a0\u00bb<\/span> <span class=\"meta-nav\">&rarr;<\/span><\/a><\/p>\n","protected":false},"author":1,"featured_media":3272,"comment_status":"open","ping_status":"open","sticky":false,"template":"","format":"standard","meta":{"_sitemap_exclude":false,"_sitemap_priority":"","_sitemap_frequency":"","footnotes":""},"categories":[1],"tags":[],"class_list":["post-3271","post","type-post","status-publish","format-standard","has-post-thumbnail","hentry","category-tous"],"_links":{"self":[{"href":"http:\/\/www.affinite.fr\/index.php\/wp-json\/wp\/v2\/posts\/3271"}],"collection":[{"href":"http:\/\/www.affinite.fr\/index.php\/wp-json\/wp\/v2\/posts"}],"about":[{"href":"http:\/\/www.affinite.fr\/index.php\/wp-json\/wp\/v2\/types\/post"}],"author":[{"embeddable":true,"href":"http:\/\/www.affinite.fr\/index.php\/wp-json\/wp\/v2\/users\/1"}],"replies":[{"embeddable":true,"href":"http:\/\/www.affinite.fr\/index.php\/wp-json\/wp\/v2\/comments?post=3271"}],"version-history":[{"count":0,"href":"http:\/\/www.affinite.fr\/index.php\/wp-json\/wp\/v2\/posts\/3271\/revisions"}],"wp:featuredmedia":[{"embeddable":true,"href":"http:\/\/www.affinite.fr\/index.php\/wp-json\/wp\/v2\/media\/3272"}],"wp:attachment":[{"href":"http:\/\/www.affinite.fr\/index.php\/wp-json\/wp\/v2\/media?parent=3271"}],"wp:term":[{"taxonomy":"category","embeddable":true,"href":"http:\/\/www.affinite.fr\/index.php\/wp-json\/wp\/v2\/categories?post=3271"},{"taxonomy":"post_tag","embeddable":true,"href":"http:\/\/www.affinite.fr\/index.php\/wp-json\/wp\/v2\/tags?post=3271"}],"curies":[{"name":"wp","href":"https:\/\/api.w.org\/{rel}","templated":true}]}}