{"id":3256,"date":"2020-05-26T22:54:20","date_gmt":"2020-05-26T22:54:20","guid":{"rendered":"https:\/\/www.affinite.fr\/index.php\/2020\/05\/26\/sony-annonce-le-vlog-zv-1-un-compact-transforme-en-camera-pour-youtubeur\/"},"modified":"2020-05-26T22:54:20","modified_gmt":"2020-05-26T22:54:20","slug":"sony-annonce-le-vlog-zv-1-un-compact-transforme-en-camera-pour-youtubeur","status":"publish","type":"post","link":"http:\/\/www.affinite.fr\/index.php\/2020\/05\/26\/sony-annonce-le-vlog-zv-1-un-compact-transforme-en-camera-pour-youtubeur\/","title":{"rendered":"Sony annonce le Vlog\u00a0ZV-1, un compact transform\u00e9 en cam\u00e9ra pour YouTubeur"},"content":{"rendered":"<p> [ad_1]<br \/>\n<\/p>\n<div itemprop=\"articleBody\">\n<p>Face \u00e0 la mode du vlogging, la vid\u00e9o \u00e0 la premi\u00e8re personne, Sony a fouill\u00e9 dans sa bo\u00eete \u00e0 outils technologiques pour finalement annoncer aujourd\u2019hui son Vlog\u00a0ZV-1. Point de mention \u00ab\u2009Cyber-shot\u2009\u00bb notez bien, mais un nouveau \u00ab\u2009Vlog\u2009\u00bb qui illustre l\u2019usage premier de ce \u00ab\u2009compact\u2009\u00bb qui n\u2019a pas vocation \u00e0 remplacer les bo\u00eetiers plus photo, mais \u00e0 cr\u00e9er une gamme.<\/p>\n<figure class=\"figure text-center\"><img decoding=\"async\" class=\"article-img img-responsive-l\" src=\"https:\/\/img.bfmtv.com\/c\/700\/485\/00c7c\/376d176cdd71b756742e75e935c.jpg\" alt=\"\"\/><figcaption class=\"figure-caption figcaption color-txt-0 title-xs hidden-xs\"\/><\/figure>\n<p>De la famille Cyber-shot, il r\u00e9cup\u00e8re pourtant bien des \u00e9l\u00e9ments\u00a0: l\u2019optique en premier lieu, qui n\u2019est rien de moins que l\u2019\u00e9quivalent 24-70\u00a0mm f\/1.8-2.8 qui avait \u00e9t\u00e9 introduit par le RX100 Mark\u00a0III en 2014. Le capteur ensuite est peu ou prou le m\u00eame que celui du RX100 Mark\u00a0IV, un CMOS Exmor RS de 20\u00a0Mpix. Un capteur dont la technologie dite \u00ab\u2009empil\u00e9e\u2009\u00bb (stacked CMOS sensor) lui offre des vitesses de lecture sans \u00e9gale\u00a0dans l\u2019industrie.<\/p>\n<figure class=\"figure text-center\"><img decoding=\"async\" class=\"article-img img-responsive-l\" src=\"https:\/\/img.bfmtv.com\/c\/700\/341\/5dc\/d72192c7199890bebb24a9d09a126.jpg\" alt=\"\"\/><figcaption class=\"figure-caption figcaption color-txt-0 title-xs hidden-xs\"\/><\/figure>\n<p>Finalement, il y le processeur, un Bionz X h\u00e9rit\u00e9 du RX100 Mark\u00a0VI, ce m\u00eame processeur qui est au c\u0153ur des performances folles de l\u2019Alpha\u00a0A9. Rien de neuf donc,\u00a0mais des \u00e9l\u00e9ments toujours tr\u00e8s performants et \u00e9prouv\u00e9s.<br \/>Le capteur 1\u00a0pouce de Sony a toujours fait des merveilles tout du long de ses diff\u00e9rentes it\u00e9rations et surclasse non seulement les smartphones et autres webcams, mais en plein jour il \u00e9gale largement les petits hybrides et reflex gr\u00e2ce \u00e0 son excellente optique \u2014 il souffre un peu plus en basses lumi\u00e8res.<\/p>\n<figure class=\"figure text-center\"><img decoding=\"async\" class=\"article-img img-responsive-l\" src=\"https:\/\/img.bfmtv.com\/c\/1200\/800\/b98\/1b01da9a2491bd973546828b2d11d.jpg\" alt=\"\"\/><figcaption class=\"figure-caption figcaption color-txt-0 title-xs hidden-xs\"\/><\/figure>\n<p>Les nouveaut\u00e9s sont majoritairement ergonomiques et logicielles, m\u00eame s\u2019il y a des am\u00e9liorations du c\u00f4t\u00e9 du son. Le plus gros \u00e9l\u00e9ment diff\u00e9rentiant par rapport aux RX100 est l\u2019\u00e9cran tactile orientable.<br \/>Mont\u00e9 sur rotule qui se d\u00e9porte sur le c\u00f4t\u00e9, il peut ainsi \u00eatre tourn\u00e9 vers soi afin de se cadrer proprement. Outre un bouton large et facilement accessible sur le dessus de l\u2019appareil pour lancer l\u2019enregistrement vid\u00e9o, Sony a ajout\u00e9 une LED rouge en fa\u00e7ade pour \u00eatre bien s\u00fbr que \u00e7a tourne. Des d\u00e9tails qui peuvent faire la diff\u00e9rence.<\/p>\n<h3 style=\"color:#333;font-family:arial,helvetica,sans-serif;font-size:23px;font-weight:700;\">Priorit\u00e9 \u00e0 vous<\/h3>\n<figure class=\"figure text-center\"><img decoding=\"async\" class=\"article-img img-responsive-l\" src=\"https:\/\/img.bfmtv.com\/c\/1200\/776\/2fe\/d749f5cee6a672c19ae9780f7623e.jpg\" alt=\"\"\/><figcaption class=\"figure-caption figcaption color-txt-0 title-xs hidden-xs\"\/><\/figure>\n<p>Essentiellement d\u00e9di\u00e9 \u00e0 faire le point sur le sujet principal qui est vous-m\u00eame, le ZV1 a mis le paquet sur le visage. C\u00f4t\u00e9 AF, notamment, avec le fameux EyeAF des bo\u00eetiers Alpha qui est capable de maintenir la mise au point sur l\u2019\u0153il du sujet\u00a0en quasiment toute circonstance. Sony a toujours une \u00e0 deux bonnes longueurs d\u2019avance sur la comp\u00e9tition dans ce domaine, il ne s\u2019agit pas de rodomontade\u00a0marketing. Mais outre le l\u00e9ger arri\u00e8re-plan flou que peut procurer le \u00ab\u2009petit\u2009\u00bb grand capteur 1\u00a0pouce et cette optique qui ouvre bien grand (ne vous leurrez pas, vous n\u2019aurez pas le rendu d\u2019un appareil \u00e0 capteur plein format), les am\u00e9liorations sur lesquels Sony est attendu au tournant sont les couleurs et l\u2019exposition.<\/p>\n<p>Les couleurs, que Sony promet \u00ab\u2009optimis\u00e9es pour les tons chair\u2009\u00bb. Il nous faudra \u00e9videmment v\u00e9rifier la v\u00e9racit\u00e9 de ces dires, car la marque est g\u00e9n\u00e9ralement critiqu\u00e9e pour ses tons froids. L\u2019exposition ensuite, car de nombreux vloggeurs shootent en marchant. Et ici Sony promet avoir mis en place des algorithmes qui maintiennent le visage toujours bien expos\u00e9, m\u00eame en entr\u00e9e\/sortie de tunnel, par exemple.<\/p>\n<p>La ma\u00eetrise de l\u2019autofocus par Sony leur permet aussi d\u2019impl\u00e9menter une fonction pratique pour les vloggeurs qui pr\u00e9sentent des produits\u00a0: le mode Showcase. Une fois activ\u00e9, l\u2019appareil d\u00e9tecte automatiquement tout objet pr\u00e9sent\u00e9 en avant du visage afin de faire la mise au point tr\u00e8s rapidement dessus.<\/p>\n<h3 style=\"color:#333;font-family:arial,helvetica,sans-serif;font-size:23px;font-weight:700;\">Nouvelle stabilisation \u00e9lectronique<\/h3>\n<p>Quoi que ne profitant pas d\u2019une stabilisation m\u00e9canique \u00e0 l\u2019image des appareils photo hybrides, le Vlog\u00a0ZV1 affiche de belles ambitions. A savoir une stabilisation \u00ab\u2009x8 sup\u00e9rieure en 4K au SteadyShot standard\u00a0et x11 sup\u00e9rieure en Full HD\u2009\u00bb.<br \/>Une belle promesse qui aurait sembl\u00e9 folle il y a quelques ann\u00e9es avant l\u2019av\u00e8nement des smartphones. Car pour ceux-ci, les constructeurs ont d\u00e9velopp\u00e9 de puissants algorithmes de stabilisation \u00e9lectronique de l\u2019image \u2014 et \u00e7a tombe bien, le processeur Bionz X est puissant. La seule inconnue \u00e9tant la pr\u00e9sence \u2014 ou l&rsquo;absence \u2014 d\u2019un recadrage en cas d\u2019utilisation de cette nouvelle stabilisation, les smartphones ayant, eux, besoin de \u00ab\u2009gras\u2009\u00bb sur les bords pour corriger la stabilit\u00e9 d\u2019image.<\/p>\n<p>C\u00f4t\u00e9 vid\u00e9o, Sony a mis toutes les options dont elle dispose, \u00e0 savoir une lecture vid\u00e9o plein capteur, l\u2019encodage\u00a04K XAVC S et la ribambelle de profils vid\u00e9o (Hybrid Log-Gamma pour le HDR, S-Gamut3.Cine, S-Log3, S-Gamut3) d\u00e9di\u00e9 au travail des couleurs a\u00a0posteriori.<\/p>\n<h3 style=\"color:#333;font-family:arial,helvetica,sans-serif;font-size:23px;font-weight:700;\">L\u2019audio \u00e0 la f\u00eate<\/h3>\n<figure class=\"figure text-center\"><img decoding=\"async\" class=\"article-img img-responsive-l\" src=\"https:\/\/img.bfmtv.com\/c\/1200\/800\/764\/43249b44c984a9313641d9afefec0.jpg\" alt=\"\"\/><figcaption class=\"figure-caption figcaption color-txt-0 title-xs hidden-xs\"\/><\/figure>\n<p>Du c\u00f4t\u00e9 de la captation sonore, le Vlog\u00a0ZV1 est loin d\u2019\u00eatre manchot. La principale nouveaut\u00e9 de l\u2019animal est son microphone directionnel \u00e0 trois capsules plac\u00e9 sur le dessus de l\u2019appareil \u2014 ce qui a forc\u00e9 les ing\u00e9nieurs \u00e0 d\u00e9placer la griffe flash. Un microphone d\u2019un format extra-plat parfaitement int\u00e9gr\u00e9 \u00e0 l\u2019appareil et qui profite d\u2019une bonnette pare-vent livr\u00e9e dans la bo\u00eete.<\/p>\n<p>Sony oblige, la griffe porte-accessoire peut elle aussi recevoir un micro num\u00e9rique gr\u00e2ce \u00e0 ses contacteurs (prise MI, pour Multimedia Interface) ou analogique gr\u00e2ce \u00e0 l\u2019entr\u00e9e microphone jack 3,5\u00a0mm plac\u00e9e sur le c\u00f4t\u00e9 de l\u2019appareil.<\/p>\n<h3 style=\"color:#333; font-family:arial,helvetica,sans-serif; font-size:23px; font-weight:700\">Vilain Micro USB<\/h3>\n<figure class=\"figure text-center\"><img decoding=\"async\" class=\"article-img img-responsive-l\" src=\"https:\/\/img.bfmtv.com\/c\/1200\/800\/ac0724\/fdc5e27abf5b71699debfbf762.jpg\" alt=\"\"\/><figcaption class=\"figure-caption figcaption color-txt-0 title-xs hidden-xs\"\/><\/figure>\n<p>Un petit \u00e9l\u00e9ment fait grincer des dents, \u00e0 savoir une erreur mat\u00e9rielle\u00a0: l\u2019utilisation d\u2019une prise Micro USB. Une prise qui n\u2019avait d\u00e9j\u00e0 plus trop sa place dans un bo\u00eetier en 2018\/2019, mais qui est presque anachronique mi-2020. Cette prise a sans doute \u00e9t\u00e9 pr\u00e9f\u00e9r\u00e9e \u00e0 l\u2019USB C \u2014 qui est plus rapide en d\u00e9bit de donn\u00e9es comme en charge \u00e9lectrique, plus r\u00e9sistant m\u00e9caniquement, etc. \u2014 pour pr\u00e9server la compatibilit\u00e9 avec le grip vlogging d\u00e9j\u00e0 existant.<br \/>Sony aurait gagn\u00e9 \u00e0 proposer une fiche technique \u00e0 jour dans son bo\u00eetier et livrer un adaptateur USB-C &gt; Micro USB pour ceux qui veulent utiliser l\u2019accessoire.<\/p>\n<aside class=\"bg-color-0 padding-inside-all-s bloc border-s\">\n<h4 class=\"box-txt-normal\">\n<div class=\"\">\n<p><strong>\u00c0 d\u00e9couvrir aussi en vid\u00e9o<\/strong><\/p>\n<\/div>\n<\/h4>\n<\/aside>\n<p>Bon point c\u00f4t\u00e9 logiciel en revanche\u00a0: d\u00e8s le mois de juillet, un logiciel PC sera gratuitement \u00e0 la disposition des utilisateurs pour utiliser le ZV-1 comme webcam \u00ab\u2009de luxe\u2009\u00bb.<br \/>Non seulement c\u2019est tr\u00e8s bien de pouvoir \u00ab\u2009recycler\u2009\u00bb un appareil vid\u00e9o pour un tel usage \u00e0 l\u2019\u00e8re o\u00f9 le t\u00e9l\u00e9travail va s\u2019acc\u00e9l\u00e9rer, mais cela repr\u00e9sente aussi une simplification du flux de travail pour les vloggeurs pros, qui n\u2019auront qu\u2019un seul profil de couleur \u00e0 g\u00e9rer dans leur cha\u00eene de montage vid\u00e9o. Pas d&rsquo;informations en revanche quant \u00e0 une version macOS.<\/p>\n<p>Le Sony Vlog\u00a0ZV-1 sera disponible d\u00e8s le mois de juin \u00e0 800\u00a0euros.<\/p>\n<\/p><\/div>\n<p><script>\n         !function(f,b,e,v,n,t,s){if(f.fbq)return;n=f.fbq=function()\n         {n.callMethod? n.callMethod.apply(n,arguments):n.queue.push(arguments)}\n         ;if(!f._fbq)f._fbq=n;\n             n.push=n;n.loaded=!0;n.version='2.0';n.queue=[];t=b.createElement(e);t.async=!0;\n             t.src=v;s=b.getElementsByTagName(e)[0];s.parentNode.insertBefore(t,s)}(window,\n                 document,'script','https:\/\/connect.facebook.net\/en_US\/fbevents.js');\n         fbq('init', '1065890633454496');\n         fbq('track', 'PageView');\n     <\/script><br \/>\n<br \/>[ad_2]<br \/>\n<br \/><a href=\"https:\/\/www.01net.com\/actualites\/sony-annonce-le-vlogzv-1-un-compact-transforme-en-camera-de-vlogging-1920874.html\">Source link <\/a><\/p>\n","protected":false},"excerpt":{"rendered":"<p>[ad_1] Face \u00e0 la mode du vlogging, la vid\u00e9o \u00e0 la premi\u00e8re personne, Sony a fouill\u00e9 dans sa bo\u00eete \u00e0 &hellip; <a href=\"http:\/\/www.affinite.fr\/index.php\/2020\/05\/26\/sony-annonce-le-vlog-zv-1-un-compact-transforme-en-camera-pour-youtubeur\/\" class=\"more-link\">Plus <span class=\"screen-reader-text\">Sony annonce le Vlog\u00a0ZV-1, un compact transform\u00e9 en cam\u00e9ra pour YouTubeur<\/span> <span class=\"meta-nav\">&rarr;<\/span><\/a><\/p>\n","protected":false},"author":1,"featured_media":3257,"comment_status":"open","ping_status":"open","sticky":false,"template":"","format":"standard","meta":{"_sitemap_exclude":false,"_sitemap_priority":"","_sitemap_frequency":"","footnotes":""},"categories":[1],"tags":[],"class_list":["post-3256","post","type-post","status-publish","format-standard","has-post-thumbnail","hentry","category-tous"],"_links":{"self":[{"href":"http:\/\/www.affinite.fr\/index.php\/wp-json\/wp\/v2\/posts\/3256"}],"collection":[{"href":"http:\/\/www.affinite.fr\/index.php\/wp-json\/wp\/v2\/posts"}],"about":[{"href":"http:\/\/www.affinite.fr\/index.php\/wp-json\/wp\/v2\/types\/post"}],"author":[{"embeddable":true,"href":"http:\/\/www.affinite.fr\/index.php\/wp-json\/wp\/v2\/users\/1"}],"replies":[{"embeddable":true,"href":"http:\/\/www.affinite.fr\/index.php\/wp-json\/wp\/v2\/comments?post=3256"}],"version-history":[{"count":0,"href":"http:\/\/www.affinite.fr\/index.php\/wp-json\/wp\/v2\/posts\/3256\/revisions"}],"wp:featuredmedia":[{"embeddable":true,"href":"http:\/\/www.affinite.fr\/index.php\/wp-json\/wp\/v2\/media\/3257"}],"wp:attachment":[{"href":"http:\/\/www.affinite.fr\/index.php\/wp-json\/wp\/v2\/media?parent=3256"}],"wp:term":[{"taxonomy":"category","embeddable":true,"href":"http:\/\/www.affinite.fr\/index.php\/wp-json\/wp\/v2\/categories?post=3256"},{"taxonomy":"post_tag","embeddable":true,"href":"http:\/\/www.affinite.fr\/index.php\/wp-json\/wp\/v2\/tags?post=3256"}],"curies":[{"name":"wp","href":"https:\/\/api.w.org\/{rel}","templated":true}]}}