{"id":3220,"date":"2020-05-26T00:38:42","date_gmt":"2020-05-26T00:38:42","guid":{"rendered":"https:\/\/www.affinite.fr\/index.php\/2020\/05\/26\/cest-parti-pour-la-mx-30-la-premiere-voiture-100-electrique-de-mazda\/"},"modified":"2020-05-26T00:38:42","modified_gmt":"2020-05-26T00:38:42","slug":"cest-parti-pour-la-mx-30-la-premiere-voiture-100-electrique-de-mazda","status":"publish","type":"post","link":"http:\/\/www.affinite.fr\/index.php\/2020\/05\/26\/cest-parti-pour-la-mx-30-la-premiere-voiture-100-electrique-de-mazda\/","title":{"rendered":"C\u2019est parti pour la MX-30, la premi\u00e8re voiture 100% \u00e9lectrique de Mazda"},"content":{"rendered":"<p> [ad_1]<br \/>\n<br \/><img decoding=\"async\" src=\"https:\/\/img.bfmtv.com\/i\/0\/0\/a91\/5794347533c3a8831adcd5365c54f.jpg\" \/><\/p>\n<div itemprop=\"articleBody\">\n<p>Mazda aura mis le temps avant de prendre le virage de l\u2019\u00e9lectrique,\u00a0mais c\u2019\u00e9tait pour mieux y mettre les formes. Le premier v\u00e9hicule z\u00e9ro \u00e9mission du constructeur japonais a d\u00e9but\u00e9 sa production dans l\u2019usine embl\u00e9matique d\u2019Ujina. <a href=\"https:\/\/www.01net.com\/actualites\/mazda-lancera-sa-premiere-voiture-electrique-en-2020-1709041.html\" target=\"_blank\" rel=\"noopener noreferrer\">La MX-30 sera un SUV, certes 100% \u00e9lectrique<\/a> comme tant d\u2019autres, mais avec des traits bien particuliers, \u00e0 commencer par ses portes \u00e0 ouverture antagoniste. Ce choix, surtout pratique, a bien des cons\u00e9quences sur le plan esth\u00e9tique, la familiale du Japonais \u00e9tant assez diff\u00e9rente de ses concurrentes. Quant \u00e0 l\u2019habitacle, il sera r\u00e9alis\u00e9 essentiellement \u00e0 partir de mat\u00e9riaux recycl\u00e9s et de li\u00e8ge. L\u00e0 aussi, Mazda veut mettre en avant sa singularit\u00e9.<\/p>\n<h3 style=\"color:#333; font-family:arial,helvetica,sans-serif; font-size:23px; font-weight:700\">Le pari risqu\u00e9 d&rsquo;une autonomie r\u00e9duite<\/h3>\n<p>Mais c\u2019est sous le capot que se trouve ce qui fait la particularit\u00e9 de la MX-30, \u00e0 savoir la premi\u00e8re motorisation \u00e9lectrique de la marque, l\u2019e-Skyactiv. Le petit SUV embarquera donc un moteur de 107 kW (145 ch) auquel sera accol\u00e9 une batterie \u00e9tonnement petite. En effet, les 35,5 kWh du pack de la MX-30 limiteront son autonomie \u00e0 200 km (WLTP). Ce point pourrait \u00eatre un frein \u00e0 l\u2019heure ou les principaux concurrents communiquent sur un chiffre presque deux fois plus important. Mazda proposera bien un prolongateur d\u2019autonomie en option (le fameux moteur rotatif\u00a0 Wankel) mais est-ce que ce sera suffisant pour convaincre ?\u00a0<\/p>\n<aside class=\"bg-color-0 padding-inside-all-s bloc border-s\">\n<h4 class=\"box-txt-normal\">\n<p><strong>\u00c0 d\u00e9couvrir aussi en vid\u00e9o :<\/strong><\/p>\n<\/h4>\n<\/aside>\n<p>Comment le constructeur japonais compte-t-il justifier ce choix d\u2019une batterie r\u00e9duite ? D\u2019une part en arguant qu\u2019un utilisateur d\u00e9passe rarement les 50 km quotidiens, mais surtout en faisant valoir les \u00e9conomies sur le poids de la voiture et sur son prix. En effet, la MX-30 sera vendue 34 400 euros, hors bonus \u00e9cologiques (6 000 euros).<\/p>\n<\/p><\/div>\n<p><script>\n         !function(f,b,e,v,n,t,s){if(f.fbq)return;n=f.fbq=function()\n         {n.callMethod? n.callMethod.apply(n,arguments):n.queue.push(arguments)}\n         ;if(!f._fbq)f._fbq=n;\n             n.push=n;n.loaded=!0;n.version='2.0';n.queue=[];t=b.createElement(e);t.async=!0;\n             t.src=v;s=b.getElementsByTagName(e)[0];s.parentNode.insertBefore(t,s)}(window,\n                 document,'script','https:\/\/connect.facebook.net\/en_US\/fbevents.js');\n         fbq('init', '1065890633454496');\n         fbq('track', 'PageView');\n     <\/script><br \/>\n<br \/>[ad_2]<br \/>\n<br \/><a href=\"https:\/\/www.01net.com\/actualites\/c-est-parti-pour-la-mx-30-la-premiere-voiture-100percent-electrique-de-mazda-1920386.html\">Source link <\/a><\/p>\n","protected":false},"excerpt":{"rendered":"<p>[ad_1] Mazda aura mis le temps avant de prendre le virage de l\u2019\u00e9lectrique,\u00a0mais c\u2019\u00e9tait pour mieux y mettre les formes. &hellip; <a href=\"http:\/\/www.affinite.fr\/index.php\/2020\/05\/26\/cest-parti-pour-la-mx-30-la-premiere-voiture-100-electrique-de-mazda\/\" class=\"more-link\">Plus <span class=\"screen-reader-text\">C\u2019est parti pour la MX-30, la premi\u00e8re voiture 100% \u00e9lectrique de Mazda<\/span> <span class=\"meta-nav\">&rarr;<\/span><\/a><\/p>\n","protected":false},"author":1,"featured_media":3221,"comment_status":"open","ping_status":"open","sticky":false,"template":"","format":"standard","meta":{"_sitemap_exclude":false,"_sitemap_priority":"","_sitemap_frequency":"","footnotes":""},"categories":[1],"tags":[],"class_list":["post-3220","post","type-post","status-publish","format-standard","has-post-thumbnail","hentry","category-tous"],"_links":{"self":[{"href":"http:\/\/www.affinite.fr\/index.php\/wp-json\/wp\/v2\/posts\/3220"}],"collection":[{"href":"http:\/\/www.affinite.fr\/index.php\/wp-json\/wp\/v2\/posts"}],"about":[{"href":"http:\/\/www.affinite.fr\/index.php\/wp-json\/wp\/v2\/types\/post"}],"author":[{"embeddable":true,"href":"http:\/\/www.affinite.fr\/index.php\/wp-json\/wp\/v2\/users\/1"}],"replies":[{"embeddable":true,"href":"http:\/\/www.affinite.fr\/index.php\/wp-json\/wp\/v2\/comments?post=3220"}],"version-history":[{"count":0,"href":"http:\/\/www.affinite.fr\/index.php\/wp-json\/wp\/v2\/posts\/3220\/revisions"}],"wp:featuredmedia":[{"embeddable":true,"href":"http:\/\/www.affinite.fr\/index.php\/wp-json\/wp\/v2\/media\/3221"}],"wp:attachment":[{"href":"http:\/\/www.affinite.fr\/index.php\/wp-json\/wp\/v2\/media?parent=3220"}],"wp:term":[{"taxonomy":"category","embeddable":true,"href":"http:\/\/www.affinite.fr\/index.php\/wp-json\/wp\/v2\/categories?post=3220"},{"taxonomy":"post_tag","embeddable":true,"href":"http:\/\/www.affinite.fr\/index.php\/wp-json\/wp\/v2\/tags?post=3220"}],"curies":[{"name":"wp","href":"https:\/\/api.w.org\/{rel}","templated":true}]}}