{"id":3218,"date":"2020-05-25T23:33:51","date_gmt":"2020-05-25T23:33:51","guid":{"rendered":"https:\/\/www.affinite.fr\/index.php\/2020\/05\/25\/en-pleine-guerre-technologique-usa-chine-un-processeur-xeon-chinois-apparait\/"},"modified":"2020-05-25T23:33:51","modified_gmt":"2020-05-25T23:33:51","slug":"en-pleine-guerre-technologique-usa-chine-un-processeur-xeon-chinois-apparait","status":"publish","type":"post","link":"http:\/\/www.affinite.fr\/index.php\/2020\/05\/25\/en-pleine-guerre-technologique-usa-chine-un-processeur-xeon-chinois-apparait\/","title":{"rendered":"en pleine guerre technologique USA-Chine, un processeur Xeon chinois appara\u00eet"},"content":{"rendered":"<p> [ad_1]<br \/>\n<\/p>\n<div itemprop=\"articleBody\">\n<p>Ne l\u2019appelez pas Xeon, appelez le \u00ab\u00a0Jintide\u00a0\u00bb. Ce processeur qui avait \u00e9t\u00e9 <a href=\"https:\/\/www.techradar.com\/news\/intel-and-amd-shouldnt-panic-yet-but-this-chinese-vendor-has-repacked-a-xeon-cpu\" target=\"_blank\" rel=\"noopener noreferrer\">annonc\u00e9 l\u2019an dernier <\/a>lors de la conf\u00e9rence Hotchips commence \u00e0 \u00eatre disponible. Sa particularit\u00e9\u00a0? Il est moiti\u00e9 am\u00e9ricain, moiti\u00e9 chinois. En pleine guerre technologique entre les <a href=\"http:\/\/www.affinite.fr\/index.php\/2021\/10\/06\/camion-de-glace-style-usa-made-in-france\/\">USA<\/a> et la Chine, ce projet pourrait servir de r\u00e9v\u00e9lateur de l\u2019\u00e9tat r\u00e9el des tensions entre les deux pays.<\/p>\n<p>Car Jintide est non seulement une puce hautes performances, mais aussi une puce s\u00e9curis\u00e9e, une version partiellement revue d\u2019un Xeon Intel auquel l\u2019entreprise chinoise Montage et ses partenaires universitaires chinois (Tsinghua University, etc.) ont ajout\u00e9 des \u00e9l\u00e9ments de s\u00e9curit\u00e9.<\/p>\n<figure class=\"figure text-center\"><img decoding=\"async\" class=\"article-img img-responsive-l\" src=\"https:\/\/img.bfmtv.com\/c\/0\/708\/f8a\/0752a30c5fba817caa4724122f8ee.jpg\" alt=\"\"\/><figcaption class=\"figure-caption figcaption color-txt-0 title-xs hidden-xs\"\/><\/figure>\n<p>L\u2019ADN am\u00e9ricain vient donc de chez Intel, partenaire du projet qui fournit ses pr\u00e9cieux c\u0153urs \u00ab\u00a0Xeon\u00a0\u00bb, la version professionnelle de ses processeurs Core. <a href=\"https:\/\/www.01net.com\/actualites\/amd-nie-avoir-transfere-des-technologies-cles-a-la-chine-et-c-est-sans-doute-vrai-1723455.html\" target=\"_blank\" rel=\"noopener noreferrer\">Comme AMD, qui aid\u00e9 Zhaoxin<\/a> dans le d\u00e9veloppement de ses puces Hygon Dhyana, Intel semble avoir directement fourni les \u00ab\u00a0dies\u00a0\u00bb, c\u2019est-\u00e0-dire les c\u0153urs finis. Cela se voit \u00e0 la puce : sous le dissipateur thermique, on voit bien qu\u2019il s\u2019agit d\u2019un agr\u00e9gat d\u2019\u00e9l\u00e9ments et non d\u2019une puce monolithique.<\/p>\n<p>Si les Chinois ont besoin de la puissance et du savoir-faire (documentation, ing\u00e9nierie) d\u2019Intel pour le calcul, les deux autres chips int\u00e9gr\u00e9s li\u00e9s \u00e0 la s\u00e9curit\u00e9 sont ici 100% chinois. Des composants qui ont \u00e9t\u00e9 d\u00e9velopp\u00e9s pour analyser la puce en temps r\u00e9el afin de v\u00e9rifier sa s\u00e9curit\u00e9 au travers d\u2019un proc\u00e9d\u00e9 complexe appel\u00e9 v\u00e9rification de s\u00e9curit\u00e9 dynamique (DSC, Dynamic Security Check). De quoi se pr\u00e9munir, entre autres, de failles de s\u00e9curit\u00e9 de type Spectre qui touchent justement certaines puces Intel.<\/p>\n<h3 style=\"color:#333;font-family:arial,helvetica,sans-serif;font-size:23px;font-weight:700;\">La Chine\u00a0: un adversaire, mais aussi un \u00e9norme march\u00e9<\/h3>\n<figure class=\"figure text-center\"><img decoding=\"async\" class=\"article-img img-responsive-l\" src=\"https:\/\/img.bfmtv.com\/c\/1200\/500\/0b36\/5989202c0d67def7f124ec135e30.jpg\" alt=\"\"\/><figcaption class=\"figure-caption figcaption color-txt-0 title-xs hidden-xs\"\/><\/figure>\n<p>Intel \u00e9tant une entreprise am\u00e9ricaine, elle doit se conformer aux d\u00e9cisions de son gouvernement. Pour l\u2019heure, Intel n\u2019a pas re\u00e7u d\u2019injonction de cesser ses activit\u00e9s avec Montage et la Tsinghua University \u2013 et continue d\u2019ailleurs de livrer des puces \u00e0 la division PC de Huawei.<\/p>\n<p>Il faut dire qu\u2019aussi \u00e9nerv\u00e9 soit le gouvernement de Mr Trump, la Chine repr\u00e9sente pour Intel un \u00e9norme march\u00e9. C\u00f4t\u00e9 grand public bien s\u00fbr, mais aussi c\u00f4t\u00e9 serveurs et autres supercalculateurs qui utilisent des puces de type Xeon\/Jintide. Avec plus de 45% des calculateurs du Top500 bas\u00e9s en Chine, dont la majeure partie fonctionne avec des puces Xeon, le march\u00e9 est \u00e9norme.<\/p>\n<aside class=\"bg-color-0 padding-inside-all-s bloc border-s\">\n<h4 class=\"box-txt-normal\">\n<p><strong>\u00c0 d\u00e9couvrir aussi en vid\u00e9o<\/strong><\/p>\n<\/h4>\n<\/aside>\n<p>Il faudrait que les tensions entre les deux pays montent encore d\u2019un cran ou deux pour que les USA emp\u00eachent Intel d\u2019exporter ses produits. Quant au partenariat entre Intel et Montage, nul doute que le gouvernement Trump l\u2019a d\u00e9j\u00e0 dans son \u00e9cran radar\u2026<\/p>\n<p><strong>Sources <\/strong>: <a href=\"https:\/\/www.techradar.com\/news\/intel-and-amd-shouldnt-panic-yet-but-this-chinese-vendor-has-repacked-a-xeon-cpu\" target=\"_blank\" rel=\"noopener noreferrer\">TechRadar<\/a><\/p>\n<\/p><\/div>\n<p><script>\n         !function(f,b,e,v,n,t,s){if(f.fbq)return;n=f.fbq=function()\n         {n.callMethod? n.callMethod.apply(n,arguments):n.queue.push(arguments)}\n         ;if(!f._fbq)f._fbq=n;\n             n.push=n;n.loaded=!0;n.version='2.0';n.queue=[];t=b.createElement(e);t.async=!0;\n             t.src=v;s=b.getElementsByTagName(e)[0];s.parentNode.insertBefore(t,s)}(window,\n                 document,'script','https:\/\/connect.facebook.net\/en_US\/fbevents.js');\n         fbq('init', '1065890633454496');\n         fbq('track', 'PageView');\n     <\/script><br \/>\n<br \/>[ad_2]<br \/>\n<br \/><a href=\"https:\/\/www.01net.com\/actualites\/surprise-en-pleine-guerre-technologique-usa-chine-un-processeur-xeon-chinois-apparait-1920400.html\">Source link <\/a><\/p>\n","protected":false},"excerpt":{"rendered":"<p>[ad_1] Ne l\u2019appelez pas Xeon, appelez le \u00ab\u00a0Jintide\u00a0\u00bb. Ce processeur qui avait \u00e9t\u00e9 annonc\u00e9 l\u2019an dernier lors de la conf\u00e9rence &hellip; <a href=\"http:\/\/www.affinite.fr\/index.php\/2020\/05\/25\/en-pleine-guerre-technologique-usa-chine-un-processeur-xeon-chinois-apparait\/\" class=\"more-link\">Plus <span class=\"screen-reader-text\">en pleine guerre technologique USA-Chine, un processeur Xeon chinois appara\u00eet<\/span> <span class=\"meta-nav\">&rarr;<\/span><\/a><\/p>\n","protected":false},"author":1,"featured_media":3219,"comment_status":"open","ping_status":"open","sticky":false,"template":"","format":"standard","meta":{"_sitemap_exclude":false,"_sitemap_priority":"","_sitemap_frequency":"","footnotes":""},"categories":[1],"tags":[],"class_list":["post-3218","post","type-post","status-publish","format-standard","has-post-thumbnail","hentry","category-tous"],"_links":{"self":[{"href":"http:\/\/www.affinite.fr\/index.php\/wp-json\/wp\/v2\/posts\/3218"}],"collection":[{"href":"http:\/\/www.affinite.fr\/index.php\/wp-json\/wp\/v2\/posts"}],"about":[{"href":"http:\/\/www.affinite.fr\/index.php\/wp-json\/wp\/v2\/types\/post"}],"author":[{"embeddable":true,"href":"http:\/\/www.affinite.fr\/index.php\/wp-json\/wp\/v2\/users\/1"}],"replies":[{"embeddable":true,"href":"http:\/\/www.affinite.fr\/index.php\/wp-json\/wp\/v2\/comments?post=3218"}],"version-history":[{"count":0,"href":"http:\/\/www.affinite.fr\/index.php\/wp-json\/wp\/v2\/posts\/3218\/revisions"}],"wp:featuredmedia":[{"embeddable":true,"href":"http:\/\/www.affinite.fr\/index.php\/wp-json\/wp\/v2\/media\/3219"}],"wp:attachment":[{"href":"http:\/\/www.affinite.fr\/index.php\/wp-json\/wp\/v2\/media?parent=3218"}],"wp:term":[{"taxonomy":"category","embeddable":true,"href":"http:\/\/www.affinite.fr\/index.php\/wp-json\/wp\/v2\/categories?post=3218"},{"taxonomy":"post_tag","embeddable":true,"href":"http:\/\/www.affinite.fr\/index.php\/wp-json\/wp\/v2\/tags?post=3218"}],"curies":[{"name":"wp","href":"https:\/\/api.w.org\/{rel}","templated":true}]}}