{"id":3210,"date":"2020-05-25T20:25:32","date_gmt":"2020-05-25T20:25:32","guid":{"rendered":"https:\/\/www.affinite.fr\/index.php\/2020\/05\/25\/ce-ssd-sabrent-de-8-to-au-format-m-2-bat-un-record-de-capacite\/"},"modified":"2020-05-25T20:25:32","modified_gmt":"2020-05-25T20:25:32","slug":"ce-ssd-sabrent-de-8-to-au-format-m-2-bat-un-record-de-capacite","status":"publish","type":"post","link":"http:\/\/www.affinite.fr\/index.php\/2020\/05\/25\/ce-ssd-sabrent-de-8-to-au-format-m-2-bat-un-record-de-capacite\/","title":{"rendered":"Ce SSD Sabrent de 8 To au format M.2 bat un record de capacit\u00e9"},"content":{"rendered":"<p> [ad_1]<br \/>\n<br \/><img decoding=\"async\" src=\"https:\/\/img.bfmtv.com\/i\/0\/0\/dc6\/3befc42fb3accaad78c04e0576b8a.jpg\" \/><\/p>\n<div itemprop=\"articleBody\">\n<p>Alors que les <a href=\"https:\/\/www.01net.com\/actualites\/on-vous-dit-tout-sur-le-m-2-le-ssd-nouvelle-generation-1383426.html\" target=\"_blank\" rel=\"noopener noreferrer\">SSD M.2<\/a> actuels ne d\u00e9passent pas en g\u00e9n\u00e9ral les 2 To, le constructeur am\u00e9ricain Sabrent vient d&rsquo;annoncer un mod\u00e8le qui atteint les 8 To. Le Rocket Q embarque de la m\u00e9moire flash QLC (stockage de 4 bits par cellule), ce qui lui permet d&rsquo;offrir cette capacit\u00e9 dans un format standard M.2 2280 (carte de 8 cm de longueur et 2,2 cm de largeur). Il peut ainsi \u00eatre utilis\u00e9 dans un ordinateur portable ou un Mini PC, si ces derniers comportent un connecteur M.2 NVMe, avec une dissipation thermique suffisante.<\/p>\n<p>Notons que Samsung a pr\u00e9sent\u00e9 un <a href=\"https:\/\/www.01net.com\/actualites\/ce-ssd-ultra-compact-de-samsung-bat-un-record-de-capacite-1475746.html\" target=\"_blank\" rel=\"noopener noreferrer\">SSD de 8 To\u00a0destin\u00e9 au serveurs<\/a>, mais que ce dernier utilise une carte de 11 x 3 cm et le format NF1.<\/p>\n<p>Le constructeur ne donne pas d&rsquo;information sur les performances, mais elles seront sans doute similaires \u00e0 celles du mod\u00e8le 4 To qui offre des d\u00e9bits jusqu&rsquo;\u00e0 3400 Mo\/s en lecture et 3000 Mo\/s en \u00e9criture.<\/p>\n<aside class=\"bg-color-0 padding-inside-all-s bloc border-s\">\n<h4 class=\"box-txt-normal\">\n<p><strong>A d\u00e9couvrir aussi en vid\u00e9o :<\/strong><\/p>\n<\/h4>\n<\/aside>\n<p>Sabrent ne donne pour l&rsquo;instant pas de date de disponibilit\u00e9, ni de prix. Actuellement, le mod\u00e8le 4 To co\u00fbte 760 dollars et il faut d\u00e9penser 300 dollars pour la version 2 To. Si on applique le m\u00eame ratio prix\/capacit\u00e9, le Rocket Q 8 To pourrait d\u00e9passer les 1900 dollars !<\/p>\n<p><strong>Source <\/strong>: <a href=\"https:\/\/www.sabrent.com\/product\/SB-RKTQ-8TB\/rocket-q-8tb-nvme-pcie-m-2-2280-internal-ssd-solid-state-drive-sb-rktq-8tb\/\" target=\"_blank\" rel=\"noopener noreferrer\">Sabrent<\/a><\/p>\n<\/p><\/div>\n<p><script>\n         !function(f,b,e,v,n,t,s){if(f.fbq)return;n=f.fbq=function()\n         {n.callMethod? n.callMethod.apply(n,arguments):n.queue.push(arguments)}\n         ;if(!f._fbq)f._fbq=n;\n             n.push=n;n.loaded=!0;n.version='2.0';n.queue=[];t=b.createElement(e);t.async=!0;\n             t.src=v;s=b.getElementsByTagName(e)[0];s.parentNode.insertBefore(t,s)}(window,\n                 document,'script','https:\/\/connect.facebook.net\/en_US\/fbevents.js');\n         fbq('init', '1065890633454496');\n         fbq('track', 'PageView');\n     <\/script><br \/>\n<br \/>[ad_2]<br \/>\n<br \/><a href=\"https:\/\/www.01net.com\/actualites\/ce-ssd-sabrent-de-8-to-au-format-m-2-bat-un-record-de-capacite-1920507.html\">Source link <\/a><\/p>\n","protected":false},"excerpt":{"rendered":"<p>[ad_1] Alors que les SSD M.2 actuels ne d\u00e9passent pas en g\u00e9n\u00e9ral les 2 To, le constructeur am\u00e9ricain Sabrent vient &hellip; <a href=\"http:\/\/www.affinite.fr\/index.php\/2020\/05\/25\/ce-ssd-sabrent-de-8-to-au-format-m-2-bat-un-record-de-capacite\/\" class=\"more-link\">Plus <span class=\"screen-reader-text\">Ce SSD Sabrent de 8 To au format M.2 bat un record de capacit\u00e9<\/span> <span class=\"meta-nav\">&rarr;<\/span><\/a><\/p>\n","protected":false},"author":1,"featured_media":3211,"comment_status":"open","ping_status":"open","sticky":false,"template":"","format":"standard","meta":{"_sitemap_exclude":false,"_sitemap_priority":"","_sitemap_frequency":"","footnotes":""},"categories":[1],"tags":[],"class_list":["post-3210","post","type-post","status-publish","format-standard","has-post-thumbnail","hentry","category-tous"],"_links":{"self":[{"href":"http:\/\/www.affinite.fr\/index.php\/wp-json\/wp\/v2\/posts\/3210"}],"collection":[{"href":"http:\/\/www.affinite.fr\/index.php\/wp-json\/wp\/v2\/posts"}],"about":[{"href":"http:\/\/www.affinite.fr\/index.php\/wp-json\/wp\/v2\/types\/post"}],"author":[{"embeddable":true,"href":"http:\/\/www.affinite.fr\/index.php\/wp-json\/wp\/v2\/users\/1"}],"replies":[{"embeddable":true,"href":"http:\/\/www.affinite.fr\/index.php\/wp-json\/wp\/v2\/comments?post=3210"}],"version-history":[{"count":0,"href":"http:\/\/www.affinite.fr\/index.php\/wp-json\/wp\/v2\/posts\/3210\/revisions"}],"wp:featuredmedia":[{"embeddable":true,"href":"http:\/\/www.affinite.fr\/index.php\/wp-json\/wp\/v2\/media\/3211"}],"wp:attachment":[{"href":"http:\/\/www.affinite.fr\/index.php\/wp-json\/wp\/v2\/media?parent=3210"}],"wp:term":[{"taxonomy":"category","embeddable":true,"href":"http:\/\/www.affinite.fr\/index.php\/wp-json\/wp\/v2\/categories?post=3210"},{"taxonomy":"post_tag","embeddable":true,"href":"http:\/\/www.affinite.fr\/index.php\/wp-json\/wp\/v2\/tags?post=3210"}],"curies":[{"name":"wp","href":"https:\/\/api.w.org\/{rel}","templated":true}]}}