{"id":3200,"date":"2020-05-25T17:21:37","date_gmt":"2020-05-25T17:21:37","guid":{"rendered":"https:\/\/www.affinite.fr\/index.php\/2020\/05\/25\/pour-bouygues-la-5g-nest-plus-une-urgence\/"},"modified":"2020-05-25T17:21:37","modified_gmt":"2020-05-25T17:21:37","slug":"pour-bouygues-la-5g-nest-plus-une-urgence","status":"publish","type":"post","link":"http:\/\/www.affinite.fr\/index.php\/2020\/05\/25\/pour-bouygues-la-5g-nest-plus-une-urgence\/","title":{"rendered":"Pour Bouygues, la 5G n\u2019est plus une urgence"},"content":{"rendered":"<p> [ad_1]<br \/>\n<br \/><img decoding=\"async\" src=\"https:\/\/img.bfmtv.com\/i\/0\/0\/ec01ac\/770f49b88f54ed77e6030bb151.jpg\" \/><\/p>\n<div itemprop=\"articleBody\">\n<p>La 5G a-t-elle encore un sens dans \u00ab\u00a0le monde d\u2019apr\u00e8s\u00a0\u00bb\u00a0? Cette question souvent mise en avant par certaines associations militantes, un nouvel acteur se la pose aussi. Dans une tribune publi\u00e9e par le Figaro, le P.-D. G. du groupe Bouygues en personne plaide pour un report des ench\u00e8res d\u2019attribution des fr\u00e9quences 5G.<\/p>\n<p>Pour lui, la France n\u2019est tout d\u2019abord pas du tout en retard sur le d\u00e9ploiement de la 5G\u00a0: <em>\u00ab\u00a0les smartphones qui permettront d\u2019utiliser compl\u00e8tement les capacit\u00e9s de la 5G ne vont arriver sur le march\u00e9 que tr\u00e8s progressivement<\/em>, explique Martin Bouygues. <em>Pour le grand public, les usages potentiels v\u00e9ritablement innovants n\u2019arriveront pas avant 2023 ou 2024\u00a0\u00bb<\/em>. Constatons malgr\u00e9 tout que l\u2019Hexagone est \u00e0 la tra\u00eene par rapport \u00e0 d\u2019autres pays dans le monde,<a href=\"https:\/\/www.01net.com\/actualites\/la-5g-atteint-des-pics-de-debit-de-1gbits-en-coree-du-sud-1718710.html\" target=\"_blank\" rel=\"noopener noreferrer\"> qu\u2019il s\u2019agisse de la Cor\u00e9e du Sud <\/a>ou dans une moindre mesure les \u00c9tats-Unis.<\/p>\n<h3 style=\"color:#333;font-family:arial,helvetica,sans-serif;font-size:23px;font-weight:700;\">De la p\u00e9dagogie face aux th\u00e8ses complotistes<\/h3>\n<p>Second argument de Martin Bouygues\u00a0: prendre le temps de faire de la p\u00e9dagogie autour de cette nouvelle technologie. Face \u00e0 la multiplication d<a href=\"https:\/\/www.01net.com\/actualites\/coronavirus-les-conspirationnistes-de-la-5g-sont-ils-en-train-de-se-radicaliser-1900196.html\" target=\"_blank\" rel=\"noopener noreferrer\">es d\u00e9gradations d\u2019antennes relais et aux th\u00e8ses complotistes autour de la 5G<\/a> et du nouveau coronavirus, force est de constater selon lui qu\u2019il faut <em>\u00ab\u00a0prendre quelques mois pour expliquer et entendre, plut\u00f4t que passer en force\u00a0\u00bb<\/em>.<\/p>\n<p>Du point de vue \u00e9cologique, il est \u00e9galement <a href=\"https:\/\/www.01net.com\/actualites\/pourquoi-la-5g-est-une-mauvaise-nouvelle-pour-l-environnement-1846716.html\" target=\"_blank\" rel=\"noopener noreferrer\">souvent reproch\u00e9 \u00e0 la 5G le bond de consommation d\u2019\u00e9nergie qu\u2019elle provoquerait<\/a>. <em>\u00ab\u00a0Il faut aussi tenir compte des efforts consid\u00e9rables des op\u00e9rateurs t\u00e9l\u00e9coms pour am\u00e9liorer l\u2019efficacit\u00e9 \u00e9nerg\u00e9tique de leurs activit\u00e9s<\/em>, affirme Martin Bouygues. <em>Mais escamoter le d\u00e9bat public serait une grave erreur s\u2019agissant d\u2019une pr\u00e9occupation importante de nos concitoyens, notamment des plus jeunes: on ne construit pas la technologie de demain contre la jeunesse\u00a0\u00bb<\/em>.<\/p>\n<aside class=\"bg-color-0 padding-inside-all-s bloc border-s\">\n<h4 class=\"box-txt-normal\">\n<p><strong>A d\u00e9couvrir aussi en vid\u00e9o<\/strong><\/p>\n<\/h4>\n<\/aside>\n<h3 style=\"color:#333; font-family:arial,helvetica,sans-serif; font-size:23px; font-weight:700\">Finir de d\u00e9ployer la 4G avant de s&rsquo;attaquer \u00e0 la 5G<\/h3>\n<p>Enfin, l\u2019argument \u00e9conomique est toutefois au c\u0153ur de la tribune du patron du groupe Bouygues\u00a0: <em>\u00ab\u00a0le monde \u00e9conomique d\u2019aujourd\u2019hui n\u2019est plus du tout le m\u00eame que celui qui pr\u00e9valait d\u00e9but mars, lorsque les conditions de l\u2019ench\u00e8re ont \u00e9t\u00e9 fix\u00e9es\u00a0\u00bb<\/em>. Les m\u00e9nages ont \u00e9pargn\u00e9 massivement et il n&rsquo;est pas certain\u00a0qu\u2019ils se remettront \u00e0 d\u00e9penser autant qu\u2019avant le confinement. <em>\u00ab\u00a0Et nos concitoyens qui ont souffert de l\u2019absence de r\u00e9seau pendant cette crise n\u2019ont que faire de la 5G dans les grandes villes,<a href=\"https:\/\/www.01net.com\/actualites\/couverture-4g-le-gendarme-des-telecoms-rappelle-a-l-ordre-les-operateurs-1740613.html\" target=\"_blank\" rel=\"noopener noreferrer\"> ils veulent la 4G chez eux<\/a> !\u00a0\u00bb<\/em>, argumente-t-il.<\/p>\n<p><em>\u00ab\u00a0On dit que les op\u00e9rateurs t\u00e9l\u00e9coms ont \u00e9t\u00e9 relativement \u00e9pargn\u00e9s par la crise. C\u2019est vrai. Mais peuvent-ils raisonnablement acheter des fr\u00e9quences dont les prix de base ont \u00e9t\u00e9 fix\u00e9s au d\u00e9but de l\u2019ann\u00e9e en pleine euphorie \u00e9conomique alors que la croissance pour 2020 s\u2019annonce \u00e0 &#8211; 8 % et que la r\u00e9cession va sans doute durer ?\u00a0\u00bb<\/em>, s\u2019interroge Martin Bouygues.<em> \u00ab\u00a0On ne peut pas faire comme si rien ne s\u2019\u00e9tait pass\u00e9 depuis deux mois. \u00c0 quoi cela sert-il de disserter longuement sur \u00ab\u00a0le monde d\u2019apr\u00e8s\u00a0\u00bb si, \u00e0 la premi\u00e8re occasion et sans se donner le temps de la r\u00e9flexion, on reprend les habitudes d\u2019avant ?\u00a0\u00bb<\/em>, conclut le \u00a0P.-D. G.<\/p>\n<p>Difficile cependant d\u2019imaginer que son appel soit entendu.<a href=\"https:\/\/www.01net.com\/actualites\/la-5g-prend-encore-du-retard-les-encheres-pour-les-frequences-seront-peut-etre-repoussees-a-la-rentree-1898813.html\" target=\"_blank\" rel=\"noopener noreferrer\"> Les ench\u00e8res des radiofr\u00e9quences en France sont pr\u00e9vues pour septembre<\/a> au plus tard. Au d\u00e9but du mois de mai,<a href=\"https:\/\/www.01net.com\/actualites\/pas-question-de-reporter-la-5g-malgre-la-crise-pour-la-commission-europeenne-1908752.html\" target=\"_blank\" rel=\"noopener noreferrer\"> la vice-pr\u00e9sidente de la Commission europ\u00e9enne Margrethe Verstager avait rappel\u00e9 \u00e0 l\u2019ordre les ministres charg\u00e9s des t\u00e9l\u00e9coms<\/a> de chaque pays de l\u2019Union. Tous doivent respecter les objectifs fix\u00e9s en 2016, dont celui de commercialiser la 5G dans au moins une grande ville de chaque pays de l\u2019Union avant fin 2020.<\/p>\n<p><strong>Source :<a href=\"https:\/\/www.lefigaro.fr\/vox\/economie\/la-5g-n-est-pas-une-urgence-pour-la-france-repoussons-l-attribution-des-frequences-20200522\" target=\"_blank\" rel=\"noopener noreferrer\"> Le Figaro<\/a><\/strong><\/p>\n<\/p><\/div>\n<p><script>\n         !function(f,b,e,v,n,t,s){if(f.fbq)return;n=f.fbq=function()\n         {n.callMethod? n.callMethod.apply(n,arguments):n.queue.push(arguments)}\n         ;if(!f._fbq)f._fbq=n;\n             n.push=n;n.loaded=!0;n.version='2.0';n.queue=[];t=b.createElement(e);t.async=!0;\n             t.src=v;s=b.getElementsByTagName(e)[0];s.parentNode.insertBefore(t,s)}(window,\n                 document,'script','https:\/\/connect.facebook.net\/en_US\/fbevents.js');\n         fbq('init', '1065890633454496');\n         fbq('track', 'PageView');\n     <\/script><br \/>\n<br \/>[ad_2]<br \/>\n<br \/><a href=\"https:\/\/www.01net.com\/actualites\/pour-bouygues-la-5g-n-est-plus-une-urgence-1920625.html\">Source link <\/a><\/p>\n","protected":false},"excerpt":{"rendered":"<p>[ad_1] La 5G a-t-elle encore un sens dans \u00ab\u00a0le monde d\u2019apr\u00e8s\u00a0\u00bb\u00a0? Cette question souvent mise en avant par certaines associations &hellip; <a href=\"http:\/\/www.affinite.fr\/index.php\/2020\/05\/25\/pour-bouygues-la-5g-nest-plus-une-urgence\/\" class=\"more-link\">Plus <span class=\"screen-reader-text\">Pour Bouygues, la 5G n\u2019est plus une urgence<\/span> <span class=\"meta-nav\">&rarr;<\/span><\/a><\/p>\n","protected":false},"author":1,"featured_media":3201,"comment_status":"open","ping_status":"open","sticky":false,"template":"","format":"standard","meta":{"_sitemap_exclude":false,"_sitemap_priority":"","_sitemap_frequency":"","footnotes":""},"categories":[1],"tags":[],"class_list":["post-3200","post","type-post","status-publish","format-standard","has-post-thumbnail","hentry","category-tous"],"_links":{"self":[{"href":"http:\/\/www.affinite.fr\/index.php\/wp-json\/wp\/v2\/posts\/3200"}],"collection":[{"href":"http:\/\/www.affinite.fr\/index.php\/wp-json\/wp\/v2\/posts"}],"about":[{"href":"http:\/\/www.affinite.fr\/index.php\/wp-json\/wp\/v2\/types\/post"}],"author":[{"embeddable":true,"href":"http:\/\/www.affinite.fr\/index.php\/wp-json\/wp\/v2\/users\/1"}],"replies":[{"embeddable":true,"href":"http:\/\/www.affinite.fr\/index.php\/wp-json\/wp\/v2\/comments?post=3200"}],"version-history":[{"count":0,"href":"http:\/\/www.affinite.fr\/index.php\/wp-json\/wp\/v2\/posts\/3200\/revisions"}],"wp:featuredmedia":[{"embeddable":true,"href":"http:\/\/www.affinite.fr\/index.php\/wp-json\/wp\/v2\/media\/3201"}],"wp:attachment":[{"href":"http:\/\/www.affinite.fr\/index.php\/wp-json\/wp\/v2\/media?parent=3200"}],"wp:term":[{"taxonomy":"category","embeddable":true,"href":"http:\/\/www.affinite.fr\/index.php\/wp-json\/wp\/v2\/categories?post=3200"},{"taxonomy":"post_tag","embeddable":true,"href":"http:\/\/www.affinite.fr\/index.php\/wp-json\/wp\/v2\/tags?post=3200"}],"curies":[{"name":"wp","href":"https:\/\/api.w.org\/{rel}","templated":true}]}}