{"id":3182,"date":"2020-05-25T08:54:27","date_gmt":"2020-05-25T08:54:27","guid":{"rendered":"https:\/\/www.affinite.fr\/index.php\/2020\/05\/25\/de-premieres-images-du-prochain-smartphone-haut-de-gamme-de-samsung\/"},"modified":"2020-05-25T08:54:27","modified_gmt":"2020-05-25T08:54:27","slug":"de-premieres-images-du-prochain-smartphone-haut-de-gamme-de-samsung","status":"publish","type":"post","link":"http:\/\/www.affinite.fr\/index.php\/2020\/05\/25\/de-premieres-images-du-prochain-smartphone-haut-de-gamme-de-samsung\/","title":{"rendered":"de premi\u00e8res images du prochain smartphone haut de gamme de Samsung ?\u00a0"},"content":{"rendered":"<p> [ad_1]<br \/>\n<\/p>\n<div itemprop=\"articleBody\">\n                \u00c0 prendre avec des pincettes. Selon des rendus publi\u00e9s par les c\u00e9l\u00e8bres\u00a0<em>leakers\u00a0<\/em><em>OnLeaks<\/em> et <em>Pigtou<\/em>, les futurs Galaxy Note 20 et Note 20+\u00a0 &#8211; attendus dans les prochains mois, s&rsquo;inspireraient beaucoup de leurs petits fr\u00e8res <a href=\"https:\/\/www.01net.com\/tests\/test-du-samsung-galaxy-s20-ce-petit-smartphone-est-une-grande-reussite-6427.html\" target=\"_blank\" rel=\"noopener noreferrer\">Galaxy S20<\/a>, <a href=\"https:\/\/www.01net.com\/tests\/test-du-samsung-galaxy-s20-ultra-le-smartphone-de-la-demesure-6422.html\" target=\"_blank\" rel=\"noopener noreferrer\">S20+<\/a> et S20 Ultra, sortis en mars dernier. \u00c0 commencer par la taille de l&rsquo;\u00e9cran AMOLED du plus grand des plus grands Galaxy, le Note 20+.<\/p>\n<p>Elle serait\u00a0de 6,9 pouces, exactement la m\u00eame que celle du <a href=\"https:\/\/www.01net.com\/tests\/test-du-samsung-galaxy-s20-ultra-le-smartphone-de-la-demesure-6422.html\" target=\"_blank\" rel=\"noopener noreferrer\">Galaxy S20 Ultra<\/a>, le fer de lance de la gamme actuelle. Cela la rendrait 0,1 pouce sup\u00e9rieure \u00e0 celle de l&rsquo;actuelle r\u00e9f\u00e9rence des grands Galaxy Note, le <a href=\"https:\/\/www.01net.com\/tests\/test-du-samsung-galaxy-note-10-plus-un-ecran-colossal-pour-un-smartphone-de-competition-6280.html\" target=\"_blank\" rel=\"noopener noreferrer\">Galaxy Note 10+<\/a>.<\/p>\n<p>Le futur Note 20, pour sa part, perdrait quelques dixi\u00e8mes de pouces pour atteindre le palier des 6,7 pouces, ce qui constitue une belle surface d&rsquo;affichage \u00e9galement.<\/p>\n<figure class=\"figure text-center\"><img decoding=\"async\" class=\"article-img img-responsive-l\" src=\"https:\/\/img.bfmtv.com\/c\/0\/708\/126\/a0039c580ce0f095acb78081823be.jpg\" alt=\"\"\/><figcaption class=\"figure-caption figcaption color-txt-0 title-xs hidden-xs\">\n                                    OnLeaks et Pigtou<br \/>\n                                                    &#8211;<br \/>\n                            <\/figcaption><\/figure>\n<\/p>\n<p>Si ces rendus sont exacts, on peut \u00e9galement remarquer que l&rsquo;\u00e9cran couvre presque l&rsquo;int\u00e9gralit\u00e9 de la fa\u00e7ade de l&rsquo;appareil et que le bo\u00eetier semble fait d&rsquo;alliage m\u00e9tallique tout en proptosant un dos en verre. Un dos qui accueillerait tous les modules cam\u00e9ra de l&rsquo;appareil, regroup\u00e9s en un seul et m\u00eame gros bloc pour le moins&#8230; pro\u00e9minent. Les rumeurs parlent de la pr\u00e9sence du m\u00eame arsenal d&rsquo;outils de prises de vue et de vid\u00e9os que celui du Galaxy S20 Ultra, avec la pr\u00e9sence d&rsquo;une lentille capable de faire des zooms p\u00e9riscopiques.<\/p>\n<blockquote>\n<p><strong>\u00c0 lire aussi :<\/strong> <a href=\"https:\/\/www.01net.com\/actualites\/samsung-lance-son-premier-capteur-a-la-fois-bourre-de-pixels-et-ultra-rapide-en-autofocus-1916460.html\" target=\"_blank\" rel=\"noopener noreferrer\">Samsung lance un nouveau capteur photo qui combine le meilleur de deux technologies de pointe<\/a><\/p>\n<\/blockquote>\n<aside class=\"bg-color-0 padding-inside-all-s bloc border-s\">\n<h4 class=\"box-txt-normal\">\n<p><strong>\u00c0 d\u00e9couvrir aussi en vid\u00e9o :<\/strong><\/p>\n<\/h4>\n<\/aside>\n<p>D&rsquo;ordinaire, les Galaxy Note sont lanc\u00e9s entre le milieu et la fin du mois d&rsquo;ao\u00fbt tous les ans. Les 20 et 20+ de Samsung sont attendus pour la m\u00eame p\u00e9riode cette ann\u00e9e encore&#8230; \u00e0 condition que la pand\u00e9mie n&rsquo;ait pas trop chamboul\u00e9 le calendrier et les capacit\u00e9s de production du g\u00e9ant cor\u00e9en.<\/p>\n<p><strong>Source :<\/strong> <a href=\"https:\/\/www.engadget.com\/samsung-galaxy-note-20-plus-design-leak-222935781.html\" target=\"_blank\" rel=\"noopener noreferrer\">Engadget<\/a><\/p>\n<\/p><\/div>\n<p><script>\n         !function(f,b,e,v,n,t,s){if(f.fbq)return;n=f.fbq=function()\n         {n.callMethod? n.callMethod.apply(n,arguments):n.queue.push(arguments)}\n         ;if(!f._fbq)f._fbq=n;\n             n.push=n;n.loaded=!0;n.version='2.0';n.queue=[];t=b.createElement(e);t.async=!0;\n             t.src=v;s=b.getElementsByTagName(e)[0];s.parentNode.insertBefore(t,s)}(window,\n                 document,'script','https:\/\/connect.facebook.net\/en_US\/fbevents.js');\n         fbq('init', '1065890633454496');\n         fbq('track', 'PageView');\n     <\/script><br \/>\n<br \/>[ad_2]<br \/>\n<br \/><a href=\"https:\/\/www.01net.com\/actualites\/galaxy-note-20-de-premieres-images-du-prochain-smartphone-haut-de-gamme-de-samsung-1920261.html\">Source link <\/a><\/p>\n","protected":false},"excerpt":{"rendered":"<p>[ad_1] \u00c0 prendre avec des pincettes. Selon des rendus publi\u00e9s par les c\u00e9l\u00e8bres\u00a0leakers\u00a0OnLeaks et Pigtou, les futurs Galaxy Note 20 &hellip; <a href=\"http:\/\/www.affinite.fr\/index.php\/2020\/05\/25\/de-premieres-images-du-prochain-smartphone-haut-de-gamme-de-samsung\/\" class=\"more-link\">Plus <span class=\"screen-reader-text\">de premi\u00e8res images du prochain smartphone haut de gamme de Samsung ?\u00a0<\/span> <span class=\"meta-nav\">&rarr;<\/span><\/a><\/p>\n","protected":false},"author":1,"featured_media":3183,"comment_status":"open","ping_status":"open","sticky":false,"template":"","format":"standard","meta":{"_sitemap_exclude":false,"_sitemap_priority":"","_sitemap_frequency":"","footnotes":""},"categories":[1],"tags":[],"class_list":["post-3182","post","type-post","status-publish","format-standard","has-post-thumbnail","hentry","category-tous"],"_links":{"self":[{"href":"http:\/\/www.affinite.fr\/index.php\/wp-json\/wp\/v2\/posts\/3182"}],"collection":[{"href":"http:\/\/www.affinite.fr\/index.php\/wp-json\/wp\/v2\/posts"}],"about":[{"href":"http:\/\/www.affinite.fr\/index.php\/wp-json\/wp\/v2\/types\/post"}],"author":[{"embeddable":true,"href":"http:\/\/www.affinite.fr\/index.php\/wp-json\/wp\/v2\/users\/1"}],"replies":[{"embeddable":true,"href":"http:\/\/www.affinite.fr\/index.php\/wp-json\/wp\/v2\/comments?post=3182"}],"version-history":[{"count":0,"href":"http:\/\/www.affinite.fr\/index.php\/wp-json\/wp\/v2\/posts\/3182\/revisions"}],"wp:featuredmedia":[{"embeddable":true,"href":"http:\/\/www.affinite.fr\/index.php\/wp-json\/wp\/v2\/media\/3183"}],"wp:attachment":[{"href":"http:\/\/www.affinite.fr\/index.php\/wp-json\/wp\/v2\/media?parent=3182"}],"wp:term":[{"taxonomy":"category","embeddable":true,"href":"http:\/\/www.affinite.fr\/index.php\/wp-json\/wp\/v2\/categories?post=3182"},{"taxonomy":"post_tag","embeddable":true,"href":"http:\/\/www.affinite.fr\/index.php\/wp-json\/wp\/v2\/tags?post=3182"}],"curies":[{"name":"wp","href":"https:\/\/api.w.org\/{rel}","templated":true}]}}