{"id":318,"date":"2020-03-06T08:28:22","date_gmt":"2020-03-06T08:28:22","guid":{"rendered":"https:\/\/www.affinite.fr\/index.php\/2020\/03\/06\/sonos-supprime-le-mode-recyclage-controverse-de-ses-vielles-enceintes\/"},"modified":"2020-03-06T08:28:22","modified_gmt":"2020-03-06T08:28:22","slug":"sonos-supprime-le-mode-recyclage-controverse-de-ses-vielles-enceintes","status":"publish","type":"post","link":"http:\/\/www.affinite.fr\/index.php\/2020\/03\/06\/sonos-supprime-le-mode-recyclage-controverse-de-ses-vielles-enceintes\/","title":{"rendered":"Sonos supprime le mode recyclage controvers\u00e9 de ses vielles enceintes"},"content":{"rendered":"<p> [ad_1]<br \/>\n<br \/><img decoding=\"async\" src=\"https:\/\/img.bfmtv.com\/i\/0\/0\/7c2\/56499bfeaa75b90d00ae6c8d08483.jpg\" \/><\/p>\n<div itemprop=\"articleBody\">\n<p class=\"MsoNormal\">Il y a quelques semaines, <a href=\"https:\/\/www.01net.com\/actualites\/quand-sonos-bricke-volontairement-des-enceintes-pourtant-100-percent-fonctionnelles-1832380.html\" target=\"_blank\" rel=\"noopener noreferrer\">Sonos se faisait \u00e9pingler pour son programme Trade Up<\/a> qui permettait aux possesseurs d\u2019anciens mod\u00e8les d\u2019enceintes, de b\u00e9n\u00e9ficier d\u2019une ristourne de 30% pour l\u2019achat de mod\u00e8les plus r\u00e9cents.<\/p>\n<p class=\"MsoNormal\">Pour profiter de cette offre, les utilisateurs \u00e9taient invit\u00e9s \u00e0 activer un mode recyclage sur leurs vielles enceintes. Seul probl\u00e8me, si le d\u00e9clenchement de ce mode permettait de supprimer les donn\u00e9es personnelles des utilisateurs, il permettait surtout \u00e0 Sonos de rendre ces appareils 100% fonctionnels volontairement inutilisables.<\/p>\n<p class=\"MsoNormal\"><a href=\"https:\/\/www.01net.com\/actualites\/sonos-justifie-le-brickage-de-ses-vieilles-enceintes-1832903.html\" target=\"_blank\" rel=\"noopener noreferrer\">La firme avait tent\u00e9 de se justifier<\/a> en indiquant toutefois que le support client pouvait annuler le processus en cas d\u2019activation accidentelle.<\/p>\n<h3 class=\"MsoNormal\" style=\"color:#333; font-family:arial,helvetica,sans-serif; font-size:23px; font-weight:700\"><strong>Sonos change de strat\u00e9gie<\/strong><\/h3>\n<p class=\"MsoNormal\">D\u2019apr\u00e8s Engadget, l\u2019entreprise am\u00e9ricaine aurait confirm\u00e9 un changement important dans son programme Trade Up. Les utilisateurs qui souhaitent <a href=\"http:\/\/www.affinite.fr\/index.php\/2023\/07\/29\/changer-de-vie-voyager-complement-de-retraite-devenez-vendeur-de-glace-a-litalienne\/\">investir<\/a> dans du mat\u00e9riel Sonos plus r\u00e9cent pourront toujours b\u00e9n\u00e9ficier de l\u2019offre promotionnelle, mais devront d\u00e9sormais justifier de la possession de mod\u00e8les \u00e9ligibles au programme en indiquant simplement leur num\u00e9ro de s\u00e9rie.<\/p>\n<p class=\"MsoNormal\">Le mode recyclage qui \u00ab\u00a0brickait\u00a0\u00bb d\u00e9finitivement les vieilles enceintes dispara\u00eet. Les propri\u00e9taires d\u2019ancien mat\u00e9riel peuvent donc le conserver pour continuer \u00e0 l\u2019utiliser, ou leur donner une deuxi\u00e8me vie en les vendant ou en les donnant \u00e0 des proches. Si ces appareils restent donc fonctionnels, ils ne sont plus suivis par Sonos. Ils ne b\u00e9n\u00e9ficieront donc d\u2019aucune mise \u00e0 jour et ne profiteront d&rsquo;aucune nouvelle fonctionnalit\u00e9.<\/p>\n<p class=\"MsoNormal\"><strong>Source\u00a0:<\/strong><br \/><a href=\"https:\/\/www.engadget.com\/2020\/03\/05\/sonos-kills-its-device-bricking-recycle-mode\/\" target=\"_blank\" rel=\"noopener noreferrer\">Engadget<\/a><\/p>\n<\/p><\/div>\n<p><script>\n         !function(f,b,e,v,n,t,s){if(f.fbq)return;n=f.fbq=function()\n         {n.callMethod? n.callMethod.apply(n,arguments):n.queue.push(arguments)}\n         ;if(!f._fbq)f._fbq=n;\n             n.push=n;n.loaded=!0;n.version='2.0';n.queue=[];t=b.createElement(e);t.async=!0;\n             t.src=v;s=b.getElementsByTagName(e)[0];s.parentNode.insertBefore(t,s)}(window,\n                 document,'script','https:\/\/connect.facebook.net\/en_US\/fbevents.js');\n         fbq('init', '1065890633454496');\n         fbq('track', 'PageView');\n     <\/script><br \/>\n<br \/>[ad_2]<br \/>\n<br \/><a href=\"https:\/\/www.01net.com\/actualites\/sonos-supprime-le-mode-recyclage-controverse-de-ses-vielles-enceintes-1870246.html\">Source link <\/a><\/p>\n","protected":false},"excerpt":{"rendered":"<p>[ad_1] Il y a quelques semaines, Sonos se faisait \u00e9pingler pour son programme Trade Up qui permettait aux possesseurs d\u2019anciens &hellip; <a href=\"http:\/\/www.affinite.fr\/index.php\/2020\/03\/06\/sonos-supprime-le-mode-recyclage-controverse-de-ses-vielles-enceintes\/\" class=\"more-link\">Plus <span class=\"screen-reader-text\">Sonos supprime le mode recyclage controvers\u00e9 de ses vielles enceintes<\/span> <span class=\"meta-nav\">&rarr;<\/span><\/a><\/p>\n","protected":false},"author":1,"featured_media":319,"comment_status":"open","ping_status":"open","sticky":false,"template":"","format":"standard","meta":{"_sitemap_exclude":false,"_sitemap_priority":"","_sitemap_frequency":"","footnotes":""},"categories":[1],"tags":[],"class_list":["post-318","post","type-post","status-publish","format-standard","has-post-thumbnail","hentry","category-tous"],"_links":{"self":[{"href":"http:\/\/www.affinite.fr\/index.php\/wp-json\/wp\/v2\/posts\/318"}],"collection":[{"href":"http:\/\/www.affinite.fr\/index.php\/wp-json\/wp\/v2\/posts"}],"about":[{"href":"http:\/\/www.affinite.fr\/index.php\/wp-json\/wp\/v2\/types\/post"}],"author":[{"embeddable":true,"href":"http:\/\/www.affinite.fr\/index.php\/wp-json\/wp\/v2\/users\/1"}],"replies":[{"embeddable":true,"href":"http:\/\/www.affinite.fr\/index.php\/wp-json\/wp\/v2\/comments?post=318"}],"version-history":[{"count":0,"href":"http:\/\/www.affinite.fr\/index.php\/wp-json\/wp\/v2\/posts\/318\/revisions"}],"wp:featuredmedia":[{"embeddable":true,"href":"http:\/\/www.affinite.fr\/index.php\/wp-json\/wp\/v2\/media\/319"}],"wp:attachment":[{"href":"http:\/\/www.affinite.fr\/index.php\/wp-json\/wp\/v2\/media?parent=318"}],"wp:term":[{"taxonomy":"category","embeddable":true,"href":"http:\/\/www.affinite.fr\/index.php\/wp-json\/wp\/v2\/categories?post=318"},{"taxonomy":"post_tag","embeddable":true,"href":"http:\/\/www.affinite.fr\/index.php\/wp-json\/wp\/v2\/tags?post=318"}],"curies":[{"name":"wp","href":"https:\/\/api.w.org\/{rel}","templated":true}]}}