{"id":3176,"date":"2020-05-24T14:08:03","date_gmt":"2020-05-24T14:08:03","guid":{"rendered":"https:\/\/www.affinite.fr\/index.php\/2020\/05\/24\/vacances-fermeture-decoles-infos-en-france-du-24-mai\/"},"modified":"2020-05-24T14:08:03","modified_gmt":"2020-05-24T14:08:03","slug":"vacances-fermeture-decoles-infos-en-france-du-24-mai","status":"publish","type":"post","link":"http:\/\/www.affinite.fr\/index.php\/2020\/05\/24\/vacances-fermeture-decoles-infos-en-france-du-24-mai\/","title":{"rendered":"vacances, fermeture d&rsquo;\u00e9coles, infos en France du 24\u00a0mai"},"content":{"rendered":"<p> [ad_1]<br \/>\n<\/p>\n<p><strong>[Mise \u00e0 jour le dimanche 24 mai, 15h48]<\/strong>\u00a0Pr\u00e8s de deux semaines apr\u00e8s le d\u00e9confinement, le nombre d&rsquo;hospitalisations pour <strong>infection au Covid-19<\/strong> continue de <strong>baisser en France<\/strong>, de m\u00eame que les cas de <strong>coronavirus <\/strong>en r\u00e9animation. Depuis son apparition en d\u00e9cembre 2019 \u00e0 Wuhan en Chine, le virus\u00a0Sars-CoV-2 a contamin\u00e9 <strong>5,3\u00a0millions de personnes\u00a0<\/strong>dans le monde (2,07\u00a0millions de personnes en ont gu\u00e9ri) et a caus\u00e9 <strong>342\u00a0000 d\u00e9c\u00e8s\u00a0<\/strong>selon l&rsquo;<a href=\"https:\/\/gisanddata.maps.arcgis.com\/apps\/opsdashboard\/index.html#\/bda7594740fd40299423467b48e9ecf6\" target=\"_blank\" rel=\"noopener noreferrer\">Universit\u00e9 John Hopkins<\/a>.\u00a0Le <strong>pays le plus impact\u00e9<\/strong>\u00a0est les <strong>Etats-Unis\u00a0<\/strong>(1,6\u00a0millions de cas et 97 000 morts). Viennent ensuite\u00a0<strong>le Br\u00e9sil <\/strong>(347 398 cas &#8211; 22 013 morts),<strong>\u00a0<\/strong>\u00a0<strong>la Russie<\/strong> (335\u00a0882\u00a0cas &#8211; 3 541\u00a0morts),<strong>\u00a0le\u00a0Royaume-Uni <\/strong>(258\u00a0509\u00a0cas-36\u00a0757\u00a0morts)<strong>,\u00a0<\/strong>l&rsquo;<strong>Espagne<\/strong> (235 290\u00a0cas-28\u00a0678\u00a0morts),<strong> et<\/strong>\u00a0l&rsquo;<strong>Italie <\/strong>(229\u00a0327\u00a0cas &#8211; 32\u00a0735\u00a0morts). Jusqu&rsquo;au 15\u00a0juin minimum, les<strong> fronti\u00e8res de l&rsquo;Union europ\u00e9enne et de l&rsquo;espace Schengen sont ferm\u00e9es <\/strong>pour freiner la circulation du virus entre les gens et une attestation de d\u00e9placement d\u00e9rogatoire doit \u00eatre pr\u00e9sent\u00e9e \u00e0 chaque personne voulant entrer en France.\u00a0L&rsquo;Europe reste fortement impact\u00e9e avec 1,79\u00a0million de cas et 168\u00a0193\u00a0d\u00e9c\u00e8s. En <strong>France<\/strong>, le nombre de cas confirm\u00e9 de coronavirus s&rsquo;\u00e9l\u00e8ve \u00e0 <strong>144 800 <\/strong>au 23 mai au soir\u00a0et plus de<strong> 28 289 d\u00e9c\u00e8s\u00a0<\/strong>selon le <a href=\"https:\/\/solidarites-sante.gouv.fr\/actualites\/presse\/communiques-de-presse\/article\/communique-de-presse-point-de-situation-du-23-mai\" target=\"_blank\" rel=\"noopener noreferrer\">minist\u00e8re de la Sant\u00e9<\/a>.<strong>\u00a017\u00a0178\u00a0personnes sont hospitalis\u00e9es pour une infection COVID-19<\/strong>\u00a0(vs 19\u00a0432\u00a0il y a une semaine). <strong>1\u00a0665<\/strong>\u00a0malades atteints d&rsquo;une forme s\u00e9v\u00e8re de Covid-19\u00a0sont hospitalis\u00e9s en r\u00e9animation (vs 2\u00a0132\u00a0il y a une semaine). Le solde reste n\u00e9gatif en r\u00e9animation, avec 36\u00a0malades de COVID-19\u00a0en moins par rapport \u00e0 hier mais le nombre total de malades <strong>en r\u00e9animation toutes causes confondues reste \u00e9lev\u00e9 \u00e0 5\u00a0600<\/strong>. La France poursuit son d\u00e9confinement sur fond de <strong>crise \u00e9conomique <\/strong>dans plusieurs secteurs. <strong>Emmanuel Macron <\/strong>devrait s&rsquo;exprimer sur les mesures de \u00ab\u00a0sauvetage\u00a0\u00bb mardi. La\u00a0circulation du virus est toujours active : de nouveaux \u00ab\u00a0clusters\u00a0\u00bb apparaissent, et il persiste\u00a0des inconnus\u00a0:\u00a0des <a href=\"https:\/\/sante.journaldesfemmes.fr\/fiches-maladies\/2633581-maladie-de-kawasaki-covid-19-coronavirus-france-necker-marseille-syndrome-symptomes-traitement\/#maladie-de-kawasaki-definition-symptomes\" target=\"_blank\" rel=\"noopener noreferrer\">sympt\u00f4mes plus graves chez l&rsquo;enfant<\/a> associ\u00e9s \u00e0 la <a href=\"https:\/\/sante.journaldesfemmes.fr\/fiches-maladies\/2633581-maladie-de-kawasaki-covid-19-coronavirus-france-necker-marseille-syndrome-symptomes-traitement\/\" target=\"_blank\" rel=\"noopener noreferrer\">maladie de Kawasaki<\/a> inqui\u00e8tent. Les d\u00e9placements sont limit\u00e9 \u00e0\u00a0<strong>100 km du domicile <\/strong>(vous pouvez voir ce qui se trouve dans la limite de 100 km de votre domicile sur le <a href=\"https:\/\/www.geoportail.gouv.fr\/actualites\/deconfinement-afficher-une-limite-de-100km\" target=\"_blank\" rel=\"noopener noreferrer\">site Geoportail<\/a>). Au-del\u00e0, ils doivent \u00eatre justifi\u00e9s par la pr\u00e9sentation d&rsquo;une\u00a0<strong><a href=\"http:\/\/www.interieur.gouv.fr\/Actualites\/L-actu-du-Ministere\/Deconfinement-Declaration-de-deplacement\" target=\"_blank\" rel=\"noopener noreferrer\">attestation<\/a><\/strong>.\u00a0Il n&rsquo;est <strong>pas n\u00e9cessaire de se munir de la d\u00e9claration\u00a0pour les d\u00e9placements de plus de 100\u00a0km effectu\u00e9s au sein de son d\u00e9partement <\/strong>de r\u00e9sidence. La <strong><a href=\"https:\/\/media.interieur.gouv.fr\/deplacement-covid-19\/\" target=\"_blank\" rel=\"noopener noreferrer\">d\u00e9claration est t\u00e9l\u00e9chargeable en ligne<\/a><\/strong> ou<strong> <\/strong>directement depuis le site du minist\u00e8re de l&rsquo;Int\u00e9rieur. Selon les chiffres de l&rsquo;OMS, la<strong> France est le 7e pays du monde le plus touch\u00e9 <\/strong>en nombre de cas et le <strong>5e en terme de mortalit\u00e9 <\/strong>(derri\u00e8re les <a href=\"http:\/\/www.affinite.fr\/index.php\/2021\/10\/06\/camion-de-glace-style-usa-made-in-france\/\">USA<\/a>, le Royaume-Uni et l&rsquo;Italie)<strong>. <\/strong>La premi\u00e8re phase de d\u00e9confinement est \u00e9tablie jusqu&rsquo;au <strong>2\u00a0juin<\/strong>. Elle permettra de v\u00e9rifier que les mesures mises en \u0153uvre suffisent \u00e0 contenir l&rsquo;\u00e9pid\u00e9mie. Et d&rsquo;envisager les mesures pour la phase suivante\u00a0: <strong>du 2\u00a0juin jusqu&rsquo;\u00e0 l&rsquo;\u00e9t\u00e9<\/strong>.<\/p>\n<div id=\"\">\n<p>La France est en<strong>\u00a0<a href=\"https:\/\/sante.journaldesfemmes.fr\/fiches-maladies\/2625289-coronavirus-stade-3-combien-de-temps-consequence\/\" target=\"_blank\" rel=\"noopener noreferrer\">stade 3<\/a>\u00a0de l&rsquo;\u00e9pid\u00e9mie<\/strong> de coronavirus depuis le 14\u00a0mars\u00a0puisque le virus circule activement sur tout le territoire et plus uniquement dans certaines r\u00e9gions et villes. Au 23\u00a0mai, la France compte plus de<strong>\u00a0144 800 cas positifs<\/strong> au coronavirus depuis le d\u00e9but de l&rsquo;\u00e9pid\u00e9mie. Le <a href=\"https:\/\/solidarites-sante.gouv.fr\/actualites\/presse\/communiques-de-presse\/article\/communique-de-presse-point-de-situation-du-23-mai\" target=\"_blank\" rel=\"noopener noreferrer\">bilan <\/a>est\u00a0de <strong>17 178 personnes hospitalis\u00e9es (vs 19 432 il y a une semaine) pour une infection COVID-19<\/strong>\u00a0et <strong>233 nouvelles admissions<\/strong>\u00a0(vs 350 il y a une semaine) en 24\u00a0heures. <strong>1 665 malades atteints d&rsquo;une forme s\u00e9v\u00e8re de COVID-19<\/strong>\u00a0(vs 2\u00a0132 il y a une semaine) sont hospitalis\u00e9s en r\u00e9animation.<strong>\u00a030\u00a0nouveaux cas graves ont \u00e9t\u00e9 admis en r\u00e9animation<\/strong>\u00a0(vs 46\u00a0il y a une semaine). Le <strong>solde reste n\u00e9gatif en r\u00e9animation<\/strong>, avec<strong>\u00a036\u00a0malades de COVID-19\u00a0en moins par rapport \u00e0 hier<\/strong>. 4\u00a0r\u00e9gions (\u00cele-de-France, Grand-Est, Auvergne-Rh\u00f4ne-Alpes, Hauts-de-France) regroupent 71% des cas hospitalis\u00e9s en r\u00e9animation. En\u00a0<strong>Outre-Mer<\/strong>\u00a0(Guadeloupe, Guyane, La R\u00e9union, Martinique, Mayotte), on rel\u00e8ve\u00a0<strong>102\u00a0hospitalisations<\/strong>, dont<strong>\u00a015\u00a0en r\u00e9animation<\/strong>. Depuis le 1er mars, <strong>28 215\u00a0d\u00e9c\u00e8s li\u00e9s au COVID-19 sont d\u00e9plor\u00e9s<\/strong>, <strong>17 870\u00a0d\u00e9c\u00e8s dans les h\u00f4pitaux et 10\u00a0345 d\u00e9c\u00e8s dans les \u00e9tablissements sociaux et m\u00e9dicosociaux<\/strong>. Selon la nouvelle\u00a0<a href=\"https:\/\/dashboard.covid19.data.gouv.fr\/activite-epidemique?location=FRA\" target=\"_blank\" rel=\"noopener noreferrer\">carte des d\u00e9partements<\/a>, <strong>le virus circule activement dans 3\u00a0d\u00e9partements situ\u00e9s en zone rouge (Paris, Val-d&rsquo;Oise et Mayotte), 13\u00a0sont class\u00e9s orange, 89 sont class\u00e9s vert.<\/strong><\/p>\n<div style=\"text-align:center\">\n<figure class=\"image\" style=\"display:inline-block\"><a class=\"fancy\" href=\"https:\/\/img-3.journaldesfemmes.fr\/_0lHLSuHOHCQ_7lFu5IvBmqJo4Y=\/1080x\/smart\/2a2eea48feaf422b9ee5ce066c116229\/ccmcms-jdf\/15494568.jpg\"><img decoding=\"async\" alt=\"carte coronavirus 7 mai\" src=\"https:\/\/img-3.journaldesfemmes.fr\/_0lHLSuHOHCQ_7lFu5IvBmqJo4Y=\/1080x\/smart\/2a2eea48feaf422b9ee5ce066c116229\/ccmcms-jdf\/15494568.jpg\"\/><\/a><figcaption data-credit=\"Minist\u00e8re de la Sant\u00e9\" data-legend=\"Carte de circulation active du virus en France le 7 mai\">Carte de circulation active du virus en France le 7 mai <small>\u00a9\u00a0Minist\u00e8re de la Sant\u00e9<\/small><\/figcaption><\/figure>\n<\/div>\n<p>Le <strong>21 mai, Sant\u00e9 Publique France indique dans son dernier\u00a0<a href=\"https:\/\/www.santepubliquefrance.fr\/maladies-et-traumatismes\/maladies-et-infections-respiratoires\/infection-a-coronavirus\/documents\/bulletin-national\/covid-19-point-epidemiologique-du-21-mai-2020\" target=\"_blank\" rel=\"noopener noreferrer\">point \u00e9pid\u00e9miologique<\/a>\u00a0:<\/strong><\/p>\n<ul>\n<li>Depuis 7 semaines, les indicateurs \u00e9pid\u00e9miologiques de circulation du SARS-CoV-2\u00a0sont en baisse en France, \u00e0 l&rsquo;exception de Mayotte\n<ul>\n<li>diminution des recours pour COVID-19\u00a0aux urgences hospitali\u00e8res traduisant une diminution des nouvelles contaminations<\/li>\n<li>diminution du nombre des nouvelles hospitalisations, des nouvelles admissions en r\u00e9animation de patients COVID-19, des nombres de patients hospitalis\u00e9s et des patients en r\u00e9animation<\/li>\n<\/ul>\n<\/li>\n<li>L\u00e9g\u00e8re augmentation des nombres d&rsquo;actes SOS M\u00e9decins en semaine 20, mais part d&rsquo;activit\u00e9 stable depuis plus de deux semaines<\/li>\n<li>Patients \u00e0 risque pour COVID-19\n<ul>\n<li>r\u00e9animation\u00a0: 83% des cas avec comorbidit\u00e9s et 54% \u00e2g\u00e9s de 65\u00a0ans et plus<\/li>\n<li>d\u00e9c\u00e8s\u00a0: 86% avec comorbidit\u00e9s et au moins 93% \u00e2g\u00e9s de 65\u00a0ans et plus<\/li>\n<\/ul>\n<\/li>\n<li><strong>R\u00e9gression des <a href=\"https:\/\/sante.journaldesfemmes.fr\/fiches-maladies\/2633581-maladie-de-kawasaki-covid-19-coronavirus-france-necker-marseille-syndrome-symptomes-traitement\/\" target=\"_blank\" rel=\"noopener noreferrer\">syndromes inflammatoires multi syst\u00e9miques survenus chez l&rsquo;enfant <\/a><\/strong><a href=\"https:\/\/sante.journaldesfemmes.fr\/fiches-maladies\/2633581-maladie-de-kawasaki-covid-19-coronavirus-france-necker-marseille-syndrome-symptomes-traitement\/\" target=\"_blank\" rel=\"noopener noreferrer\">et en lien avec l&rsquo;\u00e9pid\u00e9mie de COVID-19<\/a>\u00a0<\/li>\n<li><strong>Exc\u00e8s de mortalit\u00e9 toutes causes au niveau national, particuli\u00e8rement marqu\u00e9 dans les r\u00e9gions Grand Est et Ile-de-France<\/strong>.<\/li>\n<\/ul>\n<blockquote>\n<p style=\"text-align: right;\">\u00a0<\/p>\n<\/blockquote>\n<p><iframe loading=\"lazy\" height=\"1000\" src=\"https:\/\/mapthenews.maps.arcgis.com\/apps\/opsdashboard\/index.html#\/bae8aaa7a0b14261b4621c31db410c44\" style=\"border: 0px\" width=\"600\"><\/iframe><\/p>\n<p>Depuis le d\u00e9but de l&rsquo;\u00e9pid\u00e9mie,<strong> 100 225 personnes ont \u00e9t\u00e9 hospitalis\u00e9es, dont pr\u00e8s de 17 701 en r\u00e9animation.\u00a0<\/strong>Samedi 23\u00a0mai, <strong>17 178 personnes (vs 19 432 il y a une semaine) sont hospitalis\u00e9es pour une infection COVID-19<\/strong>\u00a0et<strong> 233 nouvelles admissions<\/strong>\u00a0(vs 350 il y a une semaine) ont \u00e9t\u00e9 enregistr\u00e9es en 24\u00a0heures.\u00a0<strong>1 665\u00a0<\/strong><strong>malades atteints d&rsquo;une forme s\u00e9v\u00e8re de COVID-19<\/strong>\u00a0(vs 2\u00a0132 il y a une semaine) sont hospitalis\u00e9s en r\u00e9animation.<strong>\u00a030\u00a0nouveaux cas graves ont \u00e9t\u00e9 admis en r\u00e9animation<\/strong>\u00a0(vs 46 il y a une semaine).\u00a0<\/p>\n<p><iframe loading=\"lazy\" height=\"600\" src=\"https:\/\/geodes.santepubliquefrance.fr\/?view=map2&amp;indics=covid_hospit.hosp&amp;serie=2020-04-28&amp;f1code=0&amp;lang=fr&amp;iframe=1\" width=\"600\"><\/iframe><\/p>\n<p>Selon la carte des d\u00e9partements, <strong>la tension hospitali\u00e8re sur les capacit\u00e9s de r\u00e9animation subsiste dans 27 d\u00e9partements : dont l&rsquo;ensemble de l&rsquo;Ile-de-France, le Grand-Est et la Bourgogne-Franche-Comt\u00e9,\u00a0situ\u00e9s en zone rouge <\/strong>pour la semaine \u00e9coul\u00e9e. Quatre\u00a0r\u00e9gions (Ile de France, Auvergne Rh\u00f4ne Alpes, Grand Est et Hauts de France) ont concentr\u00e9\u00a0pr\u00e8s de <strong>72% des patients hospitalis\u00e9s en r\u00e9animation<\/strong>. En outre-mer (Guadeloupe, Guyane, La R\u00e9union, Martinique, Mayotte), on rel\u00e8ve 81\u00a0hospitalisations, dont 22\u00a0en r\u00e9animation.\u00a0<\/p>\n<div style=\"text-align:center\">\n<figure class=\"image\" style=\"display:inline-block\"><a class=\"fancy\" href=\"https:\/\/img-3.journaldesfemmes.fr\/N3EsedGJ9KGfTU35s-SMwxX7KLY=\/1080x\/smart\/fd92d0e780e34a79b81634d198c4b666\/ccmcms-jdf\/15494649.jpg\"><img decoding=\"async\" alt=\"carte hopital coronavirus 7 mai\" src=\"https:\/\/img-3.journaldesfemmes.fr\/N3EsedGJ9KGfTU35s-SMwxX7KLY=\/1080x\/smart\/fd92d0e780e34a79b81634d198c4b666\/ccmcms-jdf\/15494649.jpg\"\/><\/a><figcaption data-credit=\"Minist\u00e8re de la Sant\u00e9\" data-legend=\"Carte de la tension hospitali\u00e8re en raison de l'\u00e9pid\u00e9mie de coronavirus dans les d\u00e9partements fran\u00e7ais.\">Carte de la tension hospitali\u00e8re en raison de l&rsquo;\u00e9pid\u00e9mie de coronavirus dans les d\u00e9partements fran\u00e7ais. <small>\u00a9\u00a0Minist\u00e8re de la Sant\u00e9<\/small><\/figcaption><\/figure>\n<\/div>\n<h3 data-link=\"getSelectedFicIndicLabel()\"><strong>Dans les \u00e9tablissements de sant\u00e9,\u00a0le gouvernement a activ\u00e9 plusieurs plans\u00a0:\u00a0<\/strong><\/h3>\n<ul>\n<li>La France applique le<strong>\u00a0<a href=\"https:\/\/sante.journaldesfemmes.fr\/fiches-maladies\/2624681-plan-blanc-elargi-c-est-quoi-hopital-coronavirus-hospitalisation-deprogrammees-non-urgentes\/\" target=\"_blank\" rel=\"noopener noreferrer\">plan blanc<\/a><\/strong><a href=\"https:\/\/sante.journaldesfemmes.fr\/fiches-maladies\/2624681-plan-blanc-elargi-c-est-quoi-hopital-coronavirus-hospitalisation-deprogrammees-non-urgentes\/\" target=\"_blank\" rel=\"noopener noreferrer\"> <\/a>\u00e9largi g\u00e9n\u00e9ralis\u00e9 (plan de mobilisation interne) depuis le 19\u00a0mars, dans tous les \u00e9tablissements de sant\u00e9 (publics et priv\u00e9s), pour mettre en place rapidement des moyens mat\u00e9riel, logistiques et humains indispensables en cas d&rsquo;afflux de patients dans les \u00e9tablissements hospitaliers. Les consultations et les hospitalisations non urgentes sont d\u00e9programm\u00e9es.<\/li>\n<li>La France a d\u00e9clench\u00e9 le <strong><a href=\"https:\/\/sante.journaldesfemmes.fr\/fiches-maladies\/2624771-plan-bleu-c-est-quoi-quelles-maisons-de-retraites-ehpad-coronavirus\/\" target=\"_blank\" rel=\"noopener noreferrer\">plan bleu<\/a> dans les Ehpad<\/strong> (Etablissement H\u00e9bergeant des Personnes \u00c2g\u00e9es D\u00e9pendantes) le <strong>6\u00a0mars. <\/strong>Le principe est le m\u00eame que dans les h\u00f4pitaux\u00a0: le chef d&rsquo;\u00e9tablissement doit permettre \u00ab\u00a0<em>la mise en oeuvre rapide et coh\u00e9rente des moyens indispensables pour faire face efficacement \u00e0 une situation exceptionnelle<\/em>\u00ab\u00a0. Le plan bleu peut induire notamment\u00a0\u00ab\u00a0<em>le confinement des r\u00e9sidents, usagers et personnels ; l&rsquo;\u00e9vacuation des r\u00e9sidents, usagers et personnels<\/em>\u00ab\u00a0.<\/li>\n<li>La<strong> <a href=\"https:\/\/sante.journaldesfemmes.fr\/fiches-maladies\/2624921-reserve-sanitaire-coronavirus-s-inscrire-salaire-missions-france-reserviste\/\" target=\"_blank\" rel=\"noopener noreferrer\">r\u00e9serve sanitaire<\/a><\/strong>\u00a0et la r\u00e9serve civique (aide alimentaire d&rsquo;urgence, garde exceptionnelle d&rsquo;enfants, lien avec les personnes fragiles isol\u00e9es, solidarit\u00e9 de proximit\u00e9)\u00a0sont\u00a0aussi mobilis\u00e9es.\u00a0<\/li>\n<\/ul>\n<h3 data-link=\"getSelectedFicIndicLabel()\" style=\"text-align: center;\">Courbe d&rsquo;\u00e9volution du nombre de personnes actuellement en r\u00e9animation ou soins intensifs pour Covid-19\u00a0&#8211; hommes et femmes &#8211; entre le 19 mars et le 18 mai 2020.<\/h3>\n<div style=\"text-align:center\">\n<figure class=\"image\" style=\"display:inline-block\"><a class=\"fancy\" href=\"https:\/\/img-3.journaldesfemmes.fr\/b0R7PY150fZjTTop_oc0mC1VVQE=\/1080x\/smart\/0f600a721fe2482d8644d52b229599f9\/ccmcms-jdf\/15781269.png\"><img decoding=\"async\" alt=\"courbe \u00e9volution r\u00e9animation coronavirus\" src=\"https:\/\/img-3.journaldesfemmes.fr\/b0R7PY150fZjTTop_oc0mC1VVQE=\/1080x\/smart\/0f600a721fe2482d8644d52b229599f9\/ccmcms-jdf\/15781269.png\"\/><\/a><figcaption data-credit=\"G\u00e9odes Sant\u00e9 Publique France\" data-legend=\"Evolution du nombre de personnes actuellement en r\u00e9animation ou soins intensifs pour covid-19 - hommes et femmes- du 20 mars au 18 mai 2020\u00a0\">Evolution du nombre de personnes actuellement en r\u00e9animation ou soins intensifs pour covid-19 &#8211; hommes et femmes- du 19 mars au 18 mai 2020\u00a0 <small>\u00a9\u00a0G\u00e9odes Sant\u00e9 Publique France<\/small><\/figcaption><\/figure>\n<\/div>\n<p>Selon les <a href=\"https:\/\/www.gouvernement.fr\/info-coronavirus\/carte-et-donnees\">chiffres communiqu\u00e9s par le gouvernement<\/a>, consolid\u00e9s avec l&rsquo;Agence Sant\u00e9 Publique France et\u00a0les ARS (Agences r\u00e9gionales de Sant\u00e9), voici le nombre de personnes hospitalis\u00e9es en France par r\u00e9gion, celles en r\u00e9animation et celles qui sont gu\u00e9ries et ont pu rentrer chez elles. Pour l&rsquo;instant, Sant\u00e9 Publique France\u00a0ne publie plus le nombre de cas recens\u00e9s par r\u00e9gions.<\/p>\n<table border=\"1\" cellpadding=\"1\" cellspacing=\"1\" style=\"width:100%;\">\n<caption>Nombre d&rsquo;hospitalisations et de d\u00e9c\u00e8s \u00e0 l&rsquo;h\u00f4pital \u00e0 cause du coronavirus par r\u00e9gions de France (23 mai 2020)<\/caption>\n<thead>\n<tr>\n<th scope=\"col\" style=\"width: 210px;\">R\u00e9gions<\/th>\n<th scope=\"col\" style=\"width: 217px;\">Personnes hospitalis\u00e9es<\/th>\n<th scope=\"col\" style=\"width: 230px;\">R\u00e9animations<\/th>\n<th scope=\"col\" style=\"width: 236px;\">Retours \u00e0 domicile<\/th>\n<th scope=\"col\" style=\"width: 236px;\">D\u00e9c\u00e8s \u00e0 l&rsquo;h\u00f4pital<\/th>\n<\/tr>\n<\/thead>\n<tbody>\n<tr>\n<td style=\"width: 210px;\"><b>\u00cele-de-France<\/b><\/td>\n<td style=\"width: 217px;\">7 215<\/td>\n<td style=\"width: 230px;\">688<\/td>\n<td style=\"width: 236px;\">23 482<\/td>\n<td style=\"width: 236px;\">6 907<\/td>\n<\/tr>\n<tr>\n<td style=\"width: 210px;\"><strong>Grand Est<\/strong><\/td>\n<td style=\"width: 217px;\">2 725<\/td>\n<td style=\"width: 230px;\">210<\/td>\n<td style=\"width: 236px;\">10 231<\/td>\n<td style=\"width: 236px;\">3 357<\/td>\n<\/tr>\n<tr>\n<td style=\"width: 210px;\"><strong>Auvergne-Rh\u00f4ne-Alpes<\/strong><\/td>\n<td style=\"width: 217px;\">1 514<\/td>\n<td style=\"width: 230px;\">148<\/td>\n<td style=\"width: 236px;\">6 598<\/td>\n<td style=\"width: 236px;\">1 623<\/td>\n<\/tr>\n<tr>\n<td style=\"width: 210px;\"><strong>Hauts-de-France<\/strong><\/td>\n<td style=\"width: 217px;\">1 607<\/td>\n<td style=\"width: 230px;\">156<\/td>\n<td style=\"width: 236px;\">5 401<\/td>\n<td style=\"width: 236px;\">1 675<\/td>\n<\/tr>\n<tr>\n<td style=\"width: 210px;\"><strong>Bourgogne-Franche-Comt\u00e9<\/strong><\/td>\n<td style=\"width: 217px;\">658<\/td>\n<td style=\"width: 230px;\">62<\/td>\n<td style=\"width: 236px;\">3 176<\/td>\n<td style=\"width: 236px;\">988<\/td>\n<\/tr>\n<tr>\n<td style=\"width: 210px;\"><strong>Provence-Alpes-C\u00f4te d&rsquo;Azur<\/strong><\/td>\n<td style=\"width: 217px;\">1 010<\/td>\n<td style=\"width: 230px;\">99<\/td>\n<td style=\"width: 236px;\">4 712<\/td>\n<td style=\"width: 236px;\">876<\/td>\n<\/tr>\n<tr>\n<td style=\"width: 210px;\"><strong>Occitanie<\/strong><\/td>\n<td style=\"width: 217px;\">291<\/td>\n<td style=\"width: 230px;\">60<\/td>\n<td style=\"width: 236px;\">2 598<\/td>\n<td style=\"width: 236px;\">482<\/td>\n<\/tr>\n<tr>\n<td style=\"width: 210px;\"><strong>Bretagne<\/strong><\/td>\n<td style=\"width: 217px;\">233<\/td>\n<td style=\"width: 230px;\">21<\/td>\n<td style=\"width: 236px;\">1 091<\/td>\n<td style=\"width: 236px;\">242<\/td>\n<\/tr>\n<tr>\n<td style=\"width: 210px;\"><strong>Nouvelle-Aquitaine<\/strong><\/td>\n<td style=\"width: 217px;\">374<\/td>\n<td style=\"width: 230px;\">56<\/td>\n<td style=\"width: 236px;\">1 821<\/td>\n<td style=\"width: 236px;\">382<\/td>\n<\/tr>\n<tr>\n<td style=\"width: 210px;\"><strong><a href=\"http:\/\/www.affinite.fr\/index.php\/2024\/11\/21\/construire-votre-maison-en-normandie\/\">Normandie<\/a><\/strong><\/td>\n<td style=\"width: 217px;\">429<\/td>\n<td style=\"width: 230px;\">31<\/td>\n<td style=\"width: 236px;\">1 373<\/td>\n<td style=\"width: 236px;\">408<\/td>\n<\/tr>\n<tr>\n<td style=\"width: 210px;\"><strong>Centre Val-de-Loire<\/strong><\/td>\n<td style=\"width: 217px;\">689<\/td>\n<td style=\"width: 230px;\">48<\/td>\n<td style=\"width: 236px;\">1 666<\/td>\n<td style=\"width: 236px;\">495<\/td>\n<\/tr>\n<tr>\n<td style=\"width: 210px;\"><strong>Pays de la Loire<\/strong><\/td>\n<td style=\"width: 217px;\">440<\/td>\n<td style=\"width: 230px;\">30<\/td>\n<td style=\"width: 236px;\">1 635<\/td>\n<td style=\"width: 236px;\">425<\/td>\n<\/tr>\n<tr>\n<td style=\"width: 210px;\"><strong>Corse<\/strong><\/td>\n<td style=\"width: 217px;\">35<\/td>\n<td style=\"width: 230px;\">4<\/td>\n<td style=\"width: 236px;\">218<\/td>\n<td style=\"width: 236px;\">57<\/td>\n<\/tr>\n<tr>\n<td style=\"width: 210px;\"><strong>Martinique<\/strong><\/td>\n<td style=\"width: 217px;\">18<\/td>\n<td style=\"width: 230px;\">2<\/td>\n<td style=\"width: 236px;\">81<\/td>\n<td style=\"width: 236px;\">14<\/td>\n<\/tr>\n<tr>\n<td style=\"width: 210px;\"><strong>Guadeloupe<\/strong><\/td>\n<td style=\"width: 217px;\">13<\/td>\n<td style=\"width: 230px;\">2<\/td>\n<td style=\"width: 236px;\">73<\/td>\n<td style=\"width: 236px;\">16<\/td>\n<\/tr>\n<tr>\n<td style=\"width: 210px;\"><strong>La R\u00e9union<\/strong><\/td>\n<td style=\"width: 217px;\">11<\/td>\n<td style=\"width: 230px;\">1<\/td>\n<td style=\"width: 236px;\">116<\/td>\n<td style=\"width: 236px;\">1<\/td>\n<\/tr>\n<tr>\n<td style=\"width: 210px;\"><strong>Guyane<\/strong><\/td>\n<td style=\"width: 217px;\">17<\/td>\n<td style=\"width: 230px;\">0<\/td>\n<td style=\"width: 236px;\">56<\/td>\n<td style=\"width: 236px;\">1<\/td>\n<\/tr>\n<tr>\n<td style=\"width: 210px;\"><strong>Mayotte<\/strong><\/td>\n<td style=\"width: 217px;\">43<\/td>\n<td style=\"width: 230px;\">10<\/td>\n<td style=\"width: 236px;\">210<\/td>\n<td style=\"width: 236px;\">19<\/td>\n<\/tr>\n<tr>\n<td style=\"width: 210px;\"><strong>TOTAL<\/strong><\/td>\n<td style=\"width: 217px;\"><b>17 178<\/b><\/td>\n<td style=\"width: 230px;\"><b>1 665<\/b><\/td>\n<td style=\"width: 236px;\"><b>64 547<\/b><\/td>\n<td style=\"width: 236px;\"><strong>17 987<\/strong><\/td>\n<\/tr>\n<\/tbody>\n<\/table>\n<blockquote>\n<p style=\"text-align: right;\">\u00a0<\/p>\n<\/blockquote>\n<p>Les personnes \u00e2g\u00e9es sont tr\u00e8s \u00e0 risque de d\u00e9c\u00e8s face au coronavirus. Au 23\u00a0mai, les chiffres du gouvernement ne sont pas connus. Vendredi on comptait<strong>\u00a010 345 d\u00e9c\u00e8s <\/strong>dans les \u00e9tablissements sociaux et m\u00e9dico-sociaux et Ehpad (Etablissement d&rsquo;h\u00e9bergement pour personnes \u00e2g\u00e9es d\u00e9pendantes).\u00a0Le <strong>nombre de d\u00e9c\u00e8s chez les r\u00e9sidents a atteint un pic d\u00e9but avril<\/strong> et d\u00e9cro\u00eet depuis. Selon les <a href=\"https:\/\/www.gouvernement.fr\/info-coronavirus\/carte-et-donnees\" target=\"_blank\" rel=\"noopener noreferrer\">donn\u00e9es du gouvernement<\/a>, il y aurait <strong>74 481\u00a0cas <\/strong>dont<strong>\u00a036 751 cas\u00a0confirm\u00e9s<\/strong> par tests PCR dans plus de 7 000\u00a0\u00e9tablissements sociaux et m\u00e9dico-sociaux depuis le d\u00e9but de l&rsquo;\u00e9pid\u00e9mie. Le 21 mai, Sant\u00e9 Publique France indique que la proportion de nouveaux cas, possibles ou confirm\u00e9s, chez les r\u00e9sidents des Ehpad a encore\u00a0<strong>diminu\u00e9 sur les 14\u00a0derniers jours<\/strong>. La <strong>l\u00e9talit\u00e9 chez les r\u00e9sidents des EHPAD \u00e9tait plus \u00e9lev\u00e9e dans les r\u00e9gions Corse, Grand Est, Ile-de-France, Auvergne-Rh\u00f4ne-Alpes, Bourgogne-Franche-Comt\u00e9 et Centre-Val de Loire<\/strong>. La l\u00e9talit\u00e9 correspond aux nombres de d\u00e9c\u00e8s \u00e0 l&rsquo;h\u00f4pital ou dans l&rsquo;\u00e9tablissement rapport\u00e9s aux nombres de cas possibles et confirm\u00e9s r\u00e9sidant dans les EHPAD.\u00a0<\/p>\n<p>Le premier d\u00e9c\u00e8s du coronavirus est survenu \u00e0 Paris le 14\u00a0f\u00e9vrier, il s&rsquo;agissait d&rsquo;un\u00a0patient chinois de 80\u00a0ans.<strong>\u00a0<\/strong>Au 23\u00a0mai 2020 (les derniers chiffres communiqu\u00e9s par le gouvernement date du 22 mai),<strong>\u00a028 289\u00a0<\/strong><strong>d\u00e9c\u00e8s <\/strong>sont li\u00e9s au COVID 19\u00a0en France (chiffres partiels) :\u00a0<strong>17\u00a0944 d\u00e9c\u00e8s dans les h\u00f4pitaux et 10\u00a0345 d\u00e9c\u00e8s (vendredi) dans les \u00e9tablissements sociaux et m\u00e9dicosociaux<\/strong><strong>.<\/strong>\u00a0Au 7 mai, selon <a href=\"https:\/\/www.santepubliquefrance.fr\/maladies-et-traumatismes\/maladies-et-infections-respiratoires\/infection-a-coronavirus\/documents\/bulletin-national\/covid-19-point-epidemiologique-du-7-mai-2020\" target=\"_blank\" rel=\"noopener noreferrer\">Sant\u00e9 Publique France<\/a>,<strong>\u00a092% des cas <\/strong>de COVID-19\u00a0d\u00e9c\u00e9d\u00e9s entre le 1er mars et le 5\u00a0mai 2020 \u00e9taient \u00e2g\u00e9s de<strong> 65\u00a0ans ou plus<\/strong>. Les plus forts taux de d\u00e9c\u00e8s de patients COVID-19\u00a0rapport\u00e9s \u00e0 la population \u00e9taient observ\u00e9s en Ile-de-France, Grand Est, Bourgogne-Franche-Comt\u00e9 et Centre-Val de Loire. Le nombre hebdomadaire de d\u00e9c\u00e8s pour 100\u00a0000\u00a0habitants en France a diminu\u00e9 entre les semaines 17\u00a0et 18\u00a0(3\u00a0418\u00a0versus 2\u00a0138).<\/p>\n<p><iframe loading=\"lazy\" height=\"600\" src=\"https:\/\/geodes.santepubliquefrance.fr\/?view=map2&amp;indics=covid_hospit.dc&amp;serie=2020-04-28&amp;f1code=0&amp;lang=fr&amp;iframe=1\" width=\"600\"><\/iframe><\/p>\n<h3 data-link=\"getSelectedFicIndicLabel()\">\u00a0<\/h3>\n<table border=\"1\" cellpadding=\"1\" cellspacing=\"1\" style=\"width:100%;\">\n<caption>Evolution du nombre de d\u00e9c\u00e8s par Covid-19 dans les h\u00f4pitaux en France (Source : G\u00e9odes Sant\u00e9 Publique France).<\/caption>\n<tbody>\n<tr>\n<td style=\"text-align: center; width: 256px;\"><strong>DATE<\/strong><\/td>\n<td style=\"text-align: center; width: 426px;\"><strong>Nombre de nouveaux d\u00e9c\u00e8s dans les h\u00f4pitaux sur la journ\u00e9e<\/strong><\/td>\n<td style=\"text-align: center; width: 316px;\"><strong>Nombre total de d\u00e9c\u00e8s<\/strong><\/td>\n<\/tr>\n<tr>\n<td style=\"width: 256px;\"><strong>15\u00a0mars<\/strong><\/td>\n<td style=\"text-align: center; width: 426px;\">36<\/td>\n<td style=\"text-align: center; width: 316px;\">101<\/td>\n<\/tr>\n<tr>\n<td style=\"width: 256px;\"><strong>16\u00a0mars<\/strong><\/td>\n<td style=\"text-align: center; width: 426px;\">21<\/td>\n<td style=\"text-align: center; width: 316px;\">122<\/td>\n<\/tr>\n<tr>\n<td style=\"width: 256px;\"><strong>17\u00a0mars<\/strong><\/td>\n<td style=\"text-align: center; width: 426px;\">27<\/td>\n<td style=\"text-align: center; width: 316px;\">149<\/td>\n<\/tr>\n<tr>\n<td style=\"width: 256px;\"><strong>18\u00a0mars<\/strong><\/td>\n<td style=\"text-align: center; width: 426px;\">69<\/td>\n<td style=\"text-align: center; width: 316px;\">218<\/td>\n<\/tr>\n<tr>\n<td style=\"width: 256px;\"><strong>19\u00a0mars<\/strong><\/td>\n<td style=\"text-align: center; width: 426px;\">109<\/td>\n<td style=\"text-align: center; width: 316px;\">327<\/td>\n<\/tr>\n<tr>\n<td style=\"width: 256px;\"><strong>20\u00a0mars\u00a0<\/strong><\/td>\n<td style=\"text-align: center; width: 426px;\">123<\/td>\n<td style=\"text-align: center; width: 316px;\">450<\/td>\n<\/tr>\n<tr>\n<td style=\"width: 256px;\"><strong>21\u00a0mars<\/strong><\/td>\n<td style=\"text-align: center; width: 426px;\">75<\/td>\n<td style=\"text-align: center; width: 316px;\">525<\/td>\n<\/tr>\n<tr>\n<td style=\"width: 256px;\"><strong>22\u00a0mars<\/strong><\/td>\n<td style=\"text-align: center; width: 426px;\">107<\/td>\n<td style=\"text-align: center; width: 316px;\">632<\/td>\n<\/tr>\n<tr>\n<td style=\"width: 256px;\"><strong>23\u00a0mars<\/strong><\/td>\n<td style=\"text-align: center; width: 426px;\">228<\/td>\n<td style=\"text-align: center; width: 316px;\">860<\/td>\n<\/tr>\n<tr>\n<td style=\"width: 256px;\"><strong>24\u00a0mars<\/strong><\/td>\n<td style=\"text-align: center; width: 426px;\">240<\/td>\n<td style=\"text-align: center; width: 316px;\">1100<\/td>\n<\/tr>\n<tr>\n<td style=\"width: 256px;\"><strong>25\u00a0mars<\/strong><\/td>\n<td style=\"text-align: center; width: 426px;\">288<\/td>\n<td style=\"text-align: center; width: 316px;\">1388<\/td>\n<\/tr>\n<tr>\n<td style=\"width: 256px;\"><strong>26\u00a0mars<\/strong><\/td>\n<td style=\"text-align: center; width: 426px;\">308<\/td>\n<td style=\"text-align: center; width: 316px;\">1696<\/td>\n<\/tr>\n<tr>\n<td style=\"width: 256px;\"><strong>27\u00a0mars<\/strong><\/td>\n<td style=\"text-align: center; width: 426px;\">299<\/td>\n<td style=\"text-align: center; width: 316px;\">1995<\/td>\n<\/tr>\n<tr>\n<td style=\"width: 256px;\"><strong>28\u00a0mars<\/strong><\/td>\n<td style=\"text-align: center; width: 426px;\">319<\/td>\n<td style=\"text-align: center; width: 316px;\">2314<\/td>\n<\/tr>\n<tr>\n<td style=\"width: 256px;\"><strong>29\u00a0mars<\/strong><\/td>\n<td style=\"text-align: center; width: 426px;\">292<\/td>\n<td style=\"text-align: center; width: 316px;\">2606<\/td>\n<\/tr>\n<tr>\n<td style=\"width: 256px;\"><strong>30\u00a0mars<\/strong><\/td>\n<td style=\"text-align: center; width: 426px;\">418<\/td>\n<td style=\"text-align: center; width: 316px;\">3024<\/td>\n<\/tr>\n<tr>\n<td style=\"width: 256px;\"><strong>31\u00a0mars<\/strong><\/td>\n<td style=\"text-align: center; width: 426px;\">499<\/td>\n<td style=\"text-align: center; width: 316px;\">3523<\/td>\n<\/tr>\n<tr>\n<td style=\"width: 256px;\"><strong>01 avril<\/strong><\/td>\n<td style=\"text-align: center; width: 426px;\">509<\/td>\n<td style=\"text-align: center; width: 316px;\">4032<\/td>\n<\/tr>\n<tr>\n<td style=\"width: 256px;\"><strong>02 avril<\/strong><\/td>\n<td style=\"text-align: center; width: 426px;\">471<\/td>\n<td style=\"text-align: center; width: 316px;\">4 503<\/td>\n<\/tr>\n<tr>\n<td style=\"width: 256px;\"><strong>03 avril<\/strong><\/td>\n<td style=\"text-align: center; width: 426px;\">588<\/td>\n<td style=\"text-align: center; width: 316px;\">5 091<\/td>\n<\/tr>\n<tr>\n<td style=\"width: 256px;\"><strong>04 avril<\/strong><\/td>\n<td style=\"text-align: center; width: 426px;\">441<\/td>\n<td style=\"text-align: center; width: 316px;\">5 532<\/td>\n<\/tr>\n<tr>\n<td style=\"width: 256px;\"><strong>05 avril<\/strong><\/td>\n<td style=\"text-align: center; width: 426px;\">357<\/td>\n<td style=\"text-align: center; width: 316px;\">5 889<\/td>\n<\/tr>\n<tr>\n<td style=\"width: 256px;\"><strong>06\u00a0avril<\/strong><\/td>\n<td style=\"text-align: center; width: 426px;\">605<\/td>\n<td style=\"text-align: center; width: 316px;\">6 494<\/td>\n<\/tr>\n<tr>\n<td style=\"width: 256px;\"><strong>07 avril<\/strong><\/td>\n<td style=\"text-align: center; width: 426px;\">597<\/td>\n<td style=\"text-align: center; width: 316px;\">7\u00a0091<\/td>\n<\/tr>\n<tr>\n<td style=\"width: 256px;\"><strong>08 avril<\/strong><\/td>\n<td style=\"text-align: center; width: 426px;\">541<\/td>\n<td style=\"text-align: center; width: 316px;\">7\u00a0632<\/td>\n<\/tr>\n<tr>\n<td style=\"width: 256px;\"><strong>09 avril<\/strong><\/td>\n<td style=\"text-align: center; width: 426px;\">412<\/td>\n<td style=\"text-align: center; width: 316px;\">8 044<\/td>\n<\/tr>\n<tr>\n<td style=\"width: 256px;\"><b>10 avril<\/b><\/td>\n<td style=\"text-align: center; width: 426px;\">554<\/td>\n<td style=\"text-align: center; width: 316px;\">8 698<\/td>\n<\/tr>\n<tr>\n<td style=\"width: 256px;\"><b>11 avril<\/b><\/td>\n<td style=\"text-align: center; width: 426px;\">345<\/td>\n<td style=\"text-align: center; width: 316px;\">8 943<\/td>\n<\/tr>\n<tr>\n<td style=\"width: 256px;\"><strong>12\u00a0avril<\/strong><\/td>\n<td style=\"text-align: center; width: 426px;\">310<\/td>\n<td style=\"text-align: center; width: 316px;\">9 253<\/td>\n<\/tr>\n<tr>\n<td style=\"width: 256px;\"><strong>13\u00a0avril<\/strong><\/td>\n<td style=\"text-align: center; width: 426px;\">335<\/td>\n<td style=\"text-align: center; width: 316px;\">9\u00a0588<\/td>\n<\/tr>\n<tr>\n<td style=\"width: 256px;\"><strong>14 avril<\/strong><\/td>\n<td style=\"text-align: center; width: 426px;\">541<\/td>\n<td style=\"text-align: center; width: 316px;\">10 129<\/td>\n<\/tr>\n<tr>\n<td style=\"width: 256px;\"><strong>15 avril<\/strong><\/td>\n<td style=\"text-align: center; width: 426px;\">514<\/td>\n<td style=\"text-align: center; width: 316px;\">10 643<\/td>\n<\/tr>\n<tr>\n<td style=\"width: 256px;\"><strong>16 avril<\/strong><\/td>\n<td style=\"text-align: center; width: 426px;\">417<\/td>\n<td style=\"text-align: center; width: 316px;\">11 060<\/td>\n<\/tr>\n<tr>\n<td style=\"width: 256px;\"><strong>17 avril<\/strong><\/td>\n<td style=\"text-align: center; width: 426px;\">418<\/td>\n<td style=\"text-align: center; width: 316px;\">11 478<\/td>\n<\/tr>\n<tr>\n<td style=\"width: 256px;\"><strong>18 avril<\/strong><\/td>\n<td style=\"text-align: center; width: 426px;\">364<\/td>\n<td style=\"text-align: center; width: 316px;\">11 842<\/td>\n<\/tr>\n<tr>\n<td style=\"width: 256px;\"><strong>19 avril<\/strong><\/td>\n<td style=\"text-align: center; width: 426px;\">227<\/td>\n<td style=\"text-align: center; width: 316px;\">12 069<\/td>\n<\/tr>\n<tr>\n<td style=\"width: 256px;\"><strong>20 avril<\/strong><\/td>\n<td style=\"text-align: center; width: 426px;\">444<\/td>\n<td style=\"text-align: center; width: 316px;\">12 513<\/td>\n<\/tr>\n<tr>\n<td style=\"width: 256px;\"><strong>21 avril<\/strong><\/td>\n<td style=\"text-align: center; width: 426px;\">387<\/td>\n<td style=\"text-align: center; width: 316px;\">12 900<\/td>\n<\/tr>\n<tr>\n<td style=\"width: 256px;\"><strong>22 avril<\/strong><\/td>\n<td style=\"text-align: center; width: 426px;\">336<\/td>\n<td style=\"text-align: center; width: 316px;\">13 236<\/td>\n<\/tr>\n<tr>\n<td style=\"width: 256px;\"><strong>23 avril<\/strong><\/td>\n<td style=\"text-align: center; width: 426px;\">311<\/td>\n<td style=\"text-align: center; width: 316px;\">13 547<\/td>\n<\/tr>\n<tr>\n<td style=\"width: 256px;\"><strong>24 avril<\/strong><\/td>\n<td style=\"text-align: center; width: 426px;\">305<\/td>\n<td style=\"text-align: center; width: 316px;\">13 852<\/td>\n<\/tr>\n<tr>\n<td style=\"width: 256px;\"><strong>25 avril<\/strong><\/td>\n<td style=\"text-align: center; width: 426px;\">198<\/td>\n<td style=\"text-align: center; width: 316px;\">14 050<\/td>\n<\/tr>\n<tr>\n<td style=\"width: 256px;\"><strong>26 avril<\/strong><\/td>\n<td style=\"text-align: center; width: 426px;\">152<\/td>\n<td style=\"text-align: center; width: 316px;\">14 202<\/td>\n<\/tr>\n<tr>\n<td style=\"width: 256px;\"><strong>27 avril<\/strong><\/td>\n<td style=\"text-align: center; width: 426px;\">295<\/td>\n<td style=\"text-align: center; width: 316px;\">14 497<\/td>\n<\/tr>\n<tr>\n<td style=\"width: 256px;\"><strong>28 avril<\/strong><\/td>\n<td style=\"text-align: center; width: 426px;\">313<\/td>\n<td style=\"text-align: center; width: 316px;\">14 810<\/td>\n<\/tr>\n<tr>\n<td style=\"width: 256px;\"><strong>29 avril<\/strong><\/td>\n<td style=\"text-align: center; width: 426px;\">243<\/td>\n<td style=\"text-align: center; width: 316px;\">15 053<\/td>\n<\/tr>\n<tr>\n<td style=\"width: 256px;\"><strong>30 avril<\/strong><\/td>\n<td style=\"text-align: center; width: 426px;\">191<\/td>\n<td style=\"text-align: center; width: 316px;\">15 244<\/td>\n<\/tr>\n<tr>\n<td style=\"width: 256px;\"><strong>1er mai<\/strong><\/td>\n<td style=\"text-align: center; width: 426px;\">125<\/td>\n<td style=\"text-align: center; width: 316px;\">15 369<\/td>\n<\/tr>\n<tr>\n<td style=\"width: 256px;\"><strong>2 mai<\/strong><\/td>\n<td style=\"text-align: center; width: 426px;\">118<\/td>\n<td style=\"text-align: center; width: 316px;\">15 487<\/td>\n<\/tr>\n<tr>\n<td style=\"width: 256px;\"><strong>3 mai<\/strong><\/td>\n<td style=\"text-align: center; width: 426px;\">96<\/td>\n<td style=\"text-align: center; width: 316px;\">15 583<\/td>\n<\/tr>\n<tr>\n<td style=\"width: 256px;\"><strong>4\u00a0<\/strong><strong>mai<\/strong><\/td>\n<td style=\"text-align: center; width: 426px;\">243<\/td>\n<td style=\"text-align: center; width: 316px;\">15\u00a0826<\/td>\n<\/tr>\n<tr>\n<td style=\"width: 256px;\"><strong>5\u00a0<\/strong><strong>mai<\/strong><\/td>\n<td style=\"text-align: center; width: 426px;\">234<\/td>\n<td style=\"text-align: center; width: 316px;\">16 060<\/td>\n<\/tr>\n<tr>\n<td style=\"width: 256px;\"><strong>6 mai<\/strong><\/td>\n<td style=\"text-align: center; width: 426px;\">177<\/td>\n<td style=\"text-align: center; width: 316px;\">16 237<\/td>\n<\/tr>\n<tr>\n<td style=\"width: 256px;\"><strong>7 mai<\/strong><\/td>\n<td style=\"text-align: center; width: 426px;\">149<\/td>\n<td style=\"text-align: center; width: 316px;\">16\u00a0386<\/td>\n<\/tr>\n<tr>\n<td style=\"width: 256px;\"><strong>8 mai<\/strong><\/td>\n<td style=\"text-align: center; width: 426px;\">118<\/td>\n<td style=\"text-align: center; width: 316px;\">16\u00a0497<\/td>\n<\/tr>\n<tr>\n<td style=\"width: 256px;\"><strong>9 mai<\/strong><\/td>\n<td style=\"text-align: center; width: 426px;\">76<\/td>\n<td style=\"text-align: center; width: 316px;\">16\u00a0573<\/td>\n<\/tr>\n<tr>\n<td style=\"width: 256px;\"><strong>10 mai<\/strong><\/td>\n<td style=\"text-align: center; width: 426px;\">70<\/td>\n<td style=\"text-align: center; width: 316px;\">16 642<\/td>\n<\/tr>\n<tr>\n<td style=\"width: 256px;\"><strong>11 mai<\/strong><\/td>\n<td style=\"text-align: center; width: 426px;\">178<\/td>\n<td style=\"text-align: center; width: 316px;\">16\u00a0820<\/td>\n<\/tr>\n<tr>\n<td style=\"width: 256px;\"><strong>12 mai<\/strong><\/td>\n<td style=\"text-align: center; width: 426px;\">183<\/td>\n<td style=\"text-align: center; width: 316px;\">17 003<\/td>\n<\/tr>\n<tr>\n<td style=\"width: 256px;\"><strong>13 mai<\/strong><\/td>\n<td style=\"text-align: center; width: 426px;\">98<\/td>\n<td style=\"text-align: center; width: 316px;\">17 101<\/td>\n<\/tr>\n<tr>\n<td style=\"width: 256px;\"><strong>14 mai<\/strong><\/td>\n<td style=\"text-align: center; width: 426px;\">123<\/td>\n<td style=\"text-align: center; width: 316px;\">17\u00a0224<\/td>\n<\/tr>\n<tr>\n<td style=\"width: 256px;\"><strong>15 mai<\/strong><\/td>\n<td style=\"text-align: center; width: 426px;\">104<\/td>\n<td style=\"text-align: center; width: 316px;\">17 342<\/td>\n<\/tr>\n<tr>\n<td style=\"width: 256px;\"><strong>16 mai<\/strong><\/td>\n<td style=\"text-align: center; width: 426px;\">96<\/td>\n<td style=\"text-align: center; width: 316px;\">17 412<\/td>\n<\/tr>\n<tr>\n<td style=\"width: 256px;\"><strong>17 mai<\/strong><\/td>\n<td style=\"text-align: center; width: 426px;\">54<\/td>\n<td style=\"text-align: center; width: 316px;\">17 466<\/td>\n<\/tr>\n<tr>\n<td style=\"width: 256px;\"><strong>18 mai<\/strong><\/td>\n<td style=\"text-align: center; width: 426px;\">123<\/td>\n<td style=\"text-align: center; width: 316px;\">17 589<\/td>\n<\/tr>\n<tr>\n<td style=\"width: 256px;\"><strong>19 mai<\/strong><\/td>\n<td style=\"text-align: center; width: 426px;\">125<\/td>\n<td style=\"text-align: center; width: 316px;\">17 714<\/td>\n<\/tr>\n<tr>\n<td style=\"width: 256px;\"><strong>20 mai<\/strong><\/td>\n<td style=\"text-align: center; width: 426px;\">98<\/td>\n<td style=\"text-align: center; width: 316px;\">17 812<\/td>\n<\/tr>\n<tr>\n<td style=\"width: 256px;\"><strong>21 mai<\/strong><\/td>\n<td style=\"text-align: center; width: 426px;\">58<\/td>\n<td style=\"text-align: center; width: 316px;\">17\u00a0870<\/td>\n<\/tr>\n<tr>\n<td style=\"width: 256px;\"><strong>22 mai<\/strong><\/td>\n<td style=\"text-align: center; width: 426px;\">74<\/td>\n<td style=\"text-align: center; width: 316px;\">17\u00a0944<\/td>\n<\/tr>\n<tr>\n<td style=\"width: 256px;\"><strong>23 mai<\/strong><\/td>\n<td style=\"text-align: center; width: 426px;\">43<\/td>\n<td style=\"text-align: center; width: 316px;\"><strong>17\u00a0987<\/strong><\/td>\n<\/tr>\n<\/tbody>\n<\/table>\n<p>Lors de la pr\u00e9sentation du plan de d\u00e9confinement le mardi 28\u00a0avril \u00e0 l&rsquo;Assembl\u00e9e nationale, le Premier ministre Edouard Philippe a annonc\u00e9 que <strong>le d\u00e9confinement se ferait progressivement, par d\u00e9partement<\/strong>. Une <a href=\"https:\/\/solidarites-sante.gouv.fr\/soins-et-maladies\/maladies\/maladies-infectieuses\/coronavirus\/etat-des-lieux-et-actualites\/article\/indicateurs-de-l-activite-epidemique\" target=\"_blank\" rel=\"noopener noreferrer\">carte des d\u00e9partements \u00ab\u00a0bicolore\u00a0\u00bb<\/a> des moins touch\u00e9s (en vert) aux plus touch\u00e9s (en rouge) par le Covid-19 remplace les cartes \u00ab\u00a0tricolores\u00a0\u00bb des jours pr\u00e9c\u00e9dents. Cette nouvelle carte\u00a0actualis\u00e9e quotidiennement a pour objectif de suivre l&rsquo;\u00e9volution de la situation \u00e9pid\u00e9mique dans\u00a0chaque d\u00e9partement afin de suivre des modalit\u00e9s de d\u00e9confinement pr\u00e9cises. Trois crit\u00e8res d\u00e9terminent l&rsquo;\u00e9volution de l&rsquo;\u00e9pid\u00e9mie et la couleur attribu\u00e9e \u00e0 chaque d\u00e9partement\u00a0:\u00a0<\/p>\n<ul>\n<li><strong>la circulation active du virus (nombre de cas),<\/strong><\/li>\n<li><strong>la tension hospitali\u00e8re sur les capacit\u00e9s en r\u00e9animation<\/strong>.<\/li>\n<li><strong>le taux de couverture des besoins en tests estim\u00e9s.\u00a0<\/strong><\/li>\n<\/ul>\n<p>La carte\u00a0est une synth\u00e8se des trois indicateurs dans chaque d\u00e9partement.<\/p>\n<div style=\"text-align:center\">\n<figure class=\"image\" style=\"display:inline-block\"><a class=\"fancy\" href=\"https:\/\/img-3.journaldesfemmes.fr\/pXc4U_LR6z3g0FK-107WNxsDtiU=\/1080x\/smart\/469a7347cd474222845da58b2fc3d167\/ccmcms-jdf\/15494870.jpg\"><img decoding=\"async\" alt=\"carte synth\u00e8se 7 mai coronavirus\" src=\"https:\/\/img-3.journaldesfemmes.fr\/pXc4U_LR6z3g0FK-107WNxsDtiU=\/1080x\/smart\/469a7347cd474222845da58b2fc3d167\/ccmcms-jdf\/15494870.jpg\"\/><\/a><figcaption data-credit=\"Minist\u00e8re de la Sant\u00e9\" data-legend=\"Carte de France au 7 mai de la synth\u00e8se des deux indicateurs par d\u00e9partements.\">Carte de France au 7 mai de la synth\u00e8se des deux indicateurs par d\u00e9partements. <small>\u00a9\u00a0Minist\u00e8re de la Sant\u00e9<\/small><\/figcaption><\/figure>\n<\/div>\n<p>Sur\u00a0<strong>la carte d\u00e9sormais bicolore,<\/strong> tout le\u00a0quart Nord-Est (r\u00e9gions Ile-de-France, Hauts-de-France, Grand-Est et Bourgogne-Franche-Comt\u00e9) et Mayotte sont en rouge, tandis que le reste du pays et des territoires d&rsquo;outre-mer sont en vert.\u00a0Pour les zones rouges, cela veut dire que le taux de contamination ou que le nombre d&rsquo;hospitalisations sont encore trop \u00e9lev\u00e9s. <strong>Les restrictions de d\u00e9placement devront \u00eatre plus importantes<\/strong> et la r\u00e9ouverture des coll\u00e8ges, des parcs et des jardins retard\u00e9e\u00a0dans ces r\u00e9gions.<\/p>\n<h3>\u2022 <a id=\"carte-departement-deconfinement-vert-coronavirus\" name=\"carte-departement-deconfinement-vert-coronavirus\" target=\"_blank\" rel=\"noopener noreferrer\">D\u00e9partements en vert<\/a><\/h3>\n<p>Il s&rsquo;agit des\u00a0d\u00e9partements o\u00f9\u00a0moins de 6% des patients sont admis\u00a0aux urgences pour suspicion de Covid-19\u00a0et\/o\u00f9\u00a0moins de 60% des capacit\u00e9s initiales en r\u00e9animation sont mobilis\u00e9es, et\/o\u00f9 100% des\u00a0besoins en tests sont couverts. La France compte 69 d\u00e9partements dans le vert.<\/p>\n<h3>\u2022 <a id=\"carte-departement-deconfinement-rouge-coronavirus\" name=\"carte-departement-deconfinement-rouge-coronavirus\" target=\"_blank\" rel=\"noopener noreferrer\">D\u00e9partements en rouge<\/a><\/h3>\n<p>Il s&rsquo;agit des\u00a0d\u00e9partements o\u00f9 10\u00a0\u00e0 100\u00a0% des patients arrivent aux urgences\u00a0pour une suspicion de Covid-19\u00a0et\/o\u00f9 80\u00a0\u00e0 100% des capacit\u00e9s en r\u00e9animation sont mobilis\u00e9es, et\/o\u00f9 moins de 70% des\u00a0besoins en tests sont couverts.<\/p>\n<p>\u2192 <strong>quatre r\u00e9gions m\u00e9tropolitaines restent en rouge\u00a0:\u00a0<\/strong>l&rsquo;Ile-de-France, les Hauts-de-France, la Bourgogne-Franche-Comt\u00e9 et le Grand-Est, ainsi que Mayotte.<\/p>\n<p>\u2192 Soit <strong>32\u00a0d\u00e9partements :\u00a0<\/strong>Nord, Pas-de-Calais, Somme, Oise, Aisne, Bas-Rhin, Haut-Rhin, Vosges, Meurthe-et-Moselle, Moselle, Meuse, Ardennes, Marne, Aube, Haute-Marne, Haute-Sa\u00f4ne C\u00f4te d&rsquo;Or, Jura, Doubs, Territoire de Belfort, Sa\u00f4ne-et-Loire, Ni\u00e8vre, Yonne, Seine-et-Marne, Essonne, Yvelines, Val-d&rsquo;Oise, Seine-Saint-Denis, Val-de-Marne, Hauts-de-Seine, Paris et Mayotte.<\/p>\n<figure class=\"image\" style=\"float:right\"><a class=\"fancy\" href=\"https:\/\/img-3.journaldesfemmes.fr\/x8sKo58E19PnF_kXzkVKVIIn1sE=\/1080x\/smart\/fa19314e95644c8aa2313921aa275295\/ccmcms-jdf\/15412690.jpg\"><img decoding=\"async\" alt=\"infographie d\u00e9confinement france\" src=\"https:\/\/img-3.journaldesfemmes.fr\/LhhnYE0Iz1hHZPmHZ2pyN6I0rvE=\/450x\/smart\/fa19314e95644c8aa2313921aa275295\/ccmcms-jdf\/15412690.jpg\"\/><\/a><figcaption data-credit=\"Minist\u00e8re de la Sant\u00e9\" data-legend=\"Plan de d\u00e9confinement avec les lieux ouverts ou ferm\u00e9s du 11 mai au 1er juin\">Plan de d\u00e9confinement avec les lieux ouverts ou ferm\u00e9s du 11 mai au 1er juin <small>\u00a9\u00a0Minist\u00e8re de la Sant\u00e9<\/small><\/figcaption><\/figure>\n<p>La\u00a0plus importante mesure contre la pand\u00e9mie de coronavirus en France\u00a0a \u00e9t\u00e9 le placement de la population en \u00ab\u00a0confinement\u00a0\u00bb, d\u00e9cid\u00e9 par le Pr\u00e9sident de la R\u00e9publique Emmanuel Macron <strong>du 17 mars au 11 mai<\/strong>. Cela a permis de diminuer la transmission du virus mais pour des raisons \u00e9conomiques et sociales, il ne pouvait pas durer plus longtemps. A partir du 11 mai, la France se d\u00e9confine selon un plan strict pr\u00e9sent\u00e9 le 7 mai par le Premier ministre Edouard Philippe. La situation sanitaire permet un d\u00e9confinement progressif depuis le lundi 11 mai, suivie par\u00a0une <strong>seconde phase qui s&rsquo;\u00e9tendra jusqu&rsquo;au 2\u00a0juin.<\/strong> Elle permettra de v\u00e9rifier que les mesures mises en \u0153uvre permettent de contenir l&rsquo;\u00e9pid\u00e9mie. Et d&rsquo;<strong>envisager les mesures pour la phase suivante\u00a0: du 2\u00a0juin jusqu&rsquo;\u00e0 l&rsquo;\u00e9t\u00e9.\u00a0<\/strong>Le d\u00e9confinement prend\u00a0une forme plus stricte dans les d\u00e9partements class\u00e9s rouges. Les grandes mesures du d\u00e9confinement :<\/p>\n<ul>\n<li><strong>Reprise du travail\u00a0<\/strong>\u00e0 partir du 11\u00a0mai mais <strong>le t\u00e9l\u00e9travail est encourag\u00e9 jusqu&rsquo;au 2 juin<\/strong>. Quand il n&rsquo;est pas possible,\u00a0les horaires d\u00e9cal\u00e9s doivent\u00a0\u00eatre encourag\u00e9s, pour r\u00e9duire au maximum la pr\u00e9sence simultan\u00e9e des personnes \u00e0 la fois sur le lieu de travail et dans les transports.\u00a0<strong>54 guides m\u00e9tiers<\/strong>\u00a0pour aider les entreprises \u00e0 s&rsquo;organiser, secteur par secteur sont disponibles sur le\u00a0<a data-smarttag-click=\"{&quot;name&quot;: &quot;https\/\/travail-emploi.gouv.fr\/le-ministere-en-action\/coronavirus-covid-19\/proteger-les-travailleurs\/article\/fiches-conseils-metiers-et-guides-pour-les-salaries-et-les-employeurs&quot;, &quot;type&quot;: &quot;exit&quot;}\" href=\"https:\/\/travail-emploi.gouv.fr\/le-ministere-en-action\/coronavirus-covid-19\/proteger-les-travailleurs\/article\/fiches-conseils-metiers-et-guides-pour-les-salaries-et-les-employeurs\" target=\"_blank\" rel=\"noopener noreferrer\">site du minist\u00e8re du Travail<\/a>. Ces guides sectoriels sont compl\u00e9t\u00e9s par un<a data-smarttag-click=\"{&quot;name&quot;: &quot;https\/\/travail-emploi.gouv.fr\/actualites\/presse\/communiques-de-presse\/article\/protocole-national-de-deconfinement-pour-les-entreprises-pour-assurer-la&quot;, &quot;type&quot;: &quot;exit&quot;}\" href=\"https:\/\/travail-emploi.gouv.fr\/actualites\/presse\/communiques-de-presse\/article\/protocole-national-de-deconfinement-pour-les-entreprises-pour-assurer-la\" target=\"_blank\" rel=\"noopener noreferrer\">\u00a0protocole national de d\u00e9confinement<\/a>.<\/li>\n<li><strong>Reprise de l&rsquo;\u00e9cole : <\/strong>80\u00a0\u00e0 85% des \u00e9coles maternelles et \u00e9l\u00e9mentaires seront ouvertes dans la semaine du 11\u00a0mai, dans 87\u00a0\u00e0 90% des communes. Pour les <strong>\u00e9coles maternelles et \u00e9l\u00e9mentaires\u00a0: \u00e0 partir du 11\u00a0mai, <\/strong>sur la base du <strong>volontariat <\/strong>;\u00a0pour les <strong>coll\u00e8ges\u00a0<\/strong>: \u00e0 partir du <strong>18\u00a0mai<\/strong>, en commen\u00e7ant par les classes de 6e et de 5e, seulement dans les d\u00e9partements o\u00f9 le virus circule peu ; pour les lyc\u00e9es\u00a0: la d\u00e9cision sera prise fin mai ; la reprise se ferait d\u00e9but juin en commen\u00e7ant par les lyc\u00e9es professionnels. Sur les <strong>conditions suivantes <\/strong>:\u00a015\u00a0\u00e9l\u00e8ves par classe maximum ;\u00a0une vie scolaire organis\u00e9e autour des gestes barri\u00e8res (port du masque obligatoire pour les personnels coll\u00e9giens, lyc\u00e9ens&#8230;), et la distanciation physique ;\u00a0mise \u00e0 disposition de gel hydroalcoolique. Certains <strong>enfants sont prioritaires<\/strong> :\u00a0enfants handicap\u00e9s ;\u00a0enfants de personnels soignants ou sans solution de garde ;\u00a0enfants d&rsquo;enseignants ;\u00a0enfants d\u00e9crocheurs ou en voie de d\u00e9rochage.<\/li>\n<li><strong>Sur la r\u00e9ouverture des commerces :<\/strong>\u00a0400\u00a0000\u00a0entreprises vont rouvrir <strong>sauf les caf\u00e9s, les bars et les restaurants<\/strong> dont la date de r\u00e9ouverture sera examin\u00e9e fin mai. Dans les commerces, il faut respecter les mesures barri\u00e8res :\u00a0distanciation physique de 1\u00a0m\u00e8tre entre chaque personne devra \u00eatre respect\u00e9e ;\u00a0port du masque recommand\u00e9 pour le personnel comme pour les clients lorsque la distanciation physique n&rsquo;est pas possible. Les march\u00e9s de plein air et halles couvertes rouvrent \u00e0 partir du 11\u00a0mai si les distances de s\u00e9curit\u00e9 entre les consommateurs sont garanties.\u00a0<\/li>\n<li><strong>Les m\u00e9diath\u00e8ques, les biblioth\u00e8ques, les disquaires, les libraires et les petits mus\u00e9es<\/strong> rouvrent\u00a0le 11\u00a0mai.<\/li>\n<li><strong>Restent ferm\u00e9s\u00a0:<\/strong> les cin\u00e9mas, les lieux de sports ferm\u00e9s, les piscines, les salles de spectacle et de concert, les grands mus\u00e9es, les salles polyvalentes, les salles des f\u00eates&#8230;\u00a0<\/li>\n<li><strong>Sur les d\u00e9placements\u00a0:<\/strong>\u00a0chacun peut de nouveau circuler sans attestation avec, s&rsquo;il est en voiture, un<strong> justificatif de domicile<\/strong> tel qu&rsquo;un ch\u00e9quier, une pi\u00e8ce d&rsquo;identit\u00e9, un justificatif d&rsquo;assurance de la voiture, une facture.\u00a0En revanche, les d\u00e9placements au-del\u00e0 de <strong>100\u00a0km \u00e0 vol d&rsquo;oiseau<\/strong> du domicile sont interdits, sauf si ces 100\u00a0km se font au sein d&rsquo;un m\u00eame d\u00e9partement.\u00a0Des <strong>d\u00e9rogations <\/strong>sont possibles pour des <strong>motifs professionnels ou familiaux imp\u00e9rieux comme un d\u00e9c\u00e8s, l&rsquo;assistance \u00e0 une personne vuln\u00e9rable ou l&rsquo;exercice par exemple de son m\u00e9tier de transporteur.\u00a0<\/strong>L&rsquo;<strong>attestation d\u00e9rogatoire<\/strong> sera bient\u00f4t disponible sur le site du gouvernement ou du minist\u00e8re de l&rsquo;Int\u00e9rieur. Des contr\u00f4les seront effectu\u00e9s dans les gares, a\u00e9rogares, sur les routes et les autoroutes et l&rsquo;<strong>amende sera de 135\u20ac pour les personnes qui ne seraient pas en r\u00e8gle.<\/strong><\/li>\n<li><strong>Sur les transports\u00a0:<\/strong>\u00a0d\u00e8s le 11\u00a0mai, l&rsquo;offre des transports en commun sera assur\u00e9e au minimum \u00e0 50%, avec un objectif d&rsquo;offre normale d&rsquo;ici d\u00e9but juin. Le<strong> retour \u00e0 la normale devrait intervenir au d\u00e9but du mois de juin<\/strong>. La r\u00e9gion Ile-de-France a sign\u00e9 avec l&rsquo;Etat, les collectivit\u00e9s, les employeurs, les syndicats et les op\u00e9rateurs de transports<strong>\u00a0<\/strong><strong>une charte visant \u00e0 lisser les heures de pointe dans les transports\u00a0<\/strong>et \u00e0 <strong>maintenir au maximum le t\u00e9l\u00e9travail dans les entreprises<\/strong>, a rappel\u00e9 la ministre, en accord avec\u00a0Val\u00e9rie P\u00e9cresse, pr\u00e9sidente du conseil r\u00e9gional et de l&rsquo;autorit\u00e9 des transports Ile-de-France Mobilit\u00e9s. Les modes de transport alternatifs doivent \u00eatre encourag\u00e9s.\u00a0Des pistes cyclables temporaires peuvent \u00eatre dans ce contexte cr\u00e9\u00e9es.<strong> Le port du masque grand public\u00a0sera obligatoire dans tous les transports en commun<\/strong> <strong>pour tous les usagers de plus de 11\u00a0ans<\/strong> et du personnel ayant contact avec des usagers. Un non port du masque, une utilisation des transports aux heures de pointe sans motif imp\u00e9rieux ou un voyage sans r\u00e9servation dans les trains sera sanctionn\u00e9e par <strong>une amende de 135\u00a0euros<\/strong>. 20\u00a0000\u00a0policiers et gendarmes seront mobilis\u00e9s pour permettre un usage des transports en toute s\u00e9curit\u00e9.<\/li>\n<li>La majorit\u00e9 des plages restent inaccessibles au moins jusqu&rsquo;au 2\u00a0juin mais certains sites sont\u00a0accessibles, \u00ab\u00a0\u00e0 la demande des maires sur autorisation du pr\u00e9fet\u00a0\u00bb\u00a0a indiqu\u00e9 Christophe Castaner. Les plages ouvertes le sont selon des horaires pr\u00e9cis (9h \u00e0 19h) et pour un usage \u00ab\u00a0actif\u00a0\u00bb, sans baignade, ni s\u00e9ance de \u00ab\u00a0bronzette\u00a0\u00bb.<\/li>\n<li>Les c\u00e9r\u00e9monies fun\u00e9raires restent\u00a0limit\u00e9es \u00e0 20\u00a0personnes ;<\/li>\n<li>Les cimeti\u00e8res rouvrent au public ;<\/li>\n<li>Les rassemblements limit\u00e9s \u00e0 10\u00a0personnes sont autoris\u00e9s.<\/li>\n<li>Les<strong> manifestations de plus de 5000\u00a0participants<\/strong> (sportives, culturelles, etc.) ne pourront pas se tenir avant le mois de septembre ;<\/li>\n<li>La saison actuelle des sports professionnels dont le football ne reprendra pas ;<\/li>\n<li>Les mariages continuent d&rsquo;\u00eatre report\u00e9s, sauf urgences.<\/li>\n<\/ul>\n<p>Comme il n&rsquo;y a ni vaccin, ni m\u00e9dicament efficace contre le coronavirus, <a href=\"https:\/\/sante.journaldesfemmes.fr\/fiches-maladies\/2619739-gestes-barrieres-covid-19-distance-ecole-commerce-coiffure-entreprise-creche-oms-protocole\/\" target=\"_blank\" rel=\"noopener noreferrer\">le meilleur moyen de s&rsquo;en prot\u00e9ger<\/a>\u00a0&#8211; surtout depuis le d\u00e9confinement- est l&rsquo;application de mesures barri\u00e8re :\u00a0respect de la distanciation physique minimale d&rsquo;un m\u00e8tre,\u00a0r\u00e9duction du nombre de nos contacts doivent \u00eatre respect\u00e9s par tous. Les <strong>personnes \u00e2g\u00e9es ou atteintes de pathologies chroniques (atteintes respiratoire, cardiaque, ob\u00e9sit\u00e9, diab\u00e8te\u2026) <\/strong>consid\u00e9r\u00e9es comme des facteurs de risque de d\u00e9velopper une forme grave de la maladie sont appel\u00e9es \u00e0 la plus<strong> grande prudence <\/strong>tant que le virus circule.<\/p>\n<p>Si au d\u00e9but, on ne parlait que de fi\u00e8vre, toux s\u00e8che, rhume, \u00e9tat grippal et de fatigue, les sympt\u00f4mes de l&rsquo;infection par le coronavirus ont \u00e9volu\u00e9. On sait d\u00e9sormais que le virus peut avoir des effets sur la peau, la sph\u00e8re digestive et m\u00eame le cerveau. <strong>D\u00e8s les premiers signes \u00e9vocateurs de la maladie COVID-19,<\/strong> consultez votre <strong>m\u00e9decin <\/strong>traitant ou un m\u00e9decin de permanence afin qu&rsquo;il puisse vous prescrire un <a href=\"https:\/\/sante.journaldesfemmes.fr\/fiches-maladies\/2623965-coronavirus-test-france-serologique-virologique-pcr-nez-ordonnance-ou-faire-temps-resultat-laboratoire-remboursement-roche-test-serologique-autorise-depistage\/\" target=\"_blank\" rel=\"noopener noreferrer\">test de recherche du virus<\/a> (PCR) et <strong>respectez scrupuleusement l&rsquo;isolement<\/strong>.<em>\u00a0\u00ab\u00a0Les capacit\u00e9s de tests virologiques pour rechercher le virus de la maladie COVID-19\u00a0sont disponibles sur tout le territoire.\u00a0Tout est fait pour tester rapidement, tracer les personnes contacts, isoler les porteurs du virus et <strong>mettre en quatorzaine leurs personnes contacts<\/strong>, prendre en charge de fa\u00e7on optimale les personnes malades\u00a0\u00bb <\/em>rappelle le minist\u00e8re de la Sant\u00e9 dans le <a href=\"https:\/\/solidarites-sante.gouv.fr\/actualites\/presse\/communiques-de-presse\/article\/communique-de-presse-du-11-mai-2020-429447\" target=\"_blank\" rel=\"noopener noreferrer\">communiqu\u00e9 du 11 mai<\/a>.<\/p>\n<ul>\n<li><strong>Si vous pr\u00e9sentez des\u00a0sympt\u00f4mes (toux, fi\u00e8vre, mal de t\u00eate) : <\/strong>\u00e9viter les contacts, rester \u00e0 domicile, prenez du parac\u00e9tamol si besoin, appeler un m\u00e9decin pour prendre rendez-vous dans l&rsquo;\u00e9ventualit\u00e9 qu&rsquo;il vous fasse passer un test de d\u00e9pistage.\u00a0<\/li>\n<li><strong>Appeler le\u00a015 en cas de\u00a0difficult\u00e9s respiratoires : \u00ab\u00a0<\/strong><em>Si cette toux et cette fi\u00e8vre s&rsquo;accompagnent d&rsquo;une g\u00eane respiratoire qui devient permanente avec souffle court, difficult\u00e9 \u00e0 inspirer et \u00e0 expirer, d&rsquo;une aggravation importante de la toux, cela peut signifier une \u00e9volution de la maladie sous la forme d&rsquo;une pneumopathie. Il s&rsquo;agit alors d&rsquo;une urgence respiratoire potentielle et comme dans tous les cas d&rsquo;urgence, il faut alors appeler le 15\u00a0qui prendra les meilleures dispositions pour r\u00e9pondre \u00e0 la situation\u00a0\u00bb, <\/em>pr\u00e9vient le Dr\u00a0Patrick Aub\u00e9, m\u00e9decin g\u00e9n\u00e9raliste.<\/li>\n<\/ul>\n<p>Le coronavirus Sars-CoV-2 poursuit son extension dans le monde. La pand\u00e9mie a infect\u00e9 plus de<strong>\u00a05,3\u00a0millions de personnes <\/strong>dans le monde (chiffre revu \u00e0 la baisse par l&rsquo;Universit\u00e9 CSSE Johns Hopkins)\u00a0et fait <strong>342 000\u00a0morts<\/strong>. <strong>188\u00a0pays et territoires sont touch\u00e9s<\/strong> (sur les 198 pays comptabilis\u00e9s dans le monde). Il y a une forte augmentation des cas aux <strong>Etats-Unis qui demeure le premier pays le plus touch\u00e9<\/strong>\u00a0avec 1,62\u00a0millions de cas de covid-19 et plus de 97 087\u00a0morts.\u00a0<\/p>\n<h3>Courbe du nombre de nouveaux cas de Covid-19 par jour dans le monde entre le 22\u00a0janvier et le 23 mai 2020.<\/h3>\n<div style=\"text-align:center\">\n<figure class=\"image\" style=\"display:inline-block\"><a class=\"fancy\" href=\"https:\/\/img-3.journaldesfemmes.fr\/qNXrndD2h8uMVouCuTJkUnxYYQ8=\/1080x\/smart\/6c0fc61fc29d491f8bc865e5ba97ef9b\/ccmcms-jdf\/15897849.jpg\"><img decoding=\"async\" alt=\"nouveaux par jour de coronavirus dans le monde\" src=\"https:\/\/img-3.journaldesfemmes.fr\/qNXrndD2h8uMVouCuTJkUnxYYQ8=\/1080x\/smart\/6c0fc61fc29d491f8bc865e5ba97ef9b\/ccmcms-jdf\/15897849.jpg\"\/><\/a><figcaption data-credit=\"Universit\u00e9 John Hopkins\" data-legend=\"Courbe du nombre de nouveaux cas de coronavirus par jour dans le monde\">Courbe du nombre de nouveaux cas de coronavirus par jour dans le monde <small>\u00a9\u00a0Universit\u00e9 John Hopkins<\/small><\/figcaption><\/figure>\n<\/div>\n<p>Une <strong>carte interactive<\/strong> montrant l&rsquo;\u00e9volution de l&rsquo;\u00e9pid\u00e9mie de coronavirus dans le monde<strong> en temps r\u00e9el<\/strong> a \u00e9t\u00e9 mise au point par l&rsquo;\u00e9diteur de cartographie en ligne\u00a0HERE Technologies. Bas\u00e9e sur des donn\u00e9es du Center for Systems Science and Engineering (CSSE) de l&rsquo;Universit\u00e9 Johns Hopkins et de DXY, cette carte permet de suivre<strong> la progression du nombre de personnes infect\u00e9es<\/strong>\u00a0rapport\u00e9es par les agences gouvernementales, ainsi que <strong>le nombre de d\u00e9c\u00e8s<\/strong>.<\/p>\n<p><iframe loading=\"lazy\" frameborder=\"0\" height=\"600\" src=\"https:\/\/developer.here.com\/coronavirus\/\" title=\"Suivi du coronavirus COVID-19\" width=\"780\"><\/iframe><\/p>\n<h3><a id=\"mort-coronavirus-monde-chiffres-tableau\" name=\"mort-coronavirus-monde-chiffres-tableau\">Combien de d\u00e9c\u00e8s \u00e0 cause du coronavirus dans le monde ?<\/a><\/h3>\n<table border=\"1\" cellpadding=\"1\" cellspacing=\"1\" style=\"width:80%;\">\n<caption>\n<p style=\"text-align: center;\">NOMBRE DE MORTS DU CORONAVIRUS DANS LES 30\u00a0PAYS LES PLUS TOUCHES. Dimanche 24 mai \u00e0 11h51.<\/p>\n<\/caption>\n<thead>\n<tr>\n<th scope=\"col\" style=\"width: 472px;\">PAYS<\/th>\n<th scope=\"col\" style=\"width: 324px;\">NOMBRE DE MORTS<\/th>\n<\/tr>\n<\/thead>\n<tbody>\n<tr>\n<td style=\"width: 472px;\"><b>Etats-Unis<\/b><\/td>\n<td style=\"width: 324px;\">97\u00a0087<\/td>\n<\/tr>\n<tr>\n<td style=\"width: 472px;\"><strong>Royaume-Uni<\/strong><\/td>\n<td style=\"width: 324px;\">36\u00a0757<\/td>\n<\/tr>\n<tr>\n<td style=\"width: 472px;\"><strong>Italie <\/strong><\/td>\n<td style=\"width: 324px;\">32 735<\/td>\n<\/tr>\n<tr>\n<td style=\"width: 472px;\"><strong>Espagne<\/strong><\/td>\n<td style=\"width: 324px;\">28\u00a0678<\/td>\n<\/tr>\n<tr>\n<td style=\"width: 472px;\"><strong>France<\/strong><\/td>\n<td style=\"width: 324px;\">28 218<\/td>\n<\/tr>\n<tr>\n<td style=\"width: 472px;\"><strong>Br\u00e9sil<\/strong><\/td>\n<td style=\"width: 324px;\">22\u00a0013\u00a0<\/td>\n<\/tr>\n<tr>\n<td style=\"width: 472px;\"><strong>Belgique<\/strong><\/td>\n<td style=\"width: 324px;\">9 237<\/td>\n<\/tr>\n<tr>\n<td style=\"width: 472px;\"><strong>Allemagne<\/strong><\/td>\n<td style=\"width: 324px;\">8 274<\/td>\n<\/tr>\n<tr>\n<td style=\"width: 472px;\"><strong>Iran<\/strong><\/td>\n<td style=\"width: 324px;\">7 359<\/td>\n<\/tr>\n<tr>\n<td style=\"width: 472px;\"><strong>Mexique<\/strong><\/td>\n<td style=\"width: 324px;\">7\u00a0179\u00a0<\/td>\n<\/tr>\n<tr>\n<td style=\"width: 472px;\"><strong>Canada<\/strong><\/td>\n<td style=\"width: 324px;\">6 466<\/td>\n<\/tr>\n<tr>\n<td style=\"width: 472px;\"><strong>Pays-Bas<\/strong><\/td>\n<td style=\"width: 324px;\">5 830<\/td>\n<\/tr>\n<tr>\n<td style=\"width: 472px;\"><strong>Chine<\/strong><\/td>\n<td style=\"width: 324px;\">4 638<\/td>\n<\/tr>\n<tr>\n<td style=\"width: 472px;\"><strong>Turquie<\/strong><\/td>\n<td style=\"width: 324px;\">4 308<\/td>\n<\/tr>\n<tr>\n<td style=\"width: 472px;\"><strong>Su\u00e8de<\/strong><\/td>\n<td style=\"width: 324px;\">3 992<\/td>\n<\/tr>\n<tr>\n<td style=\"width: 472px;\"><strong>Inde<\/strong><\/td>\n<td style=\"width: 324px;\">3 869<\/td>\n<\/tr>\n<tr>\n<td style=\"width: 472px;\"><strong>Russie<\/strong><\/td>\n<td style=\"width: 324px;\">3\u00a0541\u00a0<\/td>\n<\/tr>\n<tr>\n<td style=\"width: 472px;\"><strong>P\u00e9rou<\/strong><\/td>\n<td style=\"width: 324px;\">3 373<\/td>\n<\/tr>\n<tr>\n<td style=\"width: 472px;\"><b>Equateur<\/b><\/td>\n<td style=\"width: 324px;\">3 096<\/td>\n<\/tr>\n<tr>\n<td style=\"width: 472px;\"><strong>Suisse<\/strong><\/td>\n<td style=\"width: 324px;\">1 905<\/td>\n<\/tr>\n<tr>\n<td style=\"width: 472px;\"><strong>Irlande<\/strong><\/td>\n<td style=\"width: 324px;\">1 604<\/td>\n<\/tr>\n<tr>\n<td style=\"width: 472px;\"><strong>Indon\u00e9sie<\/strong><\/td>\n<td style=\"width: 324px;\">1\u00a0351<\/td>\n<\/tr>\n<tr>\n<td style=\"width: 472px;\"><strong>Portugal<\/strong><\/td>\n<td style=\"width: 324px;\">1 302<\/td>\n<\/tr>\n<tr>\n<td style=\"width: 472px;\"><strong>Roumanie<\/strong><\/td>\n<td style=\"width: 324px;\">1 179<\/td>\n<\/tr>\n<tr>\n<td style=\"width: 472px;\"><b>Pakistan<\/b><\/td>\n<td style=\"width: 324px;\">1\u00a0133<\/td>\n<\/tr>\n<tr>\n<td style=\"width: 472px;\"><strong>Pologne<\/strong><\/td>\n<td style=\"width: 324px;\">995<\/td>\n<\/tr>\n<tr>\n<td style=\"width: 472px;\"><strong>Philippines<\/strong><\/td>\n<td style=\"width: 324px;\">868<\/td>\n<\/tr>\n<tr>\n<td style=\"width: 472px;\"><strong>Japon<\/strong><\/td>\n<td style=\"width: 324px;\">808<\/td>\n<\/tr>\n<tr>\n<td style=\"width: 472px;\"><strong>Egypte<\/strong><\/td>\n<td style=\"width: 324px;\">735<\/td>\n<\/tr>\n<tr>\n<td style=\"width: 472px;\"><strong>Colombie<\/strong><\/td>\n<td style=\"width: 324px;\">705<\/td>\n<\/tr>\n<tr>\n<td style=\"width: 472px;\"><strong>Autres<\/strong><\/td>\n<td style=\"width: 324px;\">13 106<\/td>\n<\/tr>\n<tr>\n<td style=\"width: 472px;\"><strong><u>TOTAL<\/u><\/strong><\/td>\n<td style=\"width: 324px;\"><strong>342\u00a0341<\/strong><\/td>\n<\/tr>\n<\/tbody>\n<\/table>\n<p><em>\u00a0Sources : <a href=\"https:\/\/gisanddata.maps.arcgis.com\/apps\/opsdashboard\/index.html#\/bda7594740fd40299423467b48e9ecf6\" target=\"_blank\" rel=\"noopener noreferrer\">Universit\u00e9 John Hopkins<\/a>,\u00a0<a href=\"https:\/\/www.who.int\/emergencies\/diseases\/novel-coronavirus-2019\/situation-reports\" target=\"_blank\" rel=\"noopener noreferrer\">WHO<\/a>,\u00a0<a href=\"https:\/\/www.cdc.gov\/coronavirus\/2019-ncov\/index.html\" target=\"_blank\" rel=\"noopener noreferrer\">CDC<\/a>,\u00a0<a href=\"https:\/\/www.ecdc.europa.eu\/en\/geographical-distribution-2019-ncov-cases\" target=\"_blank\" rel=\"noopener noreferrer\">ECDC<\/a>,\u00a0<a href=\"http:\/\/www.nhc.gov.cn\/xcs\/yqtb\/list_gzbd.shtml\" target=\"_blank\" rel=\"noopener noreferrer\">NHC\u00a0<\/a>and\u00a0<a href=\"https:\/\/3g.dxy.cn\/newh5\/view\/pneumonia?scene=2&amp;clicktime=1579582238&amp;enterid=1579582238&amp;from=singlemessage&amp;isappinstalled=0\" target=\"_blank\" rel=\"noopener noreferrer\">DXY<\/a>.<\/em><\/p>\n<h3><a id=\"cas-coronavirus-monde-chiffres-tableau\" name=\"cas-coronavirus-monde-chiffres-tableau\">Combien de cas de coronavirus dans le monde ?<\/a><\/h3>\n<table border=\"1\" cellpadding=\"1\" cellspacing=\"1\" style=\"width:80%;\">\n<caption>\n<p style=\"text-align: center;\">NOMBRE DE CAS CONFIRM\u00c9S ET PR\u00c9SUM\u00c9S POSITIFS AU\u00a0CORONAVIRUS DANS LES 20 PAYS LES PLUS TOUCH\u00c9S. Dimanche 24 mai \u00e0 11h56.<\/p>\n<\/caption>\n<thead>\n<tr>\n<th scope=\"col\" style=\"text-align: center;\">PAYS<\/th>\n<th scope=\"col\" style=\"text-align: center;\">CAS CONFIRMES DE CORONAVIRUS<\/th>\n<th scope=\"col\" style=\"text-align: center;\">NOMBRE D&rsquo;HABITANTS DANS LE PAYS (en millions)<\/th>\n<\/tr>\n<\/thead>\n<tbody>\n<tr>\n<td style=\"text-align: center; width: 231px;\"><strong>\u00a0Etats-Unis <\/strong><\/td>\n<td style=\"text-align: center;\">\n<h5><strong>1\u00a0622\u00a0670<\/strong><\/h5>\n<\/td>\n<td style=\"text-align: center;\">327,2\u00a0<\/td>\n<\/tr>\n<tr>\n<td style=\"text-align: center; width: 231px;\"><strong>Br\u00e9sil<\/strong><\/td>\n<td style=\"text-align: center;\">\n<h5><strong>347\u00a0398<\/strong><\/h5>\n<\/td>\n<td style=\"text-align: center;\">211.7<\/td>\n<\/tr>\n<tr>\n<td style=\"text-align: center; width: 231px;\"><strong>Russie<\/strong><\/td>\n<td style=\"text-align: center;\">\n<h5><strong>335 882<\/strong><\/h5>\n<\/td>\n<td style=\"text-align: center;\">144.5<\/td>\n<\/tr>\n<tr>\n<td style=\"text-align: center; width: 231px;\"><strong>Royaume-Uni<\/strong><\/td>\n<td style=\"text-align: center;\">\n<h5><strong>258 509<\/strong><\/h5>\n<\/td>\n<td style=\"text-align: center;\">66<\/td>\n<\/tr>\n<tr>\n<td style=\"text-align: center; width: 231px;\"><strong>Espagne<\/strong><\/td>\n<td style=\"text-align: center;\">\n<h5><strong>235 290<\/strong><\/h5>\n<\/td>\n<td style=\"text-align: center;\">47<\/td>\n<\/tr>\n<tr>\n<td style=\"text-align: center; width: 231px;\"><strong>Italie<\/strong><\/td>\n<td style=\"text-align: center;\">\n<h5><strong>229<\/strong>\u00a0327<\/h5>\n<\/td>\n<td style=\"text-align: center;\">60,5<\/td>\n<\/tr>\n<tr>\n<td style=\"text-align: center; width: 231px;\"><strong>France<\/strong><\/td>\n<td style=\"text-align: center;\">\n<h5><strong>182<\/strong>\u00a0036<\/h5>\n<\/td>\n<td style=\"text-align: center;\">67<\/td>\n<\/tr>\n<tr>\n<td style=\"text-align: center; width: 231px;\"><strong>Allemagne<\/strong><\/td>\n<td style=\"text-align: center;\">\n<h5><strong>179 986<\/strong><\/h5>\n<\/td>\n<td style=\"text-align: center;\">83<\/td>\n<\/tr>\n<tr>\n<td style=\"text-align: center; width: 231px;\"><strong>Turquie<\/strong><\/td>\n<td style=\"text-align: center;\">\n<h5><strong>155<\/strong>\u00a0686<\/h5>\n<\/td>\n<td style=\"text-align: center;\">83<\/td>\n<\/tr>\n<tr>\n<td style=\"text-align: center; width: 231px;\"><strong>Iran<\/strong><\/td>\n<td style=\"text-align: center;\">\n<h5><strong>133<\/strong>\u00a0521<\/h5>\n<\/td>\n<td style=\"text-align: center;\">81<\/td>\n<\/tr>\n<tr>\n<td style=\"text-align: center; width: 231px;\"><strong>Inde<\/strong><\/td>\n<td style=\"text-align: center;\">\n<h5>131 920<\/h5>\n<\/td>\n<td style=\"text-align: center;\">1\u00a0353<\/td>\n<\/tr>\n<tr>\n<td style=\"text-align: center; width: 231px;\"><strong>P\u00e9rou<\/strong><\/td>\n<td style=\"text-align: center;\">\n<h5>115 754<\/h5>\n<\/td>\n<td style=\"text-align: center;\">31,9<\/td>\n<\/tr>\n<tr>\n<td style=\"text-align: center; width: 231px;\"><strong>Canada<\/strong><\/td>\n<td style=\"text-align: center;\">\n<h5>85 151<\/h5>\n<\/td>\n<td style=\"text-align: center;\">37.5<\/td>\n<\/tr>\n<tr>\n<td style=\"text-align: center; width: 231px;\"><strong>Chine<\/strong><\/td>\n<td style=\"text-align: center;\">\n<h5><strong>84 084<\/strong><\/h5>\n<\/td>\n<td style=\"text-align: center;\">1 386<\/td>\n<\/tr>\n<tr>\n<td style=\"text-align: center; width: 231px;\"><strong>Arabie Saoudite<\/strong><\/td>\n<td style=\"text-align: center;\">\n<h5>70 161<\/h5>\n<\/td>\n<td style=\"text-align: center;\">33,7<\/td>\n<\/tr>\n<tr>\n<td style=\"text-align: center; width: 231px;\"><strong>Mexique<\/strong><\/td>\n<td style=\"text-align: center;\">\n<h5>65 856<\/h5>\n<\/td>\n<td style=\"text-align: center;\">126,2<\/td>\n<\/tr>\n<tr>\n<td style=\"text-align: center; width: 231px;\"><strong>Chili<\/strong><\/td>\n<td style=\"text-align: center;\">\n<h5>65\u00a0393<\/h5>\n<\/td>\n<td style=\"text-align: center;\">18,73<\/td>\n<\/tr>\n<tr>\n<td style=\"text-align: center; width: 231px;\"><strong>Belgique<\/strong><\/td>\n<td style=\"text-align: center;\">\n<h5>56 810<\/h5>\n<\/td>\n<td style=\"text-align: center;\">11<\/td>\n<\/tr>\n<tr>\n<td style=\"text-align: center; width: 231px;\"><b>Pakistan<\/b><\/td>\n<td style=\"text-align: center;\">\n<h5>52\u00a0601<\/h5>\n<\/td>\n<td style=\"text-align: center;\">212,2<\/td>\n<\/tr>\n<tr>\n<td style=\"text-align: center; width: 231px;\"><strong>Pays-Bas<\/strong><\/td>\n<td style=\"text-align: center;\">\n<h5><strong>45 265<\/strong><\/h5>\n<\/td>\n<td style=\"text-align: center;\">17<\/td>\n<\/tr>\n<tr>\n<td style=\"text-align: center; width: 231px;\"><strong>Autres pays<\/strong><\/td>\n<td style=\"text-align: center;\">\n<p>873 785<\/p>\n<\/td>\n<td style=\"text-align: center;\">\u00a0<\/td>\n<\/tr>\n<tr>\n<td style=\"text-align: center; width: 231px;\"><u><strong>TOTAL<\/strong><\/u><\/td>\n<td style=\"text-align: center;\"><strong>5\u00a0327\u00a0085<\/strong><\/td>\n<td style=\"text-align: center;\">\u00a0<\/td>\n<\/tr>\n<\/tbody>\n<\/table>\n<blockquote>\n<p style=\"text-align: right;\">\u00a0<\/p>\n<\/blockquote>\n<p>&gt; <strong><a href=\"https:\/\/gisanddata.maps.arcgis.com\/apps\/opsdashboard\/index.html#\/bda7594740fd40299423467b48e9ecf6\" target=\"_blank\" rel=\"noopener noreferrer\">Voir le nombre de cas dans d&rsquo;autres pays\u00a0<\/a><\/strong><\/p>\n<p><em>Sources\u00a0:\u00a0<a href=\"https:\/\/gisanddata.maps.arcgis.com\/apps\/opsdashboard\/index.html#\/bda7594740fd40299423467b48e9ecf6\" target=\"_blank\" rel=\"noopener noreferrer\">Universit\u00e9 John Hopkins<\/a>,\u00a0<a href=\"https:\/\/www.who.int\/emergencies\/diseases\/novel-coronavirus-2019\/situation-reports\" target=\"_blank\" rel=\"noopener noreferrer\">WHO<\/a>,\u00a0<a href=\"https:\/\/www.cdc.gov\/coronavirus\/2019-ncov\/index.html\" target=\"_blank\" rel=\"noopener noreferrer\">CDC<\/a>,\u00a0<a href=\"https:\/\/www.ecdc.europa.eu\/en\/geographical-distribution-2019-ncov-cases\" target=\"_blank\" rel=\"noopener noreferrer\">ECDC<\/a>,\u00a0<a href=\"http:\/\/www.nhc.gov.cn\/xcs\/yqtb\/list_gzbd.shtml\" target=\"_blank\" rel=\"noopener noreferrer\">NHC\u00a0<\/a>and\u00a0<a href=\"https:\/\/3g.dxy.cn\/newh5\/view\/pneumonia?scene=2&amp;clicktime=1579582238&amp;enterid=1579582238&amp;from=singlemessage&amp;isappinstalled=0\" target=\"_blank\" rel=\"noopener noreferrer\">DXY<\/a>.<\/em><\/p>\n<p>Le 7\u00a0mai, lors de la pr\u00e9sentation du plan de d\u00e9confinement, le Premier ministre a indiqu\u00e9 que la circulation en dehors ou en provenance de l&rsquo;espace europ\u00e9en restait\u00a0interdite. Une r\u00e9\u00e9valuation sera op\u00e9r\u00e9e au niveau europ\u00e9en le 15\u00a0juin.\u00a0Le pr\u00e9sident de la R\u00e9publique avait annonc\u00e9 le 16 mars la <strong>fermeture des fronti\u00e8res de l&rsquo;Europe et de l&rsquo;espace Schengen.\u00a0<\/strong>Des mesures de <strong>quatorzaine ou d&rsquo;isolement sont possibles pour les personnes qui entrent sur le territoire et ne proviennent pas de l&rsquo;espace europ\u00e9en<\/strong>. En France, une quatorzaine va \u00eatre mise en place pour les personnes venant d&rsquo;Espagne et du Royaume-Uni. A l&rsquo;approche des vacances d&rsquo;\u00e9t\u00e9, le gouvernement se montre prudent quant aux voyages \u00e0 l&rsquo;\u00e9tranger. Le 19 avril, lors d&rsquo;une allocution t\u00e9l\u00e9vis\u00e9e, le Premier ministre Edouard Philippe a dit craindre que\u00a0<strong><a href=\"https:\/\/sante.journaldesfemmes.fr\/fiches-maladies\/2608487-coronavirus-vacances-ete-2020-france-voyage-etranger-europe-mesures-sanitaires-gestes-barrieres-avion-train-plage-dynamique\/\" target=\"_blank\" rel=\"noopener noreferrer\">des voyages loin \u00e0 l&rsquo;\u00e9tranger ne soient pas avis\u00e9s dans l&rsquo;imm\u00e9diat<\/a>.<\/strong>\u00a0Il a aussi \u00e9mis des doutes sur\u00a0<em>\u00ab\u00a0les conditions d&rsquo;entr\u00e9e ou de \u00ab\u00a0r\u00e9-entr\u00e9e\u00a0\u00bb sur le territoire national\u00a0\u00ab\u00a0<\/em>\u00a0qui seront certainement\u00a0<em>\u00a0\u00bb\u00a0assez exigeantes vis-\u00e0-vis de ceux qui arrivent de l&rsquo;\u00e9tranger\u00a0\u00bb<\/em>, dans le contexte d&rsquo;une pand\u00e9mie.\u00a0<\/p>\n<p>L&rsquo;Italie enregistre 119 d\u00e9c\u00e8s suppl\u00e9mentaires ces derni\u00e8res 24\u00a0heures.\u00a0Le bilan de l&rsquo;\u00e9pid\u00e9mie s&rsquo;\u00e9l\u00e8ve d\u00e9sormais \u00e0 32\u00a0735 morts et 229\u00a0327 personnes contamin\u00e9es.\u00a0<strong>Selon la situation sanitaire, le pays doit rouvrir ses fronti\u00e8res le 3\u00a0juin<\/strong>\u00a0et annulera la quarantaine obligatoire des \u00e9trangers de l&rsquo;UE. L&rsquo;Italie est le<strong> troisi\u00e8me pays le plus meurtri<\/strong> par le Covid-19\u00a0apr\u00e8s les Etats-Unis et le Royaume-Uni et\u00a0le second\u00a0<strong>pays d&rsquo;Europe le plus endeuill\u00e9 par l&rsquo;\u00e9pid\u00e9mie de coronavirus.<\/strong>\u00a0<strong>Rome<strong>\u00a0<\/strong><\/strong><strong>a d\u00e9cid\u00e9 d&rsquo;autoriser<\/strong>\u00a0l&rsquo;ouverture le 18\u00a0mai de\u00a0<strong>tous les commerces de d\u00e9tail,\u00a0<\/strong>des salons de coiffure et des centres de beaut\u00e9, initialement pr\u00e9vus pour le 1<sup>er\u00a0<\/sup>juin.\u00a0Les mus\u00e9es, les lieux culturels et les\u00a0biblioth\u00e8ques peuvent rouvrir \u00e9galement, quant aux bars et aux\u00a0restaurants, leur r\u00e9ouverture est fix\u00e9e \u00e0 partir du 2 juin. A Venise, <strong>les gondoles sont depuis lundi 18\u00a0mai de nouveau\u00a0autoris\u00e9es \u00e0 naviguer<\/strong> sur le Grand Canal.\u00a0Des mesures de distanciation physique doivent toutefois \u00eatre respect\u00e9es \u00e0 bord de la gondole. En revanche, les \u00e9coles resteront ferm\u00e9es jusqu&rsquo;en septembre.\u00a0La r\u00e9gion a engag\u00e9 une campagne de tests s\u00e9rologiques dont le but est d&rsquo;avoir une estimation du nombre de personnes touch\u00e9es par le coronavirus depuis le d\u00e9but de la pand\u00e9mie et de cartographier la propagation de l&rsquo;infection. <strong>Le pays a \u00e9t\u00e9 confin\u00e9\u00a0le lundi 9\u00a0mars.<\/strong>\u00a0\u00a0<strong>Le pic de l&rsquo;\u00e9pid\u00e9mie aurait \u00e9t\u00e9 atteint le 5\u00a0avril.\u00a0<\/strong>Le directeur g\u00e9n\u00e9ral de la Sant\u00e9 en France, J\u00e9r\u00f4me Salomon avait indiqu\u00e9 le 11\u00a0avril que le pays\u00a0<em>\u00ab\u00a0entame une lente, tr\u00e8s lente r\u00e9gression de l&rsquo;\u00e9pid\u00e9mie\u00a0\u00bb.<\/em><\/p>\n<p>Le nombre de d\u00e9c\u00e8s de\u00a0<strong>l&rsquo;Espagne\u00a0<\/strong>se stabilise,\u00a0<strong>samedi 23\u00a0mai <\/strong>le\u00a0pays comptabilise toujours\u00a0688 morts suppl\u00e9mentaires sur les derni\u00e8res 24 heures (chiffre en hausse), soit <strong>28 628\u00a0<\/strong>d\u00e9c\u00e8s<strong>\u00a0<\/strong>au total. Le port du masque est d\u00e9sormais obligatoire dans tous les lieux publics (rues, commerces&#8230;) pour toutes les personnes \u00e2g\u00e9es de plus de 6\u00a0ans, qui ne peuvent respecter une distanciation physique avec autrui au-moins de 2\u00a0m\u00e8tres. Cette mesure fait\u00a0l&rsquo;objet d&rsquo;une publication au Journal Officiel ce mercredi 20\u00a0mai.\u00a0Par ailleurs,l&rsquo;Espagne a d\u00e9cid\u00e9 de\u00a0<strong>mettre en quatorzaine\u00a0toute personne de l&rsquo;\u00e9tranger arrivant sur son territoire, depuis\u00a0vendredi 15\u00a0mai.<\/strong>\u00a0Ces personnes plac\u00e9es \u00e0 l&rsquo;isolement ne seront autoris\u00e9es \u00e0 sortir que pour acheter des produits de premi\u00e8re n\u00e9cessit\u00e9 ou se faire soigner, et ce toujours en portant un masque. Les commerces et les terrasses rouvrent dans la moiti\u00e9 du pays. Le confinement reste strict \u00e0 Madrid, Barcelone et une partie de l&rsquo;Andalousie.\u00a0Le premier ministre, Pedro Sanchez, a annonc\u00e9 son intention de prolonger l&rsquo;\u00e9tat d&rsquo;urgence d&rsquo;un mois. L&rsquo;Espagne reste l&rsquo;un des pays les plus touch\u00e9s au monde par la pand\u00e9mie. Le 26 avril, les Espagnols ont \u00e9t\u00e9 autoris\u00e9s \u00e0 sortir de chez eux pour se promener une heure\u00a0avec un adulte pour les enfants et, depuis samedi 2\u00a0mai, avec l&rsquo;autorisation pour les plus de 14\u00a0ans de faire du sport individuellement ou se promener sous conditions strictes.\u00a0Les<strong> \u00e9coles seront ferm\u00e9es jusqu&rsquo;en septembre.<\/strong><\/p>\n<p>Apparu en Chine en d\u00e9cembre 2019 sur un march\u00e9 locale de Wuhan, le coronavirus y a fait de nombreuses victimes. Sur les 5\u00a0millions\u00a0de\u00a0malades recens\u00e9s dans le monde, <strong>84 081\u00a0sont\u00a0en Chine et 4 638\u00a0en sont mortes,<\/strong> selon les chiffres transmis par les autorit\u00e9s mais le bilan serait bien plus lourd comme l&rsquo;ont d\u00e9nonc\u00e9 le pr\u00e9sident des Etats-Unis Donald Trump le 17 avril et le pr\u00e9sident de la France, Emmanuel Macron le 16 avril. Le<strong> 1er mai, la Cit\u00e9 interdite de P\u00e9kin a rouvert <\/strong>pour la premi\u00e8re fois depuis trois mois. Au total,\u00a070% des sites touristiques r\u00e9ouvrent \u00e0 partir du 1er mai. \u00c0 Wuhan, berceau de l&rsquo;\u00e9pid\u00e9mie, la Tour de la Grue jaune a aussi rouvert ses portes apr\u00e8s une fermeture de\u00a098\u00a0jours. \u00c0 l&rsquo;entr\u00e9e de tous ces sites :\u00a0<strong>contr\u00f4les de temp\u00e9rature, contr\u00f4le de code de bonne sant\u00e9<\/strong>, un code QR sur le t\u00e9l\u00e9phone portable, et port du masque obligatoire. Malgr\u00e9 ces pr\u00e9cautions, de nouveaux cas de Covid-19 ont \u00e9t\u00e9 annonc\u00e9s \u00e0 Wuhan la semaine du 11 mai. Le 12 mai, selon les autorit\u00e9s chinoises, 6 nouveaux cas de plus ont \u00e9t\u00e9 d\u00e9tect\u00e9s en 48\u00a0heures dans une m\u00eame r\u00e9sidence de cette ville du centre du pays. Le 17 mai, sept nouveaux cas de contamination au coronavirus ont \u00e9t\u00e9 confirm\u00e9s en Chine continentale. Les autorit\u00e9s ont d\u00e9cid\u00e9 de tester massivement durant plusieurs jours pour \u00e9viter la propagation du virus.\u00a0<\/p>\n<p><u><strong>Autres actualit\u00e9s li\u00e9es au coronavirus\u00a0:\u00a0<\/strong><\/u><\/p>\n<table border=\"1\" cellpadding=\"1\" cellspacing=\"1\" style=\"width:100%;\">\n<thead>\n<tr>\n<th scope=\"col\" style=\"text-align: center;\"><strong>DATES CL\u00c9S DE L&rsquo;\u00c9PID\u00c9MIE<\/strong><\/th>\n<\/tr>\n<\/thead>\n<tbody>\n<tr>\n<td>\n<ul>\n<li><strong>Le 31\u00a0d\u00e9cembre 2019,<\/strong> l&rsquo;Organisation mondiale de la Sant\u00e9 en Chine est inform\u00e9e de plusieurs cas de pneumonies dans la ville de Wuhan. 44\u00a0personnes sont infect\u00e9es entre cette date et le 3\u00a0janvier 2020.<\/li>\n<li><strong>Le 7\u00a0janvier 2020, <\/strong>les autorit\u00e9s chinoises identifient un \u00ab\u00a0nouveau type de coronavirus\u00a0\u00bb.<\/li>\n<li><strong>Le 13\u00a0janvier, <\/strong>un cas import\u00e9 est recens\u00e9 en Tha\u00eflande.<\/li>\n<li><strong>Le 15\u00a0janvier<\/strong>, le virus cause\u00a0la mort d&rsquo;<strong>une premi\u00e8re\u00a0personne \u00e0 Wuhan<\/strong>, un homme de 69\u00a0ans.\u00a0<\/li>\n<li><strong>Le 23\u00a0janvier,<\/strong> trois villes chinoises dont Wuhan sont plac\u00e9es en quarantaine.<\/li>\n<li><strong>Le 25\u00a0janvier, trois personnes\u00a0contamin\u00e9es sont recens\u00e9es en France<\/strong>, deux \u00e0 Paris et une Bordeaux. Ce sont les premiers cas enregistr\u00e9s sur le continent europ\u00e9en.<\/li>\n<li><strong>Le 30\u00a0janvier, <\/strong>l&rsquo;Organisation mondiale de la Sant\u00e9 <strong>d\u00e9cr\u00e8te\u00a0l&rsquo;<a href=\"https:\/\/sante.journaldesfemmes.fr\/fiches-maladies\/2608035-urgence-de-sante-publique-de-portee-internationale-definition-oms-coronavirus\/\" target=\"_blank\" rel=\"noopener noreferrer\">urgence de sant\u00e9 mondiale<\/a><\/strong>.\u00a0Cette mesure n&rsquo;avait \u00e9t\u00e9 d\u00e9cr\u00e9t\u00e9e que 5\u00a0fois depuis sa cr\u00e9ation (pour Ebola (deux fois), la grippe H1N1, Zika et la poliomy\u00e9lite).\u00a0<\/li>\n<li><strong>Le 23 f\u00e9vrier, <\/strong>la France d\u00e9clenche le <a href=\"https:\/\/sante.journaldesfemmes.fr\/fiches-maladies\/2622449-plan-orsan-reb-definition-signification-qui-declenche-coronavirus-definition-duree\/\" target=\"_blank\" rel=\"noopener noreferrer\">plan ORSAN<\/a>, un dispositif exceptionnel d&rsquo;organisation des soins.<\/li>\n<li><strong>Le 28 f\u00e9vrier,<\/strong> la France passe en stade 2 de l&rsquo;\u00e9pid\u00e9mie.<\/li>\n<li><strong>Le 11 mars, <\/strong>l&rsquo;OMS classifie de <strong>pand\u00e9mie <\/strong>la diffusion de la maladie \u00e0 coronavirus Covid-19 dans le monde.<\/li>\n<li><strong>Le 12\u00a0mars<\/strong>, le pr\u00e9sident de la R\u00e9publique Emmanuel Macron annonce la fermeture nationale des cr\u00e8ches et \u00e9tablissements scolaires de France \u00e0 compter du 16\u00a0mars et \u00ab\u00a0jusqu&rsquo;\u00e0 nouvel ordre\u00a0\u00bb.<\/li>\n<li><strong>Le 13 mars<\/strong>, l&rsquo;OMS d\u00e9signe d\u00e9sormais l&rsquo;Europe comme \u00e9picentre.<\/li>\n<li><strong>Le 14 mars<\/strong>, la France passe au <a href=\"https:\/\/sante.journaldesfemmes.fr\/fiches-maladies\/2625289-coronavirus-stade-3-combien-de-temps-consequence\/\" target=\"_blank\" rel=\"noopener noreferrer\"><strong>stade 3 <\/strong><\/a>de l&rsquo;\u00e9pid\u00e9mie.<\/li>\n<li><strong>Le 16 mars, <\/strong>l&rsquo;Europe <a href=\"http:\/\/www.affinite.fr\/index.php\/2022\/10\/22\/la-creme-glacee-la-nouvelle-culture-commerciale\/\">ferme<\/a> ses fronti\u00e8res ainsi que celles de l&rsquo;espace Schengen. La France met en place un dispositif de confinement interdisant les d\u00e9placements.<\/li>\n<li><strong>Le\u00a018\u00a0mars<\/strong> le premier transfert de patients Covid-19 en France est r\u00e9alis\u00e9\u00a0gr\u00e2ce \u00e0 l&rsquo;Arm\u00e9e, par voie terrestre et a\u00e9rienne.\u00a0<\/li>\n<li><strong>Le 20 mars<\/strong>, plusieurs villes fran\u00e7aises, dont Nice, Montpellier, Perpignan, Arras&#8230; imposent un <strong>couvre-feu<\/strong> le soir et la nuit.<\/li>\n<li><strong>Le 26 mars<\/strong>, un premier cas jeune meurt en France, une adolescente de 16 ans, en Ile-de-France originaire de Morsang-sur-Orge.<\/li>\n<li><strong>Le 27 mars,<\/strong> le confinement de la population fran\u00e7aise est renouvel\u00e9 jusqu&rsquo;au 15 avril.<\/li>\n<li><strong>Le 2 avril,<\/strong>\u00a0le <strong>million de cas<\/strong> de coronavirus dans le monde est d\u00e9pass\u00e9, et plus de 51.000\u00a0morts, selon le d\u00e9compte de l&rsquo;h\u00f4pital am\u00e9ricain de r\u00e9f\u00e9rence Johns-Hopkins.<\/li>\n<li><strong>Le 13 avril,<\/strong> Emmanuel Macron annonce le prolongement du confinement jusqu&rsquo;au 11 mai.<\/li>\n<li><strong>Le 15 avril,<\/strong> le cap des <strong>2 millions de cas<\/strong>\u00a0de coronavirus dans le monde est franchi, et pr\u00e8s de 129 000 d\u00e9c\u00e8s, selon les chiffres donn\u00e9es par\u00a0l&rsquo;h\u00f4pital am\u00e9ricain de r\u00e9f\u00e9rence Johns-Hopkins.<\/li>\n<li><strong>Le 27 avril,<\/strong> <strong>3\u00a0millions de cas<\/strong>\u00a0de coronavirus sont r\u00e9pertori\u00e9s dans le monde, et plus de 208\u00a0000\u00a0d\u00e9c\u00e8s, selon les chiffres donn\u00e9es par\u00a0l&rsquo;h\u00f4pital am\u00e9ricain de r\u00e9f\u00e9rence Johns-Hopkins.<\/li>\n<li><strong>Le 28 avril,<\/strong> le gouvernement fran\u00e7ais pr\u00e9sente son plan de d\u00e9confinement valable \u00e0 partir du 11 mai.<\/li>\n<li><strong>Le 11 mai, <\/strong>la France commence son d\u00e9confinement.<\/li>\n<li><strong>Le 21 mai,\u00a05\u00a0millions de cas<\/strong>\u00a0de coronavirus sont r\u00e9pertori\u00e9s dans le monde, et plus de 329 800\u00a0d\u00e9c\u00e8s, selon les chiffres donn\u00e9es par\u00a0l&rsquo;h\u00f4pital am\u00e9ricain de r\u00e9f\u00e9rence Johns-Hopkins.<\/li>\n<\/ul>\n<\/td>\n<\/tr>\n<\/tbody>\n<\/table>\n<p><em>Cet article est mis \u00e0 jour quotidiennement par <a href=\"https:\/\/www.journaldesfemmes.fr\/account\/ablaize-11409696\" target=\"_blank\" rel=\"noopener noreferrer\">Aur\u00e9lie Blaize<\/a>, <a href=\"https:\/\/www.journaldesfemmes.fr\/account\/anaisthiebaux-10573564\" target=\"_blank\" rel=\"noopener noreferrer\">Ana\u00efs Thi\u00e9baux<\/a> et <a href=\"https:\/\/www.journaldesfemmes.fr\/account\/samanthapages-11598093\" target=\"_blank\" rel=\"noopener noreferrer\">Samantha Pag\u00e8s<\/a>.\u00a0<\/em><\/p>\n<\/div>\n<p>[ad_2]<br \/>\n<br \/><a href=\"https:\/\/sante.journaldesfemmes.fr\/maladies\/2605417-coronavirus-france-vacance-ecole-plages-bretagne-cluster-loudun-fin-du-ramadan-bresil-carte-chiffres-infos-direct-dimanche-24-mai\/\">Source link <\/a><\/p>\n","protected":false},"excerpt":{"rendered":"<p>[ad_1] [Mise \u00e0 jour le dimanche 24 mai, 15h48]\u00a0Pr\u00e8s de deux semaines apr\u00e8s le d\u00e9confinement, le nombre d&rsquo;hospitalisations pour infection &hellip; <a href=\"http:\/\/www.affinite.fr\/index.php\/2020\/05\/24\/vacances-fermeture-decoles-infos-en-france-du-24-mai\/\" class=\"more-link\">Plus <span class=\"screen-reader-text\">vacances, fermeture d&rsquo;\u00e9coles, infos en France du 24\u00a0mai<\/span> <span class=\"meta-nav\">&rarr;<\/span><\/a><\/p>\n","protected":false},"author":1,"featured_media":3177,"comment_status":"open","ping_status":"open","sticky":false,"template":"","format":"standard","meta":{"_sitemap_exclude":false,"_sitemap_priority":"","_sitemap_frequency":"","footnotes":""},"categories":[1],"tags":[],"class_list":["post-3176","post","type-post","status-publish","format-standard","has-post-thumbnail","hentry","category-tous"],"_links":{"self":[{"href":"http:\/\/www.affinite.fr\/index.php\/wp-json\/wp\/v2\/posts\/3176"}],"collection":[{"href":"http:\/\/www.affinite.fr\/index.php\/wp-json\/wp\/v2\/posts"}],"about":[{"href":"http:\/\/www.affinite.fr\/index.php\/wp-json\/wp\/v2\/types\/post"}],"author":[{"embeddable":true,"href":"http:\/\/www.affinite.fr\/index.php\/wp-json\/wp\/v2\/users\/1"}],"replies":[{"embeddable":true,"href":"http:\/\/www.affinite.fr\/index.php\/wp-json\/wp\/v2\/comments?post=3176"}],"version-history":[{"count":0,"href":"http:\/\/www.affinite.fr\/index.php\/wp-json\/wp\/v2\/posts\/3176\/revisions"}],"wp:featuredmedia":[{"embeddable":true,"href":"http:\/\/www.affinite.fr\/index.php\/wp-json\/wp\/v2\/media\/3177"}],"wp:attachment":[{"href":"http:\/\/www.affinite.fr\/index.php\/wp-json\/wp\/v2\/media?parent=3176"}],"wp:term":[{"taxonomy":"category","embeddable":true,"href":"http:\/\/www.affinite.fr\/index.php\/wp-json\/wp\/v2\/categories?post=3176"},{"taxonomy":"post_tag","embeddable":true,"href":"http:\/\/www.affinite.fr\/index.php\/wp-json\/wp\/v2\/tags?post=3176"}],"curies":[{"name":"wp","href":"https:\/\/api.w.org\/{rel}","templated":true}]}}