{"id":3160,"date":"2020-05-22T22:12:34","date_gmt":"2020-05-22T22:12:34","guid":{"rendered":"https:\/\/www.affinite.fr\/index.php\/2020\/05\/22\/decouvrez-les-entrailles-de-ce-mini-pc-taille-pour-le-gaming\/"},"modified":"2020-05-22T22:12:34","modified_gmt":"2020-05-22T22:12:34","slug":"decouvrez-les-entrailles-de-ce-mini-pc-taille-pour-le-gaming","status":"publish","type":"post","link":"http:\/\/www.affinite.fr\/index.php\/2020\/05\/22\/decouvrez-les-entrailles-de-ce-mini-pc-taille-pour-le-gaming\/","title":{"rendered":"d\u00e9couvrez les entrailles de ce mini PC taill\u00e9 pour le gaming"},"content":{"rendered":"<p> [ad_1]<br \/>\n<\/p>\n<div itemprop=\"articleBody\">\n<p>Apr\u00e8s l&rsquo;avoir <a href=\"https:\/\/www.01net.com\/actualites\/nuc-ghost-canyon-le-mini-pc-tres-performant-d-intel-capable-d-accueillir-une-carte-graphique-gaming-1835858.html\" target=\"_blank\" rel=\"noopener noreferrer\">vu au CES 2020<\/a> puis, juste avant le confinement, assist\u00e9 <a href=\"https:\/\/www.01net.com\/actualites\/intel-nuc-9-extreme-kit-on-vous-dit-tout-sur-ce-mini-pc-gamer-tres-prometteur-1872499.html\" target=\"_blank\" rel=\"noopener noreferrer\">\u00e0 sa pr\u00e9sentation officielle \u00e0 la presse fran\u00e7aise<\/a>, le NUC 9 Extreme Kit d&rsquo;Intel est enfin arriv\u00e9 entre nos mains. Pour rappel, c&rsquo;est un mini PC qui n&rsquo;est pas plus gros qu&rsquo;une belle bo\u00eete \u00e0 chaussures et qui, outre une alimentation et deux ventilateurs au sommet, renferme deux cartes \u00e9lectroniques, la carte d&rsquo;accueil et la Compute Element.<\/p>\n<p>C&rsquo;est la seconde qui est la plus importante car c&rsquo;est elle qui d\u00e9termine la puissance du NUC 9. Et pour cause, c&rsquo;est une mini carte m\u00e8re qui, suivant les variantes de NUC Extreme, embarque un Core i5, un Core i7 ou un Core i9 (de neuvi\u00e8me g\u00e9n\u00e9ration) pour PC portable.<\/p>\n<p>Apr\u00e8s ce petit rappel, c&rsquo;est l&rsquo;heure d\u00e9couvrir le mod\u00e8le haut de gamme, le NUC9i9QNX. Il devrait \u00eatre commercialis\u00e9 sous la barre des 1600 euros. Un prix qui exclut la m\u00e9moire DDR4, le ou les SSD et <a href=\"https:\/\/www.01net.com\/actualites\/nvidia-geforce-rtx-ou-amd-radeon-rx-quelles-cartes-graphiques-choisir-1774752.html\" target=\"_blank\" rel=\"noopener noreferrer\">une \u00e9ventuelle carte graphique AMD ou Nvidia<\/a>.<\/p>\n<figure class=\"figure text-center\"><img decoding=\"async\" class=\"article-img img-responsive-l\" src=\"https:\/\/img.bfmtv.com\/c\/0\/708\/c16\/a8fcf3cbdc29b473c8ff7fe4e0ff9.jpg\" alt=\"Intel NUC 9 Extreme - NUC9i9QNX\"\/><figcaption class=\"figure-caption figcaption color-txt-0 title-xs hidden-xs\">\n                                    AS\/01net.com<br \/>\n                                                    &#8211; Intel NUC 9 Extreme &#8211; NUC9i9QNX<br \/>\n                            <\/figcaption><\/figure>\n<p>                \u00c0 mod\u00e8le exceptionnel, emballage exceptionnel. Le mod\u00e8le en Core i9 &#8211; et c&rsquo;est le seul du trio &#8211; est livr\u00e9 dans une petite mallette en plastique \u00e9pais, \u00e0 porter \u00e0 l&rsquo;\u00e9paule. C&rsquo;est \u00e0 l&rsquo;int\u00e9rieur que se loge la mini tour d&rsquo;Intel.<\/p>\n<figure class=\"figure text-center\"><img decoding=\"async\" class=\"article-img img-responsive-l\" src=\"https:\/\/img.bfmtv.com\/c\/0\/708\/8df\/f1df518f81a71285a902470a2efb6.jpg\" alt=\"Intel NUC 9 Extreme - NUC9i9QNX\"\/><figcaption class=\"figure-caption figcaption color-txt-0 title-xs hidden-xs\">\n                                    AS\/01net.com<br \/>\n                                                    &#8211; Intel NUC 9 Extreme &#8211; NUC9i9QNX<br \/>\n                            <\/figcaption><\/figure>\n<p>                Pour ouvrir cette mallette, on \u00f4te les pressions qui arriment la sangle au contenant et on d\u00e9fait la fermeture m\u00e9tallique. Avec tout \u00e7a, aucune chance que la b\u00eate ne s&rsquo;\u00e9chappe par inadvertance entre la maison et le lieu de la LAN Party !<\/p>\n<figure class=\"figure text-center\"><img decoding=\"async\" class=\"article-img img-responsive-l\" src=\"https:\/\/img.bfmtv.com\/c\/0\/708\/30661\/617fac95c0c482f679daed86d4c.jpg\" alt=\"Intel NUC 9 Extreme - NUC9i9QNX\"\/><figcaption class=\"figure-caption figcaption color-txt-0 title-xs hidden-xs\">\n                                    AS\/01net.com<br \/>\n                                                    &#8211; Intel NUC 9 Extreme &#8211; NUC9i9QNX<br \/>\n                            <\/figcaption><\/figure>\n<p>Une fois sorti de son logement et quelques coups de tournevis plus tard (deux vis \u00e0 \u00f4ter) on peut d\u00e9solidariser\u00a0le haut du bo\u00eetier et enlever les deux panneaux lat\u00e9raux. L&rsquo;occasion d&rsquo;admirer la m\u00e9canique.<\/p>\n<blockquote>\n<p><strong>\u00c0 lire aussi :<\/strong> <a href=\"https:\/\/www.01net.com\/actualites\/razer-et-cooler-master-se-lancent-dans-la-course-au-intel-nuc-ghost-canyon-1837035.html\" target=\"_blank\" rel=\"noopener noreferrer\">Razer et Cooler Master se lancent dans la course au Intel NUC Ghost Canyon<\/a><\/p>\n<\/blockquote>\n<p>Pr\u00e9cisons qu&rsquo;Intel ne fournit pas de\u00a0carte graphique. C&rsquo;est \u00e0 vous d&rsquo;en ajouter une pour transformer cette b\u00eate de somme, pr\u00eate \u00e0 faire tourner vos applis quotidiennes et multim\u00e9dias, en une puissante machine de gaming et\/ou de cr\u00e9ations vid\u00e9os, graphiques, etc.<\/p>\n<figure class=\"figure text-center\"><img decoding=\"async\" class=\"article-img img-responsive-l\" src=\"https:\/\/img.bfmtv.com\/c\/0\/708\/0926\/3179e700a21273d303b49eeac013.jpg\" alt=\"Intel NUC 9 Extreme - NUC9i9QNX\"\/><figcaption class=\"figure-caption figcaption color-txt-0 title-xs hidden-xs\">\n                                    AS\/01net.com<br \/>\n                                                    &#8211; Intel NUC 9 Extreme &#8211; NUC9i9QNX<br \/>\n                            <\/figcaption><\/figure>\n<p>                \u00c0 l&rsquo;arri\u00e8re, la connectique est foisonnante. De bas en haut, on rel\u00e8ve pas moins de deux prises <a href=\"https:\/\/www.01net.com\/actualites\/thunderspy-le-hack-qui-met-a-mal-la-prise-thunderbolt-1911933.html\" target=\"_blank\" rel=\"noopener noreferrer\">Thunderbolt 3<\/a>, un combo entr\u00e9e\/sortie audio analogique et optique, une sortie vid\u00e9o HDMI (2.0a), 4 prises USB 3.1 gen2 et 2 prises r\u00e9seaux 10\/1000 (i219-LM et i210-AT). Sans oublier le module <a href=\"https:\/\/www.01net.com\/actualites\/le-wi-fi-6-est-lance-officiellement-aujourd-hui-1768570.html\" target=\"_blank\" rel=\"noopener noreferrer\">Wi-Fi 6<\/a> compatible Bluetooth 5.<\/p>\n<p>On trouve aussi en fa\u00e7ade deux prises USB 3.1 gen2, une prise audio analogique combo et un lecteur de carte SD (SDXC UHS-II compatible).<\/p>\n<figure class=\"figure text-center\"><img decoding=\"async\" class=\"article-img img-responsive-l\" src=\"https:\/\/img.bfmtv.com\/c\/0\/708\/5a3\/ef35f7125b1a59d66211ca4cdd201.jpg\" alt=\"Intel NUC 9 Extreme - NUC9i9QNX\"\/><figcaption class=\"figure-caption figcaption color-txt-0 title-xs hidden-xs\">\n                                    AS\/01net.com<br \/>\n                                                    &#8211; Intel NUC 9 Extreme &#8211; NUC9i9QNX<br \/>\n                            <\/figcaption><\/figure>\n<p>                Comme on peut le voir ci-dessus, une fois la carte graphique (une Asus GeForce RTX 2070 Mini pr\u00eat\u00e9e par Intel pour le test) et la Compute Card ci-dessous retir\u00e9es, il ne reste que la carte d&rsquo;accueil (ou Board) dans le petit bo\u00eetier. Cette carte viss\u00e9e au fond du bo\u00eetier embarque deux slots PCI-Express, un autre PCI-E 4x et un emplacement pour SSD M.2 (ou <a href=\"https:\/\/www.01net.com\/actualites\/intel-booste-les-ssd-d-entree-de-gamme-en-y-integrant-de-la-memoire-optane-1607431.html\" target=\"_blank\" rel=\"noopener noreferrer\">Optane<\/a>). Vous ne le voyez pas ? Normal, il se cache sous le radiateur noir. Il y a aussi&#8230; des c\u00e2bles ainsi que l&rsquo;alimentation de 500 watts (485 watts en 80 Plus Platinum en fait), situ\u00e9e tout en bas.<\/p>\n<figure class=\"figure text-center\"><img decoding=\"async\" class=\"article-img img-responsive-l\" src=\"https:\/\/img.bfmtv.com\/c\/0\/708\/b8b\/ad9b780c22fe9e29535d58fdf1e3f.jpg\" alt=\"Intel NUC 9 Extreme - NUC9i9QNX\"\/><figcaption class=\"figure-caption figcaption color-txt-0 title-xs hidden-xs\">\n                                    AS\/01net.com<br \/>\n                                                    &#8211; Intel NUC 9 Extreme &#8211; NUC9i9QNX<br \/>\n                            <\/figcaption><\/figure>\n<p>                Le cerveau du NUC, c&rsquo;est elle. La Compute Card. Elle ressemble \u00e0 une carte graphique avec son interface PCI-Express, son ventilateur, son carter de plastique et sa prise PCI-E 8 broches. Mais c&rsquo;est bien une v\u00e9ritable (petite) carte m\u00e8re sur laquelle se trouve un processeur soud\u00e9.<\/p>\n<p>Sur ce mod\u00e8le de NUC, c&rsquo;est le Core i9-9980HK (<a href=\"https:\/\/www.01net.com\/actualites\/intel-lance-les-versions-portables-de-sa-9e-generation-de-processeurs-core-1679222.html\" target=\"_blank\" rel=\"noopener noreferrer\">famille Coffee Lake<\/a>) qui fait r\u00e9sonner ses 8 c\u0153urs, 16 threads, turbinant \u00e0 2,4 GHz de base. Une vitesse qui peut passer \u00e0 5 GHz lorsque seul un nombre limit\u00e9 de c\u0153urs sont requis par un jeu ou une appli.<\/p>\n<figure class=\"figure text-center\"><img decoding=\"async\" class=\"article-img img-responsive-l\" src=\"https:\/\/img.bfmtv.com\/c\/0\/708\/88b\/3a46f03475ffb0bfedbad979fad79.jpg\" alt=\"Intel NUC 9 Extreme - NUC9i9QNX\"\/><figcaption class=\"figure-caption figcaption color-txt-0 title-xs hidden-xs\">\n                                    AS\/01net.com<br \/>\n                                                    &#8211; Intel NUC 9 Extreme &#8211; NUC9i9QNX<br \/>\n                            <\/figcaption><\/figure>\n<p>                Aussi grande que la carte graphique Asus GeForce RTX 2070 Mini (pr\u00eat\u00e9e par Intel dans le cadre de notre test), la Compute Card d&rsquo;Intel d\u00e9voile tout ses secrets une fois le carter en plastique enlev\u00e9. Il est aussi possible de ne d\u00e9visser qu&rsquo;une trappe pour avoir acc\u00e8s aux deux emplacements pour modules m\u00e9moire DDR4 au format SO-DIMM (celui des PC portables) et \u00e0 deux slots pour SSD au format M.2 compatibles PCIe NVMe. De quoi se constituer un vrai mini PC performant et plut\u00f4t \u00e9volutif. On a h\u00e2te de tester ce NUC !\u00a0<\/p>\n<\/div>\n<p><script>\n         !function(f,b,e,v,n,t,s){if(f.fbq)return;n=f.fbq=function()\n         {n.callMethod? n.callMethod.apply(n,arguments):n.queue.push(arguments)}\n         ;if(!f._fbq)f._fbq=n;\n             n.push=n;n.loaded=!0;n.version='2.0';n.queue=[];t=b.createElement(e);t.async=!0;\n             t.src=v;s=b.getElementsByTagName(e)[0];s.parentNode.insertBefore(t,s)}(window,\n                 document,'script','https:\/\/connect.facebook.net\/en_US\/fbevents.js');\n         fbq('init', '1065890633454496');\n         fbq('track', 'PageView');\n     <\/script><br \/>\n<br \/>[ad_2]<br \/>\n<br \/><a href=\"https:\/\/www.01net.com\/actualites\/nuc-9-extreme-kit-d-intel-decouvrez-les-entrailles-de-ce-mini-pc-taille-pour-le-gaming-1916535.html\">Source link <\/a><\/p>\n","protected":false},"excerpt":{"rendered":"<p>[ad_1] Apr\u00e8s l&rsquo;avoir vu au CES 2020 puis, juste avant le confinement, assist\u00e9 \u00e0 sa pr\u00e9sentation officielle \u00e0 la presse &hellip; <a href=\"http:\/\/www.affinite.fr\/index.php\/2020\/05\/22\/decouvrez-les-entrailles-de-ce-mini-pc-taille-pour-le-gaming\/\" class=\"more-link\">Plus <span class=\"screen-reader-text\">d\u00e9couvrez les entrailles de ce mini PC taill\u00e9 pour le gaming<\/span> <span class=\"meta-nav\">&rarr;<\/span><\/a><\/p>\n","protected":false},"author":1,"featured_media":3161,"comment_status":"open","ping_status":"open","sticky":false,"template":"","format":"standard","meta":{"_sitemap_exclude":false,"_sitemap_priority":"","_sitemap_frequency":"","footnotes":""},"categories":[1],"tags":[],"class_list":["post-3160","post","type-post","status-publish","format-standard","has-post-thumbnail","hentry","category-tous"],"_links":{"self":[{"href":"http:\/\/www.affinite.fr\/index.php\/wp-json\/wp\/v2\/posts\/3160"}],"collection":[{"href":"http:\/\/www.affinite.fr\/index.php\/wp-json\/wp\/v2\/posts"}],"about":[{"href":"http:\/\/www.affinite.fr\/index.php\/wp-json\/wp\/v2\/types\/post"}],"author":[{"embeddable":true,"href":"http:\/\/www.affinite.fr\/index.php\/wp-json\/wp\/v2\/users\/1"}],"replies":[{"embeddable":true,"href":"http:\/\/www.affinite.fr\/index.php\/wp-json\/wp\/v2\/comments?post=3160"}],"version-history":[{"count":0,"href":"http:\/\/www.affinite.fr\/index.php\/wp-json\/wp\/v2\/posts\/3160\/revisions"}],"wp:featuredmedia":[{"embeddable":true,"href":"http:\/\/www.affinite.fr\/index.php\/wp-json\/wp\/v2\/media\/3161"}],"wp:attachment":[{"href":"http:\/\/www.affinite.fr\/index.php\/wp-json\/wp\/v2\/media?parent=3160"}],"wp:term":[{"taxonomy":"category","embeddable":true,"href":"http:\/\/www.affinite.fr\/index.php\/wp-json\/wp\/v2\/categories?post=3160"},{"taxonomy":"post_tag","embeddable":true,"href":"http:\/\/www.affinite.fr\/index.php\/wp-json\/wp\/v2\/tags?post=3160"}],"curies":[{"name":"wp","href":"https:\/\/api.w.org\/{rel}","templated":true}]}}