{"id":3140,"date":"2020-05-22T14:04:49","date_gmt":"2020-05-22T14:04:49","guid":{"rendered":"https:\/\/www.affinite.fr\/index.php\/2020\/05\/22\/top-50-des-idees-cadeaux-pour-les-mamans\/"},"modified":"2020-05-22T14:04:49","modified_gmt":"2020-05-22T14:04:49","slug":"top-50-des-idees-cadeaux-pour-les-mamans","status":"publish","type":"post","link":"http:\/\/www.affinite.fr\/index.php\/2020\/05\/22\/top-50-des-idees-cadeaux-pour-les-mamans\/","title":{"rendered":"top 50\u00a0des id\u00e9es cadeaux pour les mamans"},"content":{"rendered":"<p> [ad_1]<br \/>\n<\/p>\n<p>\n                La\u00a0f\u00eate des M\u00e8res\u00a0approche \u00e0 grands pas\u00a0! A cours d&rsquo;id\u00e9es cadeaux pour votre maman\u00a0? Il vous reste 15\u00a0jours pour trouver le pr\u00e9sent id\u00e9al. Parfum, bijou, r\u00e9alisation DIY, bouquet de fleurs&#8230;\u00a0: on vous aide \u00e0 trouver le <a href=\"http:\/\/www.affinite.fr\/index.php\/2024\/12\/08\/chere-maman-et-si-ce-noel-vous-offriez-a-votre-ado-un-avenir-%f0%9f%8e%84%e2%9c%a8\/\">cadeau<\/a> le plus adapt\u00e9 \u00e0 votre maman\u00a0!            <\/p>\n<div>\n<aside class=\"ccmsummary marqueur_module ccmcss_cms_summary ccmcss_cms_summary--right\">\n<p>Sommaire<\/p>\n<\/aside>\n<p>Pour trouver le pr\u00e9sent qui fera mouche \u00e0 l&rsquo;occasion de la <strong>f\u00eate des M\u00e8res<\/strong>, piochez des id\u00e9es dans notre s\u00e9lection \u00e0 tous les prix\u00a0: parfums, gourmandises, pi\u00e8ces mode, accessoires pratiques, box, livres ou encore spectacles&#8230; Vous n&rsquo;aurez que l&#8217;embarras du choix. Rendez-vous le <strong>dimanche 7 juin 2020<\/strong>\u00a0pour la s\u00e9quence \u00e9motion !<\/p>\n<p>Dans la Gr\u00e8ce Antique, on f\u00eatait d\u00e9j\u00e0 la m\u00e8re, celle de tous les dieux\u00a0: Rh\u00e9a. Les Romains eux aussi rendaient hommage aux m\u00e8res et aux femmes, appel\u00e9es \u00ab\u00a0Matralia\u00a0\u00bb, au Ve si\u00e8cle avant J\u00e9sus-Christ. Des coutumes rapidement enterr\u00e9es par la religion catholique. Ce n&rsquo;est qu&rsquo;au XIXe si\u00e8cle que la f\u00eate voit le jour en France, gr\u00e2ce \u00e0 Napol\u00e9on. Ce dernier \u00e9voque alors la cr\u00e9ation d&rsquo;une <strong>f\u00eate des M\u00e8res<\/strong> officielle, que l&rsquo;on c\u00e9l\u00e9brerait au printemps. En 1897, l&rsquo;Alliance Nationale contre la d\u00e9population lance alors une id\u00e9e\u00a0: une f\u00eate des enfants, mettant en avant l&rsquo;importance de la f\u00e9condit\u00e9 et les vertus de la famille. C&rsquo;est \u00e0 l&rsquo;Union Fraternelle des P\u00e8res de Famille M\u00e9ritants d&rsquo;Artas que l&rsquo;on doit pourtant la toute <strong>premi\u00e8re c\u00e9l\u00e9bration des m\u00e8res<\/strong>. Le 10\u00a0juin 1906, l&rsquo;Is\u00e8re met alors les m\u00e8res \u00e0 l&rsquo;honneur, r\u00e9compensant les plus m\u00e9ritantes, le tout dans une v\u00e9ritable ambiance de f\u00eate, comme l&rsquo;attestent les d\u00e9fil\u00e9s dans les rues d\u00e9cor\u00e9es. Il faudra pourtant attendre le 16\u00a0juin 1918\u00a0pour que se d\u00e9roule la premi\u00e8re \u00ab\u00a0Journ\u00e9e des m\u00e8res\u00a0\u00bb, \u00e0 Lyon, \u00e0 l&rsquo;initiative du colonel de la Croix-Laval. C&rsquo;est le d\u00e9but de la tradition.<\/p>\n<h3>Une journ\u00e9e sp\u00e9ciale dans notre calendrier<\/h3>\n<p>A cause de quelques lenteurs administratives, la premi\u00e8re c\u00e9r\u00e9monie officielle n&rsquo;aura finalement lieu que le 20\u00a0avril 1926, m\u00eame si entre temps de multiples manifestations se tiennent pour c\u00e9l\u00e9brer les m\u00e8res les plus vertueuses et courageuses. Le 25\u00a0mai 1941, le Mar\u00e9chal P\u00e9tain institue d\u00e9finitivement la \u00ab\u00a0<strong>journ\u00e9e nationale des m\u00e8res<\/strong>\u00ab\u00a0. Dernier volet de l&rsquo;histoire, le Pr\u00e9sident de la R\u00e9publique Vincent Auriol signe le 24\u00a0mai 1950\u00a0un texte de loi instituant la f\u00eate des m\u00e8res. Elle est alors d\u00e9finitivement fix\u00e9e au <strong>dernier dimanche de mai<\/strong>. Si cette date co\u00efncide avec celle de la Pentec\u00f4te, la f\u00eate des M\u00e8res a lieu le <strong>premier dimanche de juin<\/strong>.<\/p>\n<aside id=\"NL_1615010950\" class=\"newsletter_subscription jNlBlock\"><noscript><br \/>\n            <\/noscript><\/p>\n<h3 class=\"newsletter_subscription-title\">Newsletter <\/h3>\n<p><a href=\"\/\/mailing.ccmbg.com\/archive\/last-85\" target=\"_blank\" class=\"a_hover\" rel=\"noopener noreferrer\">Voir un exemple<\/a><\/p>\n<\/aside>\n<p>Sur notre site pour enfants Hugo l&rsquo;Escargot, d\u00e9couvrez toutes nos id\u00e9es de coloriages, DIY et autres comptines \u00e0 <a href=\"http:\/\/www.affinite.fr\/index.php\/2022\/11\/09\/formation-de-glacier-apprenez-le-metier-de-glacier-et-changez-votre-vie\/\">apprendre<\/a> pour permettre aux petits d&rsquo;exprimer tout leur amour \u00e0 leur maman avec des cr\u00e9ations maison\u00a0!<\/p>\n<div class=\"ccminsert\">\n<aside class=\"app_widget_fo app_widget_fo--call\">\n<ul>\n<li>\n                <a href=\"https:\/\/www.hugolescargot.com\/comptines-enfants\/poemes\/poemes-pour-maman\/\"><\/p>\n<figure><picture><source media=\"(max-width: 480px)\" srcset=\"https:\/\/img-3.journaldesfemmes.fr\/i7iyedCJt92KSmHIeVHUB6yefuI=\/160x105\/smart\/6238449e1290403eb233be1c2b22233b\/ccmcms-hugo\/10599590.jpg\"><img decoding=\"async\" src=\"https:\/\/img-3.journaldesfemmes.fr\/UW49gbH29p7GvB5l4ZXQNlh7MXQ=\/200x132\/smart\/6238449e1290403eb233be1c2b22233b\/ccmcms-hugo\/10599590.jpg\" alt=\"\"\/><\/source><\/picture><figcaption>\n<h3>Po\u00e8mes pour maman<\/h3>\n<p>Pour ne jamais \u00eatre \u00e0 court de textes tendres pour exprimer son amour \u00e0 sa maman, voici des dizaines d&rsquo;id\u00e9es de comptines et po\u00e8mes \u00e0 r\u00e9citer le jour de la f\u00eate des m\u00e8res.<\/p>\n<\/figcaption><\/figure>\n<p><\/a>\n            <\/li>\n<li>\n                <a href=\"https:\/\/www.hugolescargot.com\/comptines-enfants\/poemes\/37023-je-t-aime-maman\/\"><\/p>\n<figure><picture><source media=\"(max-width: 480px)\" srcset=\"https:\/\/img-3.journaldesfemmes.fr\/5Ttzv8ZQ3FNpXEaXZDBJzA4M_Uk=\/160x105\/smart\/5758e4a1c952472a8a60a3ea06450bb7\/ccmcms-hugo\/10599569.jpg\"><img decoding=\"async\" src=\"https:\/\/img-3.journaldesfemmes.fr\/8DfayIDN-w-gGIasWsQY2Yf7e7w=\/200x132\/smart\/5758e4a1c952472a8a60a3ea06450bb7\/ccmcms-hugo\/10599569.jpg\" alt=\"\"\/><\/source><\/picture><figcaption>\n<h3>Je t&rsquo;aime maman (po\u00e8me)<\/h3>\n<p>Courte et facile \u00e0 retenir, une comptine tendre qui ne va pas d\u00e9cevoir maman pour sa f\u00eate ! Bisou et c\u00e2lin garantis \u00e0 la fin de la r\u00e9citation&#8230;<\/p>\n<\/figcaption><\/figure>\n<p><\/a>\n            <\/li>\n<li>\n                <a href=\"https:\/\/www.hugolescargot.com\/comptines-enfants\/poemes\/37489-bonne-fete-maman\/\"><\/p>\n<figure><picture><source media=\"(max-width: 480px)\" srcset=\"https:\/\/img-3.journaldesfemmes.fr\/UcJmyPktWoErl0INvUuV8-d4SP0=\/160x105\/smart\/59450b4f46f24548aa8b9368b5f967df\/ccmcms-hugo\/10592875.jpg\"><img decoding=\"async\" src=\"https:\/\/img-3.journaldesfemmes.fr\/ZHbFn6nNjGOcEW83oNDnR45GNYg=\/200x132\/smart\/59450b4f46f24548aa8b9368b5f967df\/ccmcms-hugo\/10592875.jpg\" alt=\"\"\/><\/source><\/picture><figcaption>\n<h3>Bonne f\u00eate maman (comptine)<\/h3>\n<p>Simple \u00e0 apprendre et \u00e0 r\u00e9citer, cette petite comptine (avec ou sans musique \u00e0 inventer) est un bel hommage \u00e0 r\u00e9citer \u00e0 sa maman pour lui mettre la larme \u00e0 l&rsquo;oeil le jour de la F\u00eate des M\u00e8res&#8230;<\/p>\n<\/figcaption><\/figure>\n<p><\/a>\n            <\/li>\n<li>\n                <a href=\"https:\/\/www.hugolescargot.com\/coloriages\/fete-des-meres\/\"><\/p>\n<figure><picture><source media=\"(max-width: 480px)\" srcset=\"https:\/\/img-3.journaldesfemmes.fr\/8e9LkH2mNNd4YYP1_2as9Gy6qEw=\/160x105\/smart\/d75e2b75f60d4284bf2e267eb4dbe8ee\/ccmcms-jdf\/15567830.gif\"><img decoding=\"async\" src=\"https:\/\/img-3.journaldesfemmes.fr\/8gSW77aIJDVoYb7iIDXdA8D2Ad4=\/200x132\/smart\/d75e2b75f60d4284bf2e267eb4dbe8ee\/ccmcms-jdf\/15567830.gif\" alt=\"\"\/><\/source><\/picture><figcaption>\n<h3>Coloriages et dessins de F\u00eate des m\u00e8res<\/h3>\n<p>A recopier ou \u00e0 colorier, d\u00e9couvrez toutes nos images pour vous inspirer de quoi faire un beau dessin \u00e0 maman en ce jour particulier ! Petits oiseaux ou po\u00e8mes \u00e0 illustrer, chacun trouvera ce qui lui convient.<\/p>\n<\/figcaption><\/figure>\n<p><\/a>\n            <\/li>\n<li>\n                <a href=\"https:\/\/www.hugolescargot.com\/coloriages\/coeur\/\"><\/p>\n<figure><picture><source media=\"(max-width: 480px)\" srcset=\"https:\/\/img-3.journaldesfemmes.fr\/zhnMzDoFkQcgTu1zb2PU2LvRv0E=\/160x105\/smart\/887397adf3f6470db368911dfae7d901\/ccmcms-hugo\/10602020.jpg\"><img decoding=\"async\" src=\"https:\/\/img-3.journaldesfemmes.fr\/nWGnEx1PaXA4GKnXeRlcOx-tlRc=\/200x132\/smart\/887397adf3f6470db368911dfae7d901\/ccmcms-hugo\/10602020.jpg\" alt=\"\"\/><\/source><\/picture><figcaption>\n<h3>Coloriages et dessins en forme de coeur<\/h3>\n<p>Parce qu&rsquo;on ne dit jamais aussi bien \u00e0 sa maman qu&rsquo;on l&rsquo;aime profond\u00e9ment, qu&rsquo;avec cette forme simple et \u00e9mouvante, facile \u00e0 recopier ou \u00e0 colorier ! Tous nos mod\u00e8les de coeurs, grands ou petits, \u00e0 dessiner.<\/p>\n<\/figcaption><\/figure>\n<p><\/a>\n            <\/li>\n<li>\n                <a href=\"https:\/\/www.hugolescargot.com\/activites-enfants\/bricolages\/bricolages-de-fetes\/fete-des-meres\/\"><\/p>\n<figure><picture><source media=\"(max-width: 480px)\" srcset=\"https:\/\/img-3.journaldesfemmes.fr\/e9qM2DjM6DHK-u_0RcttR5PLr2k=\/160x105\/smart\/ec12982242a8451e906622717a5a41c7\/ccmcms-hugo\/10688295.jpg\"><img decoding=\"async\" src=\"https:\/\/img-3.journaldesfemmes.fr\/5qvk1OMFxIYpBnmPnU7aWTaAvXY=\/200x132\/smart\/ec12982242a8451e906622717a5a41c7\/ccmcms-hugo\/10688295.jpg\" alt=\"\"\/><\/source><\/picture><figcaption>\n<h3>Bricolage f\u00eate des m\u00e8res<\/h3>\n<p>Mais quel cadeau r\u00e9aliser pour maman le jour de sa f\u00eate\u2009? M\u00ealer nouveaut\u00e9, originalit\u00e9 et personnalit\u00e9 n\u2019est pas toujours \u00e9vident. Mais voici tous nos mod\u00e8les de DIY inspirants \u00e0 r\u00e9aliser avec des accessoires simples !<\/p>\n<\/figcaption><\/figure>\n<p><\/a>\n            <\/li>\n<\/ul>\n<\/aside>\n<\/div>\n<p>C\u00e9l\u00e9br\u00e9e \u00e0 travers le monde, la tradition n&rsquo;est pourtant pas la m\u00eame partout.<\/p>\n<ul>\n<li><strong>Aux Etats-Unis<\/strong>, c&rsquo;est le deuxi\u00e8me dimanche de mai que les mamans sont \u00e0 l&rsquo;honneur. La tradition veut que l&rsquo;on offre des cartes de v\u0153ux et que l&rsquo;on fasse une grasse matin\u00e9e&#8230; Le petit d\u00e9jeuner au lit est de rigueur\u00a0!<\/li>\n<li><strong>En Espagne<\/strong>, \u00ab\u00a0El dia de la madre\u00a0\u00bb tombe le premier dimanche de mai, et c&rsquo;est l&rsquo;occasion pour chaque m\u00e8re de se reposer. Il est de coutume que toute la famille aille au restaurant et que l&rsquo;\u00e9tablissement offre une fleur \u00e0 chaque m\u00e8re.<\/li>\n<li><strong>Au Danemark<\/strong>, ce sont plut\u00f4t aux chocolats que les mamans ont droit. C\u00e9l\u00e9br\u00e9e le deuxi\u00e8me dimanche de mai, comme dans beaucoup de pays, l&rsquo;\u00e9v\u00e9nement est davantage f\u00eat\u00e9 dans les petites villes que dans les grandes.<\/li>\n<li><strong>En Chine<\/strong>, on ne c\u00e9l\u00e8bre sa maman que jusqu&rsquo;\u00e0 35\u00a0ans. La f\u00eate, non inscrite au calendrier officiel chinois, \u00e9tant r\u00e9serv\u00e9e aux jeunes g\u00e9n\u00e9rations.<\/li>\n<li><strong>En Argentine<\/strong>, on ne fait pas comme tout le monde\u00a0: la f\u00eate des M\u00e8res tombe le troisi\u00e8me dimanche d&rsquo;octobre&#8230;<\/li>\n<\/ul>\n<\/div>\n<p>[ad_2]<br \/>\n<br \/><a href=\"https:\/\/www.journaldesfemmes.fr\/maman\/magazine\/2525337-fete-des-meres-2020-top-50-des-idees-cadeaux-pour-les-mamans\/\">Source link <\/a><\/p>\n","protected":false},"excerpt":{"rendered":"<p>[ad_1] La\u00a0f\u00eate des M\u00e8res\u00a0approche \u00e0 grands pas\u00a0! A cours d&rsquo;id\u00e9es cadeaux pour votre maman\u00a0? Il vous reste 15\u00a0jours pour trouver &hellip; <a href=\"http:\/\/www.affinite.fr\/index.php\/2020\/05\/22\/top-50-des-idees-cadeaux-pour-les-mamans\/\" class=\"more-link\">Plus <span class=\"screen-reader-text\">top 50\u00a0des id\u00e9es cadeaux pour les mamans<\/span> <span class=\"meta-nav\">&rarr;<\/span><\/a><\/p>\n","protected":false},"author":1,"featured_media":3141,"comment_status":"open","ping_status":"open","sticky":false,"template":"","format":"standard","meta":{"_sitemap_exclude":false,"_sitemap_priority":"","_sitemap_frequency":"","footnotes":""},"categories":[1],"tags":[],"class_list":["post-3140","post","type-post","status-publish","format-standard","has-post-thumbnail","hentry","category-tous"],"_links":{"self":[{"href":"http:\/\/www.affinite.fr\/index.php\/wp-json\/wp\/v2\/posts\/3140"}],"collection":[{"href":"http:\/\/www.affinite.fr\/index.php\/wp-json\/wp\/v2\/posts"}],"about":[{"href":"http:\/\/www.affinite.fr\/index.php\/wp-json\/wp\/v2\/types\/post"}],"author":[{"embeddable":true,"href":"http:\/\/www.affinite.fr\/index.php\/wp-json\/wp\/v2\/users\/1"}],"replies":[{"embeddable":true,"href":"http:\/\/www.affinite.fr\/index.php\/wp-json\/wp\/v2\/comments?post=3140"}],"version-history":[{"count":0,"href":"http:\/\/www.affinite.fr\/index.php\/wp-json\/wp\/v2\/posts\/3140\/revisions"}],"wp:featuredmedia":[{"embeddable":true,"href":"http:\/\/www.affinite.fr\/index.php\/wp-json\/wp\/v2\/media\/3141"}],"wp:attachment":[{"href":"http:\/\/www.affinite.fr\/index.php\/wp-json\/wp\/v2\/media?parent=3140"}],"wp:term":[{"taxonomy":"category","embeddable":true,"href":"http:\/\/www.affinite.fr\/index.php\/wp-json\/wp\/v2\/categories?post=3140"},{"taxonomy":"post_tag","embeddable":true,"href":"http:\/\/www.affinite.fr\/index.php\/wp-json\/wp\/v2\/tags?post=3140"}],"curies":[{"name":"wp","href":"https:\/\/api.w.org\/{rel}","templated":true}]}}