{"id":3120,"date":"2020-05-21T14:01:49","date_gmt":"2020-05-21T14:01:49","guid":{"rendered":"https:\/\/www.affinite.fr\/index.php\/2020\/05\/21\/le-parc-du-puy-du-fou-ouvre-le-11-juin-et-presente-les-noces-de-feu\/"},"modified":"2020-05-21T14:01:49","modified_gmt":"2020-05-21T14:01:49","slug":"le-parc-du-puy-du-fou-ouvre-le-11-juin-et-presente-les-noces-de-feu","status":"publish","type":"post","link":"http:\/\/www.affinite.fr\/index.php\/2020\/05\/21\/le-parc-du-puy-du-fou-ouvre-le-11-juin-et-presente-les-noces-de-feu\/","title":{"rendered":"Le parc du Puy du Fou ouvre le 11\u00a0juin et pr\u00e9sente les Noces de Feu"},"content":{"rendered":"<p> [ad_1]<br \/>\n<\/p>\n<p>\n                Le parc ouvre ses portes du 11\u00a0juin au 1er novembre 2020. Cette ann\u00e9e, d\u00e9couvrez Les Noces de Feu, la derni\u00e8re cr\u00e9ation originale du parc du Puy du Fou. Embarquez pour une aventure f\u00e9erique et suivez l&rsquo;aventure romantique de la Muse et du Pianiste, qui vont se marier.            <\/p>\n<div>\n<aside class=\"ccmsummary marqueur_module ccmcss_cms_summary ccmcss_cms_summary--right\">\n<p>Sommaire<\/p>\n<\/aside>\n<p><strong>[Mise \u00e0 jour du 21 mai \u00e0 14h08].<\/strong>\u00a0Cette ann\u00e9e, le<strong>\u00a0parc du Puy du Fou ouvre ses portes du 11 juin au 1er novembre<\/strong>. Pour pouvoir de nouveau accueillir le public apr\u00e8s des mois de confinement, et garantir la s\u00e9curit\u00e9 de tous, le parc s&rsquo;engage \u00e0 respecter les r\u00e8gles sanitaires.\u00a0La distanciation sociale sera donc assur\u00e9e dans tous les spectacles, le flux de visiteurs sera r\u00e9gul\u00e9 d\u00e8s leur arriv\u00e9e dans le parking, et les restaurants ne pourront accueillir que la moiti\u00e9 de la capacit\u00e9 habituelle. Ce vaste espace de loisirs \u00e0 th\u00e9matiques historiques, cr\u00e9\u00e9 en 1978\u00a0dans le d\u00e9partement de la Vend\u00e9e, h\u00e9berge des spectacles grandioses pour toute la famille. Spectacles \u00e9questres, vol de rapaces, aventure en immersion totale, musique et plus encore vous attendent dans les diff\u00e9rents villages d&rsquo;\u00e9poque du parc. <strong>Le Puy du Fou<\/strong> offre\u00a0\u00e9galement un cadre naturel, relaxant et agr\u00e9able, id\u00e9al pour fl\u00e2ner entre deux spectacles.\u00a0Tout est fait pour un voyage dans le temps\u00a0inoubliable !\u00a0<\/p>\n<p><strong>En 2020, le Puy du Fou d\u00e9voile son tout nouveau spectacle, Les Noces de Feu<\/strong>, qui s&rsquo;inscrit dans la continuit\u00e9 d&rsquo;un num\u00e9ro pr\u00e9c\u00e9dent, Les Orgues de Feu. On retrouve l&rsquo;histoire passionnelle et sentimentale de <strong>la Muse et du Pianiste<\/strong>, qui vont se marier.\u00a0Une fantasmagorie nocturne de 30 minutes qui fait voyager les spectateurs dans le XIXe si\u00e8cle. Musique, eau, feu, costumes \u00e9lectroluminescents&#8230;\u00a0La mise en sc\u00e8ne ne laisse rien au hasard et\u00a0transporte les visiteurs dans un monde \u00e9poustouflants et f\u00e9erique. D&rsquo;autres nouveaut\u00e9s attendent les spectateurs, comme <strong>Le Grand Si\u00e8cle<\/strong>, h\u00f4tel quatre \u00e9toiles qui permet de dormir dans les appartements du Roi Soleil. <strong>Les D\u00eeners L\u00e9gendaires<\/strong> plongent les visiteurs dans une soir\u00e9e exceptionnelle, dans les coulisses du parc, \u00e0 la d\u00e9couverte des talents, et des diff\u00e9rents m\u00e9tiers et savoir-faire qui donnent vie au parc. Enfin, chaque d\u00eener a un th\u00e8me particulier, comme celui des \u00e9curies.<\/p>\n<div style=\"text-align:center\">\n<figure class=\"image\" style=\"display:inline-block\"><a class=\"fancy\" href=\"https:\/\/img-3.journaldesfemmes.fr\/ExrkolCZzOuPgnJhrhpsnBMK29E=\/1080x\/smart\/aeb5b69e77f2410c99d6674baa472443\/ccmcms-jdf\/14275586.jpg\"><img decoding=\"async\" alt=\"spectacle-noces-de-feu-puy-du-fou\" src=\"https:\/\/img-3.journaldesfemmes.fr\/ExrkolCZzOuPgnJhrhpsnBMK29E=\/1080x\/smart\/aeb5b69e77f2410c99d6674baa472443\/ccmcms-jdf\/14275586.jpg\"\/><\/a><figcaption data-credit=\"Puy du Fou\" data-legend=\"Les Noces de Feu, le nouveau spectacle nocturne f\u00e9\u00e9rique du Puy du Fou\">Les Noces de Feu, le nouveau spectacle nocturne f\u00e9\u00e9rique du Puy du Fou <small>\u00a9\u00a0Puy du Fou<\/small><\/figcaption><\/figure>\n<\/div>\n<h3><strong>Les grands spectacles du Puy du Fou<\/strong><\/h3>\n<p>Partez pour un voyage \u00e0 travers les si\u00e8cles avec les six grands spectacles du Grand Parc du Puy du Fou. Cascades, effets sp\u00e9ciaux, d\u00e9cors \u00e0 couper le souffle et mises en sc\u00e8ne \u00e9poustouflantes seront au rendez-vous. Avec <strong>Le Signe du Triomphe<\/strong>, faites un tour \u00e0 l&rsquo;\u00e9poque des combats de gladiateurs et course de chars. A travers le spectacle \u00ab\u00a0<strong>Les Vikings\u00a0\u00bb<\/strong>, des villageois d\u00e9fendent leur terre d&rsquo;une invasion surprise. Ce sont 330 rapaces qui volent au plus pr\u00e8s du public dans le ballet a\u00e9rien <strong>Le Bal des Oiseaux Fant\u00f4mes<\/strong>. <strong>Le Secret de la Lance<\/strong> raconte l&rsquo;histoire d&rsquo;une berg\u00e8re qui d\u00e9fend son ch\u00e2teau pendant la Guerre de Cent Ans. Fort heureusement, elle sera aid\u00e9e par une lance aux pouvoirs magiques. Les c\u00e9l\u00e8bres mousquetaires s&rsquo;illustrent \u00e9galement dans\u00a0un spectacle de cape et d&rsquo;\u00e9p\u00e9e, <strong>Mousquetaire de Richelieu<\/strong>. Amour, prouesse \u00e9questre et flamenco seront au rendez-vous pour \u00e9merveiller petits et grands. Enfin, le<strong>\u00a0Dernier Panache<\/strong> conte le destin tragique d&rsquo;un officier de marine fran\u00e7ais et h\u00e9ros de la Guerre d&rsquo;Ind\u00e9pendance am\u00e9ricaine.\u00a0<\/p>\n<h3><strong>Les spectacles immersifs<\/strong><\/h3>\n<p>Vivez les spectacles au plus pr\u00e8s gr\u00e2ce aux cr\u00e9ations en totale immersion du parc du Puy du Fou. Lanc\u00e9e en 2018, <strong>le Myst\u00e8re de la P\u00e9rouse <\/strong>vous embarque dans une exp\u00e9dition maritime pendant laquelle tout ne se passera pas comme pr\u00e9vu&#8230; Depuis 2019, les spectateurs peuvent d\u00e9couvrir <strong>Le Premier Royaume<\/strong>, qui retrace le parcours de Clovis. Avec <strong>Les Amoureux de Verdun<\/strong>, les visiteurs se retrouvent pleine Premi\u00e8re Guerre mondiale, la veille de No\u00ebl 1916. Dans <strong>La Renaissance du Ch\u00e2teau<\/strong>, les habitants du Puy du Fou vous r\u00e9v\u00e8lent les secrets du ch\u00e2teau. La l\u00e9gende du roi Arthur prend vie dans Les Chevaliers de la Table Ronde, o\u00f9 grande illusion et surnaturel s&rsquo;entrem\u00ealent. Pourquoi ne pas faire un petit tour dans la France du XX\u00e8me si\u00e8cle avec <strong>Le Ballet des Sapeurs<\/strong>, un spectacle s&rsquo;inspirant de l&rsquo;univers des com\u00e9dies musicales. Si vous \u00eates fan de musique, <strong>Le Grand Carillon<\/strong> et ses airs du XVIII\u00e8me si\u00e8cle devrait vous plaire, ou peut-\u00eatre pr\u00e9f\u00e9rerez-vous les <strong>Automates Musiciens <\/strong>du Bourg 1900\u00a0? Le v\u00e9g\u00e9tal est \u00e0 l&rsquo;honneur dans <strong>le Monde Imaginaire de la Fontaine<\/strong>, spectacle dans lequel revivent les c\u00e9l\u00e8bres fables de Jean de la Fontaine, ainsi que dans <strong>Le Labyrinth des Animaux<\/strong>, un labyrinth v\u00e9g\u00e9tal plein de surprises. Les plus jeunes pourront suivre les h\u00e9ros du Puy du Fou dans leurs \u00e9pop\u00e9es fantastiques gr\u00e2ce au\u00a0<strong>Repaire des Enfants<\/strong>, un ch\u00e2teau qui leur est d\u00e9di\u00e9.\u00a0<\/p>\n<div style=\"text-align:center\">\n<figure class=\"image\" style=\"display:inline-block\"><a class=\"fancy\" href=\"https:\/\/img-3.journaldesfemmes.fr\/cNU-4p1M3PaWWIMJpxwczE51Mjk=\/1080x\/smart\/31625738df324c9aa51d6b8aaa804bbc\/ccmcms-jdf\/11081769.jpg\"><img decoding=\"async\" alt=\"\" src=\"https:\/\/img-3.journaldesfemmes.fr\/cNU-4p1M3PaWWIMJpxwczE51Mjk=\/1080x\/smart\/31625738df324c9aa51d6b8aaa804bbc\/ccmcms-jdf\/11081769.jpg\"\/><\/a><figcaption data-credit=\"Parc du Puy du Fou\" data-legend=\"Le Myst\u00e8re de la P\u00e9rouse au Parc du Puy du Fou\u00a0\">Le Myst\u00e8re de la P\u00e9rouse au Parc du Puy du Fou\u00a0 <small>\u00a9\u00a0Parc du Puy du Fou<\/small><\/figcaption><\/figure>\n<\/div>\n<h3><strong>Les spectacles nocturnes<\/strong><\/h3>\n<p>A la nuit tomb\u00e9, le parc se pare de mille feux. Le spectacle\u00a0<strong>les Orgues de Feu<\/strong> raconte une histoire d&rsquo;amour entre un pianiste et une violoniste. Sur fond de musique classique, eau, feu, lumi\u00e8re et instruments de musiques vous font vivre un moment f\u00e9erique pendant 33 minutes. <strong>La Cin\u00e9sc\u00e9nie<\/strong> vous emporte du Moyen-\u00c2ge \u00e0 la Seconde Guerre mondiale, dans une superproduction o\u00f9 les technologies sont au service de l&rsquo;histoire et du spectacle. Pr\u00e9sent\u00e9 sur une sc\u00e8ne g\u00e9ante, ce spectacle incroyable compte 2550 com\u00e9diens et\u00a0190 cavaliers.\u00a0<\/p>\n<h2><strong>Le Caf\u00e9 de la Madelon<\/strong><\/h2>\n<p>\u00c0 quelques m\u00e8tres du Bourg 1900, Le <a href=\"https:\/\/cuisine.journaldesfemmes.fr\/encyclopedie-produits\/1955620-cafe\/\" title=\"Caf\u00e9\">Caf\u00e9<\/a> de la Madelon propose aux visiteurs un voyage temporel au c\u0153ur de la Belle-Epoque. Petits et grands sont invit\u00e9s au repas de mariage de la Madelon et peuvent y d\u00e9couvrir un spectacle plein de rebondissements et de surprises, tout en se d\u00e9lectant d&rsquo;un menu sp\u00e9cialement con\u00e7u dans l&rsquo;esprit des ann\u00e9es 1900. Festin royal, musiques d\u00e9su\u00e8tes et danses folkloriques&#8230; Tout est pr\u00eat pour la noce, mais rien ne se passera comme pr\u00e9vu\u00a0! <em>(Tarifs : 25 euros pour les adultes et 10.90 euros pour les &#8211; de 14 ans)\u00a0<\/em><\/p>\n<div style=\"text-align:center\">\n<figure class=\"image\" style=\"display:inline-block\"><img decoding=\"async\" alt=\"\" src=\"https:\/\/img-3.journaldesfemmes.fr\/CzbRIMPprA4d4hDVgqlS7TftQz8=\/1080x\/smart\/3fb03867caa14db08d409a60a2e4746c\/ccmcms-jdf\/10699189.jpg\"\/><figcaption data-credit=\"Puy du Fou\" data-legend=\"Caf\u00e9 de la Madelon\">Caf\u00e9 de la Madelon <small>\u00a9\u00a0Puy du Fou<\/small><\/figcaption><\/figure>\n<\/div>\n<p>Le Puy du Fou ouvre du 11 juin au 1er novembre 2020. Le Grand Parc ouvre \u00e0 9h30 et <a href=\"http:\/\/www.affinite.fr\/index.php\/2022\/10\/22\/la-creme-glacee-la-nouvelle-culture-commerciale\/\">ferme<\/a> \u00e0 19h, 21h ou 22h30\u00a0en fonction des p\u00e9riodes de l&rsquo;ann\u00e9e.\u00a0<\/p>\n<p>CS 70\u00a0025\u00a0&#8211; 85590\u00a0Les Epesses<\/p>\n<p><strong>T\u00e9l\u00e9phone :\u00a0<\/strong>08\u00a020\u00a009\u00a010\u00a010<\/p>\n<aside id=\"NL_1111200452\" class=\"newsletter_subscription jNlBlock\"><noscript><br \/>\n            <\/noscript><\/p>\n<h3 class=\"newsletter_subscription-title\">Newsletter <\/h3>\n<p><a href=\"\/\/mailing.ccmbg.com\/archive\/last-85\" target=\"_blank\" class=\"a_hover\" rel=\"noopener noreferrer\">Voir un exemple<\/a><\/p>\n<\/aside>\n<p>Billet Grand Parc adulte \u00e0 partir de 37\u00a0euros,\u00a0billet 1 jour enfant (de 5 \u00e0 13 ans) \u00e0 partir de 27\u00a0euros. Billet Grand Parc + Cin\u00e9sc\u00e9nie \u00e0 partir de 59 euros pour les adultes et \u00e0 partir de 48 euros pour les enfants. L&rsquo;entr\u00e9e est gratuite pour les moins de 5 ans.\u00a0<\/p>\n<p><strong>Site du parc du Puy du Fou :<\/strong> <a href=\"http:\/\/www.puydufou.com\/fr\/\" target=\"_blank\" rel=\"noopener noreferrer\">www.puydufou.com<\/a><\/p>\n<p><iframe loading=\"lazy\" allowfullscreen=\"\" frameborder=\"0\" height=\"450\" src=\"https:\/\/www.google.com\/maps\/embed?pb=!1m14!1m8!1m3!1d10906.667372413254!2d-0.9281158!3d46.8896024!3m2!1i1024!2i768!4f13.1!3m3!1m2!1s0x0%3A0x48386616c38da263!2sPuy+du+Fou!5e0!3m2!1sfr!2sfr!4v1458223507199\" style=\"border:0\" width=\"600\"><\/iframe><\/p>\n<\/p><\/div>\n<p>[ad_2]<br \/>\n<br \/><a href=\"https:\/\/www.journaldesfemmes.fr\/maman\/guide-sorties-en-famille\/1551685-puy-du-fou\/\">Source link <\/a><\/p>\n","protected":false},"excerpt":{"rendered":"<p>[ad_1] Le parc ouvre ses portes du 11\u00a0juin au 1er novembre 2020. Cette ann\u00e9e, d\u00e9couvrez Les Noces de Feu, la &hellip; <a href=\"http:\/\/www.affinite.fr\/index.php\/2020\/05\/21\/le-parc-du-puy-du-fou-ouvre-le-11-juin-et-presente-les-noces-de-feu\/\" class=\"more-link\">Plus <span class=\"screen-reader-text\">Le parc du Puy du Fou ouvre le 11\u00a0juin et pr\u00e9sente les Noces de Feu<\/span> <span class=\"meta-nav\">&rarr;<\/span><\/a><\/p>\n","protected":false},"author":1,"featured_media":3121,"comment_status":"open","ping_status":"open","sticky":false,"template":"","format":"standard","meta":{"_sitemap_exclude":false,"_sitemap_priority":"","_sitemap_frequency":"","footnotes":""},"categories":[1],"tags":[],"class_list":["post-3120","post","type-post","status-publish","format-standard","has-post-thumbnail","hentry","category-tous"],"_links":{"self":[{"href":"http:\/\/www.affinite.fr\/index.php\/wp-json\/wp\/v2\/posts\/3120"}],"collection":[{"href":"http:\/\/www.affinite.fr\/index.php\/wp-json\/wp\/v2\/posts"}],"about":[{"href":"http:\/\/www.affinite.fr\/index.php\/wp-json\/wp\/v2\/types\/post"}],"author":[{"embeddable":true,"href":"http:\/\/www.affinite.fr\/index.php\/wp-json\/wp\/v2\/users\/1"}],"replies":[{"embeddable":true,"href":"http:\/\/www.affinite.fr\/index.php\/wp-json\/wp\/v2\/comments?post=3120"}],"version-history":[{"count":0,"href":"http:\/\/www.affinite.fr\/index.php\/wp-json\/wp\/v2\/posts\/3120\/revisions"}],"wp:featuredmedia":[{"embeddable":true,"href":"http:\/\/www.affinite.fr\/index.php\/wp-json\/wp\/v2\/media\/3121"}],"wp:attachment":[{"href":"http:\/\/www.affinite.fr\/index.php\/wp-json\/wp\/v2\/media?parent=3120"}],"wp:term":[{"taxonomy":"category","embeddable":true,"href":"http:\/\/www.affinite.fr\/index.php\/wp-json\/wp\/v2\/categories?post=3120"},{"taxonomy":"post_tag","embeddable":true,"href":"http:\/\/www.affinite.fr\/index.php\/wp-json\/wp\/v2\/tags?post=3120"}],"curies":[{"name":"wp","href":"https:\/\/api.w.org\/{rel}","templated":true}]}}