{"id":3118,"date":"2020-05-21T08:44:56","date_gmt":"2020-05-21T08:44:56","guid":{"rendered":"https:\/\/www.affinite.fr\/index.php\/2020\/05\/21\/tier-mobility-deploie-a-paris-des-trottinettes-electriques-avec-casque-integre\/"},"modified":"2020-05-21T08:44:56","modified_gmt":"2020-05-21T08:44:56","slug":"tier-mobility-deploie-a-paris-des-trottinettes-electriques-avec-casque-integre","status":"publish","type":"post","link":"http:\/\/www.affinite.fr\/index.php\/2020\/05\/21\/tier-mobility-deploie-a-paris-des-trottinettes-electriques-avec-casque-integre\/","title":{"rendered":"TIER Mobility d\u00e9ploie \u00e0 Paris des trottinettes \u00e9lectriques avec casque int\u00e9gr\u00e9"},"content":{"rendered":"<p> [ad_1]<br \/>\n<br \/><img decoding=\"async\" src=\"https:\/\/img.bfmtv.com\/i\/0\/0\/029c\/257e84f0b056eb2fc510b9b3a0d7.jpg\" \/><\/p>\n<div itemprop=\"articleBody\">\n<p>Pour se d\u00e9marquer de la concurrence, l&rsquo;op\u00e9rateur de trottinettes \u00e9lectriques TIER Mobility joue la carte de la s\u00e9curit\u00e9. Il vient d&rsquo;annoncer le d\u00e9ploiement \u00e0 Paris de 100 nouveaux mod\u00e8les en libre service qui sont dot\u00e9s d&rsquo;un casque. Pliable, celui-ci est log\u00e9 dans un petit compartiment qui se d\u00e9verrouille avec l&rsquo;appli de l&rsquo;op\u00e9rateur sur votre smartphone.<\/p>\n<p>Con\u00e7u\u00a0par la startup fran\u00e7aise\u00a0Overade, le casque pliable\u00a0est r\u00e9utilisable et subit un contr\u00f4le de qualit\u00e9 toutes les cinq utilisations. Il est conforme \u00e0 la norme europ\u00e9enne EN1078 (construction, absorption des chocs, dispositifs de serrage), obligatoire pour tous les casques de v\u00e9lo. L&rsquo;utilisation du casque s&rsquo;effectue sans co\u00fbt suppl\u00e9mentaire.<\/p>\n<p>\n        <iframe loading=\"lazy\" class=\"video-ff87cb2d946b5dd7c2ceee0a6d6b5ddf\" width=\"560\" height=\"315\" src=\"http:\/\/www.youtube.com\/embed\/Am5I4nG8PcE\" frameborder=\"0\" allowfullscreen=\"\"><\/iframe><\/p>\n<p>                TIER Mobility va \u00e9galement mettre en service 100 nouvelles trottinettes de ce type \u00e0 Berlin, avec un d\u00e9ploiement plus large\u00a0de plus de 5 000 v\u00e9hicules durant l&rsquo;\u00e9t\u00e9.<\/p>\n<aside class=\"bg-color-0 padding-inside-all-s bloc border-s\">\n<h4 class=\"box-txt-normal\">\n<p><strong>A d\u00e9couvrir aussi en vid\u00e9o :<\/strong><\/p>\n<\/h4>\n<\/aside>\n<p>Enfin, l&rsquo;op\u00e9rateur\u00a0teste actuellement une technologie anti-bact\u00e9rienne avec une surface en cuivre appliqu\u00e9e sur le guidon. Cr\u00e9\u00e9 par le fabricant allemand Protexus, ce mat\u00e9riau\u00a0\u00e9limine 99,8% des bact\u00e9ries en quelques minutes gr\u00e2ce \u00e0 ses\u00a0propri\u00e9t\u00e9s d&rsquo;auto-d\u00e9sinfection. Il sera par la suite utilis\u00e9 sur les trottinettes disponibles\u00a0\u00e0 Paris et Bordeaux.<\/p>\n<p><strong>Source <\/strong>: TIER Mobility<\/p>\n<\/p><\/div>\n<p><script>\n         !function(f,b,e,v,n,t,s){if(f.fbq)return;n=f.fbq=function()\n         {n.callMethod? n.callMethod.apply(n,arguments):n.queue.push(arguments)}\n         ;if(!f._fbq)f._fbq=n;\n             n.push=n;n.loaded=!0;n.version='2.0';n.queue=[];t=b.createElement(e);t.async=!0;\n             t.src=v;s=b.getElementsByTagName(e)[0];s.parentNode.insertBefore(t,s)}(window,\n                 document,'script','https:\/\/connect.facebook.net\/en_US\/fbevents.js');\n         fbq('init', '1065890633454496');\n         fbq('track', 'PageView');\n     <\/script><br \/>\n<br \/>[ad_2]<br \/>\n<br \/><a href=\"https:\/\/www.01net.com\/actualites\/tier-mobility-deploie-a-paris-des-trottinettes-electriques-avec-casque-integre-1917565.html\">Source link <\/a><\/p>\n","protected":false},"excerpt":{"rendered":"<p>[ad_1] Pour se d\u00e9marquer de la concurrence, l&rsquo;op\u00e9rateur de trottinettes \u00e9lectriques TIER Mobility joue la carte de la s\u00e9curit\u00e9. Il &hellip; <a href=\"http:\/\/www.affinite.fr\/index.php\/2020\/05\/21\/tier-mobility-deploie-a-paris-des-trottinettes-electriques-avec-casque-integre\/\" class=\"more-link\">Plus <span class=\"screen-reader-text\">TIER Mobility d\u00e9ploie \u00e0 Paris des trottinettes \u00e9lectriques avec casque int\u00e9gr\u00e9<\/span> <span class=\"meta-nav\">&rarr;<\/span><\/a><\/p>\n","protected":false},"author":1,"featured_media":3119,"comment_status":"open","ping_status":"open","sticky":false,"template":"","format":"standard","meta":{"_sitemap_exclude":false,"_sitemap_priority":"","_sitemap_frequency":"","footnotes":""},"categories":[1],"tags":[],"class_list":["post-3118","post","type-post","status-publish","format-standard","has-post-thumbnail","hentry","category-tous"],"_links":{"self":[{"href":"http:\/\/www.affinite.fr\/index.php\/wp-json\/wp\/v2\/posts\/3118"}],"collection":[{"href":"http:\/\/www.affinite.fr\/index.php\/wp-json\/wp\/v2\/posts"}],"about":[{"href":"http:\/\/www.affinite.fr\/index.php\/wp-json\/wp\/v2\/types\/post"}],"author":[{"embeddable":true,"href":"http:\/\/www.affinite.fr\/index.php\/wp-json\/wp\/v2\/users\/1"}],"replies":[{"embeddable":true,"href":"http:\/\/www.affinite.fr\/index.php\/wp-json\/wp\/v2\/comments?post=3118"}],"version-history":[{"count":0,"href":"http:\/\/www.affinite.fr\/index.php\/wp-json\/wp\/v2\/posts\/3118\/revisions"}],"wp:featuredmedia":[{"embeddable":true,"href":"http:\/\/www.affinite.fr\/index.php\/wp-json\/wp\/v2\/media\/3119"}],"wp:attachment":[{"href":"http:\/\/www.affinite.fr\/index.php\/wp-json\/wp\/v2\/media?parent=3118"}],"wp:term":[{"taxonomy":"category","embeddable":true,"href":"http:\/\/www.affinite.fr\/index.php\/wp-json\/wp\/v2\/categories?post=3118"},{"taxonomy":"post_tag","embeddable":true,"href":"http:\/\/www.affinite.fr\/index.php\/wp-json\/wp\/v2\/tags?post=3118"}],"curies":[{"name":"wp","href":"https:\/\/api.w.org\/{rel}","templated":true}]}}