{"id":3110,"date":"2020-05-21T04:37:16","date_gmt":"2020-05-21T04:37:16","guid":{"rendered":"https:\/\/www.affinite.fr\/index.php\/2020\/05\/21\/comment-vous-faire-rembourser-votre-passe-navigo-pour-les-mois-davril-et-de-mai\/"},"modified":"2020-05-21T04:37:16","modified_gmt":"2020-05-21T04:37:16","slug":"comment-vous-faire-rembourser-votre-passe-navigo-pour-les-mois-davril-et-de-mai","status":"publish","type":"post","link":"http:\/\/www.affinite.fr\/index.php\/2020\/05\/21\/comment-vous-faire-rembourser-votre-passe-navigo-pour-les-mois-davril-et-de-mai\/","title":{"rendered":"Comment vous faire rembourser votre passe Navigo pour les mois d&rsquo;avril et de mai"},"content":{"rendered":"<p> [ad_1]<br \/>\n<\/p>\n<div itemprop=\"articleBody\">\n<p><span>\u00ab\u00a0<\/span><span><em>Maintenant que le d\u00e9confinement est enclench\u00e9, place au remboursement.\u00a0<\/em><\/span><span>\u00bb\u00a0<\/span>Comme annonc\u00e9 fin mars par sa pr\u00e9sidente, Val\u00e9rie P\u00e9cresse, la r\u00e9gion et Ile-de-France Mobilit\u00e9s\u00a0ont\u00a0r\u00e9activ\u00e9, ce mercredi 20 mai, la\u00a0plate-forme\u00a0baptis\u00e9e\u00a0<span>\u00ab\u00a0<a href=\"https:\/\/www.mondedommagementnavigo.com\" target=\"_blank\" rel=\"noopener noreferrer\">mondedommagementnavigo.com<\/a>\u00a0\u00bb. Elle avait d\u00e9j\u00e0 servi apr\u00e8s les gr\u00e8ves de l&rsquo;hiver 2019, elle restera d\u00e9sormais ouverte jusqu&rsquo;au 17 juin inclus.\u00a0<\/span><\/p>\n<h3 style=\"color:#333; font-family:arial,helvetica,sans-serif; font-size:23px; font-weight:700\"><strong>Jusqu&rsquo;\u00e0 100 euros\u00a0<\/strong><\/h3>\n<p>Le remboursement porte\u00a0sur l&rsquo;int\u00e9gralit\u00e9 du mois d&rsquo;avril 2020 et les dix premiers jours de mai 2020. La somme d\u00e9pend du type d&rsquo;abonnement\u00a0auquel vous avez souscrit.<br \/>Pour les abonn\u00e9s Navigo annuels\u00a0ou mensuels, le montant peut aller jusqu&rsquo;\u00e0 100 euros (zones 1-5). Les abonn\u00e9s Navigo S\u00e9nior,\u00a0Imagine R et Solidarit\u00e9 Mois\u00a075 %, peuvent \u00eatre d\u00e9dommag\u00e9s \u00e0 hauteur de\u00a050 euros.<br \/>Enfin, ceux qui ont souscrit \u00e0 l&rsquo;abonnement Navigo Solidarit\u00e9 Mois\u00a050 % pourront toucher un maximum de 25 euros\u00a0(zones 1-5). L&rsquo;ensemble des prix est d\u00e9taill\u00e9 par\u00a0zone <a href=\"https:\/\/www.iledefrance.fr\/covid-19-navigo-et-imagine-r-rembourses-jusqua-100-euros\" target=\"_blank\" rel=\"noopener noreferrer\">ici<\/a>.\u00a0<\/p>\n<figure class=\"figure text-center\"><img decoding=\"async\" class=\"article-img img-responsive-l\" src=\"https:\/\/img.bfmtv.com\/c\/0\/708\/486\/8f22ecbab1d95ec3028836d0f92bb.png\" alt=\"\"\/><figcaption class=\"figure-caption figcaption color-txt-0 title-xs hidden-xs\">\n                                    mondedommagementnavigo.com<br \/>\n                                                    &#8211; Capture d&rsquo;\u00e9cran<br \/>\n                            <\/figcaption><\/figure>\n<p>Pour vous faire d\u00e9dommager, munissez-vous de votre num\u00e9ro de passe (qui figure sur votre carte) ou si vous utilisez votre <a href=\"https:\/\/www.01net.com\/astuces\/comment-recharger-son-passe-navigo-directement-depuis-son-smartphone-1775453.html\" target=\"_blank\" rel=\"noopener noreferrer\">smartphone<\/a> de votre num\u00e9ro de support (voir ci-dessus).\u00a0<\/p>\n<aside class=\"bg-color-0 padding-inside-all-s bloc border-s\">\n<h4 class=\"box-txt-normal\">\n<p><strong>\u00c0 d\u00e9couvrir aussi en vid\u00e9o<\/strong><\/p>\n<\/h4>\n<\/aside>\n<h3 style=\"color:#333; font-family:arial,helvetica,sans-serif; font-size:23px; font-weight:700\">Tous les Franciliens concern\u00e9s<\/h3>\n<p>Ces mesures <span>\u00ab\u00a0<\/span>exceptionnelles\u00a0<span>\u00bb<\/span>\u00a0concernent \u00e0 la fois <span>\u00ab<\/span>\u00a0<em>c<span>eux qui \u00e9taient confin\u00e9s et ceux qui se sont d\u00e9plac\u00e9s pour l&rsquo;int\u00e9r\u00eat de tous\u00a0<\/span><\/em><span>\u00bb. M\u00eame si vous avez d\u00fb prendre les transports en commun pendant le mois d&rsquo;avril et les dix premiers jours de mai : vous serez rembours\u00e9 \u00e0 100 % si vous en faites la\u00a0d\u00e9marche.\u00a0<\/span><\/p>\n<p><strong>Source<\/strong> : <a href=\"https:\/\/www.iledefrance.fr\/covid-19-navigo-et-imagine-r-rembourses-jusqua-100-euros\" target=\"_blank\" rel=\"noopener noreferrer\">R\u00e9gion Ile-de-France<\/a><\/p>\n<\/p><\/div>\n<p><script>\n         !function(f,b,e,v,n,t,s){if(f.fbq)return;n=f.fbq=function()\n         {n.callMethod? n.callMethod.apply(n,arguments):n.queue.push(arguments)}\n         ;if(!f._fbq)f._fbq=n;\n             n.push=n;n.loaded=!0;n.version='2.0';n.queue=[];t=b.createElement(e);t.async=!0;\n             t.src=v;s=b.getElementsByTagName(e)[0];s.parentNode.insertBefore(t,s)}(window,\n                 document,'script','https:\/\/connect.facebook.net\/en_US\/fbevents.js');\n         fbq('init', '1065890633454496');\n         fbq('track', 'PageView');\n     <\/script><br \/>\n<br \/>[ad_2]<br \/>\n<br \/><a href=\"https:\/\/www.01net.com\/actualites\/comment-vous-faire-rembourser-votre-passe-navigo-pour-les-mois-d-avril-et-de-mai-1917156.html\">Source link <\/a><\/p>\n","protected":false},"excerpt":{"rendered":"<p>[ad_1] \u00ab\u00a0Maintenant que le d\u00e9confinement est enclench\u00e9, place au remboursement.\u00a0\u00bb\u00a0Comme annonc\u00e9 fin mars par sa pr\u00e9sidente, Val\u00e9rie P\u00e9cresse, la r\u00e9gion &hellip; <a href=\"http:\/\/www.affinite.fr\/index.php\/2020\/05\/21\/comment-vous-faire-rembourser-votre-passe-navigo-pour-les-mois-davril-et-de-mai\/\" class=\"more-link\">Plus <span class=\"screen-reader-text\">Comment vous faire rembourser votre passe Navigo pour les mois d&rsquo;avril et de mai<\/span> <span class=\"meta-nav\">&rarr;<\/span><\/a><\/p>\n","protected":false},"author":1,"featured_media":3111,"comment_status":"open","ping_status":"open","sticky":false,"template":"","format":"standard","meta":{"_sitemap_exclude":false,"_sitemap_priority":"","_sitemap_frequency":"","footnotes":""},"categories":[1],"tags":[],"class_list":["post-3110","post","type-post","status-publish","format-standard","has-post-thumbnail","hentry","category-tous"],"_links":{"self":[{"href":"http:\/\/www.affinite.fr\/index.php\/wp-json\/wp\/v2\/posts\/3110"}],"collection":[{"href":"http:\/\/www.affinite.fr\/index.php\/wp-json\/wp\/v2\/posts"}],"about":[{"href":"http:\/\/www.affinite.fr\/index.php\/wp-json\/wp\/v2\/types\/post"}],"author":[{"embeddable":true,"href":"http:\/\/www.affinite.fr\/index.php\/wp-json\/wp\/v2\/users\/1"}],"replies":[{"embeddable":true,"href":"http:\/\/www.affinite.fr\/index.php\/wp-json\/wp\/v2\/comments?post=3110"}],"version-history":[{"count":0,"href":"http:\/\/www.affinite.fr\/index.php\/wp-json\/wp\/v2\/posts\/3110\/revisions"}],"wp:featuredmedia":[{"embeddable":true,"href":"http:\/\/www.affinite.fr\/index.php\/wp-json\/wp\/v2\/media\/3111"}],"wp:attachment":[{"href":"http:\/\/www.affinite.fr\/index.php\/wp-json\/wp\/v2\/media?parent=3110"}],"wp:term":[{"taxonomy":"category","embeddable":true,"href":"http:\/\/www.affinite.fr\/index.php\/wp-json\/wp\/v2\/categories?post=3110"},{"taxonomy":"post_tag","embeddable":true,"href":"http:\/\/www.affinite.fr\/index.php\/wp-json\/wp\/v2\/tags?post=3110"}],"curies":[{"name":"wp","href":"https:\/\/api.w.org\/{rel}","templated":true}]}}