{"id":3108,"date":"2020-05-21T03:35:57","date_gmt":"2020-05-21T03:35:57","guid":{"rendered":"https:\/\/www.affinite.fr\/index.php\/2020\/05\/21\/limpossible-pari-du-secretaire-detat-aux-transports\/"},"modified":"2020-05-21T03:35:57","modified_gmt":"2020-05-21T03:35:57","slug":"limpossible-pari-du-secretaire-detat-aux-transports","status":"publish","type":"post","link":"http:\/\/www.affinite.fr\/index.php\/2020\/05\/21\/limpossible-pari-du-secretaire-detat-aux-transports\/","title":{"rendered":"l&rsquo;impossible pari du secr\u00e9taire d&rsquo;\u00c9tat aux transports ?"},"content":{"rendered":"<p> [ad_1]<br \/>\n<br \/><img decoding=\"async\" src=\"https:\/\/img.bfmtv.com\/i\/0\/0\/41c\/7f7ae6d00545365afb1d5ca1c75a2.png\" \/><\/p>\n<div itemprop=\"articleBody\">\n<p>Invit\u00e9 de RMC et BFM TV, le secr\u00e9taire d\u2019\u00c9tat aux Transports a confirm\u00e9 la volont\u00e9 du gouvernement de renforcer la fili\u00e8re \u00e9lectrique en France. Identifi\u00e9 comme l\u2019un des freins majeurs au d\u00e9veloppement des v\u00e9hicules z\u00e9ro \u00e9mission, le nombre de bornes de recharge augmente lentement depuis plusieurs mois. Jean-Baptiste Djebarri s\u2019est donc fix\u00e9 un nouvel, et tr\u00e8s ambitieux, objectif : \u00ab\u00a0<em>Je suis persuad\u00e9 qu\u2019avec l\u2019effort collectif, nous pouvons avoir 100 000 bornes en 2021<\/em>\u00a0\u00bb, a t-il affirm\u00e9.\u00a0<\/p>\n<p>Dans ce m\u00eame entretien, il reconnaissait que la France avait \u00ab<em>\u00a0trop peu de bornes, notamment sur les longues distances<\/em>\u00a0\u00bb. Le d\u00e9veloppement de l\u2019infrastructure de recharge semble donc \u00eatre l\u2019un des pans majeurs d\u2019un plan plus large qui devrait \u00eatre annonc\u00e9 par le ministre de l\u2019\u00e9conomie Bruno Le Maire. Pour autant, l\u2019objectif de 100 000 bornes d\u2019ici 2021 est-il r\u00e9alisable ?<\/p>\n<h3 style=\"color:#333; font-family:arial,helvetica,sans-serif; font-size:23px; font-weight:700\">70 000 bornes de plus en 18 mois ?<\/h3>\n<p>La <a href=\"https:\/\/www.01net.com\/actualites\/voiture-electrique-les-30-000-points-de-recharge-sont-atteints-pourquoi-ce-n-est-pas-la-franche-reussite-1887741.html\" target=\"_blank\" rel=\"noopener noreferrer\">France compte pr\u00e8s de 30 000 bornes \u00e9lectriques<\/a> (selon les donn\u00e9es de l\u2019Avere en avril). Un chiffre en l\u00e9g\u00e8re hausse par rapport \u00e0 l\u2019ann\u00e9e pr\u00e9c\u00e9dente qui a \u00e9t\u00e9 atteint malgr\u00e9 le retrait du march\u00e9 de l\u2019un des principaux acteurs, Corri-door. Pour arriver \u00e0 l\u2019objectif fix\u00e9 par le secr\u00e9taire d\u2019\u00c9tat aux Transports, ce nombre devrait plus que tripler et ceci dans une p\u00e9riode tr\u00e8s courte. En effet, l\u2019implantation de 70 000 bornes de recharge d\u2019ici 2021 demanderait un effort immense et surtout des investissements sur lesquels Jean-Baptiste Djebarri ne s\u2019est pas encore prononc\u00e9.<\/p>\n<p>\u00ab<em>\u00a0On va demander beaucoup aux concessionnaires autoroutiers, je vais leur demander d\u2019installer ces bornes rapidement<\/em>\u00a0\u00bb, a t\u2019il pr\u00e9cis\u00e9 avant d\u2019ajouter qu\u2019il r\u00e9fl\u00e9chissait \u00e0 \u00ab\u00a0<em>une nouvelle grille de tarifs, des tarifs diff\u00e9renci\u00e9s selon que vous utilisez des v\u00e9hicules propres ou que vous soyez en covoiturage<\/em>\u00a0\u00bb.<\/p>\n<aside class=\"bg-color-0 padding-inside-all-s bloc border-s\">\n<h4 class=\"box-txt-normal\">\n<p><strong>\u00c0 d\u00e9couvrir aussi en vid\u00e9o :<\/strong><\/p>\n<\/h4>\n<\/aside>\n<p>Il faudra sans doute attendre la pr\u00e9sentation du plan de relance pour la fili\u00e8re automobile, promis par Bruno Le Maire, dans quelques jours pour voir de mani\u00e8re concr\u00e8te comment le gouvernement pourrait accompagner un d\u00e9veloppement aussi ambitieux non seulement du nombre de bornes mais plus largement du march\u00e9 des v\u00e9hicules \u00e9lectriques.\u00a0<\/p>\n<\/p><\/div>\n<p><script>\n         !function(f,b,e,v,n,t,s){if(f.fbq)return;n=f.fbq=function()\n         {n.callMethod? n.callMethod.apply(n,arguments):n.queue.push(arguments)}\n         ;if(!f._fbq)f._fbq=n;\n             n.push=n;n.loaded=!0;n.version='2.0';n.queue=[];t=b.createElement(e);t.async=!0;\n             t.src=v;s=b.getElementsByTagName(e)[0];s.parentNode.insertBefore(t,s)}(window,\n                 document,'script','https:\/\/connect.facebook.net\/en_US\/fbevents.js');\n         fbq('init', '1065890633454496');\n         fbq('track', 'PageView');\n     <\/script><br \/>\n<br \/>[ad_2]<br \/>\n<br \/><a href=\"https:\/\/www.01net.com\/actualites\/100-000-bornes-electriques-en-2021-l-impossible-pari-du-secretaire-d-etat-aux-transports-1917205.html\">Source link <\/a><\/p>\n","protected":false},"excerpt":{"rendered":"<p>[ad_1] Invit\u00e9 de RMC et BFM TV, le secr\u00e9taire d\u2019\u00c9tat aux Transports a confirm\u00e9 la volont\u00e9 du gouvernement de renforcer &hellip; <a href=\"http:\/\/www.affinite.fr\/index.php\/2020\/05\/21\/limpossible-pari-du-secretaire-detat-aux-transports\/\" class=\"more-link\">Plus <span class=\"screen-reader-text\">l&rsquo;impossible pari du secr\u00e9taire d&rsquo;\u00c9tat aux transports ?<\/span> <span class=\"meta-nav\">&rarr;<\/span><\/a><\/p>\n","protected":false},"author":1,"featured_media":3109,"comment_status":"open","ping_status":"open","sticky":false,"template":"","format":"standard","meta":{"_sitemap_exclude":false,"_sitemap_priority":"","_sitemap_frequency":"","footnotes":""},"categories":[1],"tags":[],"class_list":["post-3108","post","type-post","status-publish","format-standard","has-post-thumbnail","hentry","category-tous"],"_links":{"self":[{"href":"http:\/\/www.affinite.fr\/index.php\/wp-json\/wp\/v2\/posts\/3108"}],"collection":[{"href":"http:\/\/www.affinite.fr\/index.php\/wp-json\/wp\/v2\/posts"}],"about":[{"href":"http:\/\/www.affinite.fr\/index.php\/wp-json\/wp\/v2\/types\/post"}],"author":[{"embeddable":true,"href":"http:\/\/www.affinite.fr\/index.php\/wp-json\/wp\/v2\/users\/1"}],"replies":[{"embeddable":true,"href":"http:\/\/www.affinite.fr\/index.php\/wp-json\/wp\/v2\/comments?post=3108"}],"version-history":[{"count":0,"href":"http:\/\/www.affinite.fr\/index.php\/wp-json\/wp\/v2\/posts\/3108\/revisions"}],"wp:featuredmedia":[{"embeddable":true,"href":"http:\/\/www.affinite.fr\/index.php\/wp-json\/wp\/v2\/media\/3109"}],"wp:attachment":[{"href":"http:\/\/www.affinite.fr\/index.php\/wp-json\/wp\/v2\/media?parent=3108"}],"wp:term":[{"taxonomy":"category","embeddable":true,"href":"http:\/\/www.affinite.fr\/index.php\/wp-json\/wp\/v2\/categories?post=3108"},{"taxonomy":"post_tag","embeddable":true,"href":"http:\/\/www.affinite.fr\/index.php\/wp-json\/wp\/v2\/tags?post=3108"}],"curies":[{"name":"wp","href":"https:\/\/api.w.org\/{rel}","templated":true}]}}