{"id":3103,"date":"2020-05-21T00:16:33","date_gmt":"2020-05-21T00:16:33","guid":{"rendered":"https:\/\/www.affinite.fr\/index.php\/2020\/05\/21\/mark-zuckerberg-appelle-leurope-a-reglementer-facebook-avant-que-le-modele-chinois-ne-simpose\/"},"modified":"2020-05-21T00:16:33","modified_gmt":"2020-05-21T00:16:33","slug":"mark-zuckerberg-appelle-leurope-a-reglementer-facebook-avant-que-le-modele-chinois-ne-simpose","status":"publish","type":"post","link":"http:\/\/www.affinite.fr\/index.php\/2020\/05\/21\/mark-zuckerberg-appelle-leurope-a-reglementer-facebook-avant-que-le-modele-chinois-ne-simpose\/","title":{"rendered":"Mark Zuckerberg appelle l&rsquo;Europe \u00e0 r\u00e9glementer Facebook&#8230; avant que le mod\u00e8le chinois ne s&rsquo;impose"},"content":{"rendered":"<p> [ad_1]<br \/>\n<br \/><img decoding=\"async\" src=\"https:\/\/img.bfmtv.com\/i\/0\/0\/1f3\/e1493669e91b25e460ef53dcbed2a.jpeg\" \/><\/p>\n<div itemprop=\"articleBody\">\n                Facebook veut compter sur l&rsquo;Europe pour r\u00e9guler son r\u00e9seau. Lors d&rsquo;un entretien en t\u00e9l\u00e9-conf\u00e9rence,\u00a0Mark Zuckerberg, fondateur et patron du r\u00e9seau social et\u00a0<span>Thierry Breton, Commissaire europ\u00e9en au March\u00e9 int\u00e9rieur, se sont entretenus de la r\u00e9gulation des plates-formes, lundi 18 mai, sous l&rsquo;impulsion du<em>\u00a0think thank<\/em> europ\u00e9en\u00a0<\/span>Centre on Regulation in Europe (CERRE).\u00a0<br \/><span>Cet exercice in\u00e9dit a permis aux deux hommes de confronter leurs visions -parfois contradictoires, parfois compl\u00e9mentaires.\u00a0<\/span><\/p>\n<p>\n        <iframe loading=\"lazy\" class=\"video-347ff00648a813c8bf605ff650606dcc\" width=\"560\" height=\"315\" src=\"http:\/\/www.youtube.com\/embed\/uZfi6WkIfgU\" frameborder=\"0\" allowfullscreen=\"\"><\/iframe><\/p>\n<h3 style=\"color:#333; font-family:arial,helvetica,sans-serif; font-size:23px; font-weight:700\">Faire \u00e9merger un nouveau standard r\u00e9glementaire<\/h3>\n<p>Mark Zuckerberg a r\u00e9it\u00e9r\u00e9 sa volont\u00e9 de soumettre son r\u00e9seau \u00e0\u00a0une r\u00e9glementation europ\u00e9enne plus stricte. Selon lui, ce n&rsquo;est pas seulement \u00e0 Facebook\u00a0de se charger de la\u00a0r\u00e9gulation des contenus. S&rsquo;appuyant sur le succ\u00e8s du\u00a0<a href=\"https:\/\/www.01net.com\/actualites\/comment-le-rgpd-va-proteger-vos-donnees-personnelles-1454674.html\" target=\"_blank\" rel=\"noopener noreferrer\">RGPD<\/a>, il appelle l&rsquo;Union europ\u00e9enne (UE) \u00e0 s&rsquo;y atteler pour \u00e9tablir\u00a0de nouvelles normes\u00a0en termes de d\u00e9sinformation et de contenus haineux notamment.\u00a0Mark Zuckerberg exprime \u00e9galement ses inqui\u00e9tudes \u00e0 propos du mod\u00e8le de\u00a0la Chine\u00a0qui \u00ab <em>se r\u00e9pand\u00a0dans les autres pays<\/em>\u00a0\u00bb.<\/p>\n<blockquote>\n<p>Pour lui,\u00a0\u00ab<em>\u00a0le meilleur antidote serait d&rsquo;avoir un cadre r\u00e9glementaire clair qui proviendrait des d\u00e9mocraties occidentales, et qui deviendrait le standard partout dans le monde<\/em>\u00a0\u00bb.<\/p>\n<\/blockquote>\n<p>Ce n&rsquo;est pas la premi\u00e8re fois que Facebook discute avec les autorit\u00e9s pour demander un cadre plus strict pour r\u00e9guler son r\u00e9seau. Il y a un an, le patron de Facebook entamait sa tourn\u00e9e des chefs d&rsquo;\u00c9tat europ\u00e9ens, dont le pr\u00e9sident fran\u00e7ais.<br \/>\u00c0 l&rsquo;issue de r\u00e9union, <a href=\"https:\/\/www.01net.com\/actualites\/regulation-d-internet-mark-zuckerberg-optimiste-apres-avoir-rencontre-emmanuel-macron-1689513.html\" target=\"_blank\" rel=\"noopener noreferrer\">Mark Zuckerberg s&rsquo;\u00e9tait dit\u00a0\u00ab\u00a0encourag\u00e9\u00a0\u00bb par Emmanuel Macron<\/a> et \u00ab <em>optimiste quant \u00e0 la l\u00e9gislation\u00a0<\/em>\u00bb que les pouvoirs publics fran\u00e7ais envisagent sur les r\u00e9seaux sociaux.<br \/>Depuis, la loi dite Avia, r\u00e9plique de la loi de lutte contre les contenus haineux en Allemagne et pr\u00e9misse d&rsquo;un texte communautaire,\u00a0<a href=\"https:\/\/www.01net.com\/actualites\/la-loi-contre-cyberhaine-est-enfin-adoptee-par-l-assemblee-nationale-1913456.html\" target=\"_blank\" rel=\"noopener noreferrer\">a \u00e9t\u00e9 adopt\u00e9e en France<\/a>.\u00a0<\/p>\n<h3 style=\"color:#333; font-family:arial,helvetica,sans-serif; font-size:23px; font-weight:700\">Facebook est \u00ab responsable \u00bb<\/h3>\n<blockquote>\n<p><span>\u00ab <em>Au final, en tant que PDG, vous \u00eates le seul \u00e0 \u00eatre responsable, personne d&rsquo;autre ne l&rsquo;est\u00a0<\/em>\u00bb, lui a r\u00e9torqu\u00e9 Thierry Breton. <\/span><\/p>\n<\/blockquote>\n<p><span>Si le commissaire europ\u00e9en conc\u00e8de que la t\u00e2che est ardue, il a affirm\u00e9 de nouveau la volont\u00e9 de l&rsquo;UE de renforcer les sanctions \u00e0 l&rsquo;encontre des g\u00e9ants de la tech -dont les r\u00e9seaux sociaux- s&rsquo;ils\u00a0ne renfor\u00e7aient pas leurs efforts en mati\u00e8re de lutte contre la d\u00e9sinformation. <\/span><\/p>\n<blockquote>\n<p>\u00ab\u00a0<em>C&rsquo;est un \u00e9norme probl\u00e8me. Nous discutons avec de nombreuses personnes, dont Mark, et j&rsquo;appr\u00e9cie vraiment les efforts. Parfois, cela a fonctionn\u00e9, parfois non<\/em>\u00a0\u00bb, a soulign\u00e9 Thierry Breton.<\/p>\n<\/blockquote>\n<p>Thierry Breton a rappel\u00e9 que la loi sur les services num\u00e9riques pr\u00e9par\u00e9e dans le cadre de\u00a0la Commission europ\u00e9enne pourrait\u00a0limiter certains des pouvoirs des entreprises technologiques en Europe.<br \/>Le corps du projet l\u00e9gislatif doit encadrer les contenus haineux, ce sur quoi Mark Zuckerberg demande de l&rsquo;aide, mais aussi\u00a0aux abus de position dominante sur le march\u00e9 du num\u00e9rique &#8211; ce qui peut \u00eatre bien plus emb\u00eatant pour Facebook.<\/p>\n<aside class=\"bg-color-0 padding-inside-all-s bloc border-s\">\n<h4 class=\"box-txt-normal\">\n<p><strong>\u00c0 d\u00e9couvrir aussi en vid\u00e9o\u00a0<\/strong><\/p>\n<\/h4>\n<\/aside>\n<h3 style=\"color:#333; font-family:arial,helvetica,sans-serif; font-size:23px; font-weight:700\">Un appel entendu en moins de 24 heures<\/h3>\n<p>Pendant l&rsquo;entretien, le commissaire europ\u00e9en\u00a0en a aussi profit\u00e9 pour f\u00e9liciter\u00a0Facebook et les autres plates-formes telles que\u00a0YouTube,\u00a0Disney+\u00a0ou\u00a0Netflix, d&rsquo;avoir diminuer les d\u00e9bits de streaming afin de pr\u00e9server le r\u00e9seau europ\u00e9en. Son appel a \u00e9t\u00e9 entendu en\u00a0\u00ab\u00a0<em>moins de 24 heures\u00a0<\/em>\u00bb. Preuve d&rsquo;une \u00e9troite collaboration de l&rsquo;Europe avec les g\u00e9ants de la tech.\u00a0<\/p>\n<p><strong>Sources<\/strong> : <a href=\"https:\/\/www.cerre.eu\/\" target=\"_blank\" rel=\"noopener noreferrer\">CERRE<\/a> via <a href=\"https:\/\/www.clubic.com\/pro\/personnalites-e-business\/mark-zuckerberg\/actualite-1575-mark-zuckerberg-appelle-l-ue-a-etablir-une-reglementation-des-plateformes-et-le-monde-a-la-suivre.html\" target=\"_blank\" rel=\"noopener noreferrer\">Clubic<\/a>\u00a0<\/p>\n<\/p><\/div>\n<p><script>\n         !function(f,b,e,v,n,t,s){if(f.fbq)return;n=f.fbq=function()\n         {n.callMethod? n.callMethod.apply(n,arguments):n.queue.push(arguments)}\n         ;if(!f._fbq)f._fbq=n;\n             n.push=n;n.loaded=!0;n.version='2.0';n.queue=[];t=b.createElement(e);t.async=!0;\n             t.src=v;s=b.getElementsByTagName(e)[0];s.parentNode.insertBefore(t,s)}(window,\n                 document,'script','https:\/\/connect.facebook.net\/en_US\/fbevents.js');\n         fbq('init', '1065890633454496');\n         fbq('track', 'PageView');\n     <\/script><br \/>\n<br \/>[ad_2]<br \/>\n<br \/><a href=\"https:\/\/www.01net.com\/actualites\/mark-zuckerberg-appelle-l-europe-a-reglementer-facebook-avant-que-le-modele-chinois-ne-s-impose-1917145.html\">Source link <\/a><\/p>\n","protected":false},"excerpt":{"rendered":"<p>[ad_1] Facebook veut compter sur l&rsquo;Europe pour r\u00e9guler son r\u00e9seau. Lors d&rsquo;un entretien en t\u00e9l\u00e9-conf\u00e9rence,\u00a0Mark Zuckerberg, fondateur et patron du &hellip; <a href=\"http:\/\/www.affinite.fr\/index.php\/2020\/05\/21\/mark-zuckerberg-appelle-leurope-a-reglementer-facebook-avant-que-le-modele-chinois-ne-simpose\/\" class=\"more-link\">Plus <span class=\"screen-reader-text\">Mark Zuckerberg appelle l&rsquo;Europe \u00e0 r\u00e9glementer Facebook&#8230; avant que le mod\u00e8le chinois ne s&rsquo;impose<\/span> <span class=\"meta-nav\">&rarr;<\/span><\/a><\/p>\n","protected":false},"author":1,"featured_media":2080,"comment_status":"open","ping_status":"open","sticky":false,"template":"","format":"standard","meta":{"_sitemap_exclude":false,"_sitemap_priority":"","_sitemap_frequency":"","footnotes":""},"categories":[1],"tags":[],"class_list":["post-3103","post","type-post","status-publish","format-standard","has-post-thumbnail","hentry","category-tous"],"_links":{"self":[{"href":"http:\/\/www.affinite.fr\/index.php\/wp-json\/wp\/v2\/posts\/3103"}],"collection":[{"href":"http:\/\/www.affinite.fr\/index.php\/wp-json\/wp\/v2\/posts"}],"about":[{"href":"http:\/\/www.affinite.fr\/index.php\/wp-json\/wp\/v2\/types\/post"}],"author":[{"embeddable":true,"href":"http:\/\/www.affinite.fr\/index.php\/wp-json\/wp\/v2\/users\/1"}],"replies":[{"embeddable":true,"href":"http:\/\/www.affinite.fr\/index.php\/wp-json\/wp\/v2\/comments?post=3103"}],"version-history":[{"count":0,"href":"http:\/\/www.affinite.fr\/index.php\/wp-json\/wp\/v2\/posts\/3103\/revisions"}],"wp:featuredmedia":[{"embeddable":true,"href":"http:\/\/www.affinite.fr\/index.php\/wp-json\/wp\/v2\/media\/2080"}],"wp:attachment":[{"href":"http:\/\/www.affinite.fr\/index.php\/wp-json\/wp\/v2\/media?parent=3103"}],"wp:term":[{"taxonomy":"category","embeddable":true,"href":"http:\/\/www.affinite.fr\/index.php\/wp-json\/wp\/v2\/categories?post=3103"},{"taxonomy":"post_tag","embeddable":true,"href":"http:\/\/www.affinite.fr\/index.php\/wp-json\/wp\/v2\/tags?post=3103"}],"curies":[{"name":"wp","href":"https:\/\/api.w.org\/{rel}","templated":true}]}}