{"id":3095,"date":"2020-05-20T19:38:47","date_gmt":"2020-05-20T19:38:47","guid":{"rendered":"https:\/\/www.affinite.fr\/index.php\/2020\/05\/20\/la-location-de-velo-sans-engagement-debute-a-15-euros-par-mois\/"},"modified":"2020-05-20T19:38:47","modified_gmt":"2020-05-20T19:38:47","slug":"la-location-de-velo-sans-engagement-debute-a-15-euros-par-mois","status":"publish","type":"post","link":"http:\/\/www.affinite.fr\/index.php\/2020\/05\/20\/la-location-de-velo-sans-engagement-debute-a-15-euros-par-mois\/","title":{"rendered":"la location de v\u00e9lo sans engagement d\u00e9bute \u00e0 15 euros par mois"},"content":{"rendered":"<p> [ad_1]<br \/>\n<\/p>\n<div itemprop=\"articleBody\">\n<p>Comme nous l\u2019avions annonc\u00e9 en fin de semaine derni\u00e8re, le sp\u00e9cialiste fran\u00e7ais du sport\u00a0<a href=\"https:\/\/www.01net.com\/actualites\/exclusif-decathlon-va-lancer-d-rent-son-service-de-location-de-velo-sans-engagement-1914673.html\" target=\"_blank\" rel=\"noopener noreferrer\">Decathlon a lanc\u00e9 son offre de location de v\u00e9lo sans engagement : Decathlon Rent<\/a>. Le service qui reprend le mod\u00e8le des forfaits t\u00e9l\u00e9phoniques sera d\u2019abord test\u00e9 \u00e0 Paris et Lyon avant d\u2019\u00e9ventuellement s\u2019\u00e9tendre \u00e0 d\u2019autres r\u00e9gions. Dans cette phase de test, ce sont cinq mod\u00e8les de v\u00e9lo qui ont \u00e9t\u00e9 choisis et notamment deux VAE.<\/p>\n<h3 style=\"color:#333; font-family:arial,helvetica,sans-serif; font-size:23px; font-weight:700\">5 v\u00e9los de 15 \u00e0 75 euros\/mois<\/h3>\n<p><span>Quant aux tarifs, ils sont assez proches de ce que Decathlon proposait d\u00e9j\u00e0 sur son offre de location longue dur\u00e9e, la diff\u00e9rence \u00e9tant que cette nouvelle formule n\u2019engage pas l\u2019utilisateur sur la dur\u00e9e. Concr\u00e8tement, l\u2019offre d\u00e9bute \u00e0 15 euros\/mois avec un mod\u00e8le ELOPS Speed 500, un mod\u00e8le \u00e0 l\u2019excellent rapport qualit\u00e9 prix, tr\u00e8s orient\u00e9 ville. Au cours de cette phase de test qui devrait durer au moins jusqu\u2019\u00e0 la fin 2020, ce ticket d\u2019entr\u00e9e sera r\u00e9serv\u00e9 aux magasins parisiens. \u00c0 l\u2019oppos\u00e9 de la grille tarifaire, les clients les plus exigeants pourront se te tourner vers un mod\u00e8le \u00e9lectrique l\u2019ELOPS 920E, un VAE vendu habituellement 1500 euros et qui, en dehors d\u2019une batterie plac\u00e9e sur le porte-bagages, a plut\u00f4t bonne r\u00e9putation. Pour ce mod\u00e8le, disponible \u00e0 Paris et \u00e0 Lyon, le tarif mensuel est de 75 euros\/mois.<\/span><\/p>\n<figure class=\"figure text-center\"><img decoding=\"async\" class=\"article-img img-responsive-l\" src=\"https:\/\/img.bfmtv.com\/c\/0\/708\/0816\/bc840a2787df8ba6707d4c15a46b.png\" alt=\"\"\/><figcaption class=\"figure-caption figcaption color-txt-0 title-xs hidden-xs\">\n                                    Decathlon<br \/>\n                                                    &#8211; L&rsquo;offre de lancement pour le service de location.<br \/>\n                            <\/figcaption><\/figure>\n<p>Entre ces deux extr\u00eames, c\u2019est toute la vari\u00e9t\u00e9 des v\u00e9los de ville du sp\u00e9cialiste du sport qui est repr\u00e9sent\u00e9e. C\u2019est sans doute dans cet entre-deux que se situent \u00e9galement les deux meilleurs offres en terme de rapport qualit\u00e9 prix. Chez les v\u00e9los musculaires, le RC Triban 500 Flat bar r\u00e9serv\u00e9 aux utilisateurs lyonnais pour 35 euros par mois a de nombreux arguments pour s\u00e9duire. Quant au Tilt 500E, \u00e0 55 euros par mois, il est probablement celui-qui se rapproche le plus d\u2019un V\u00e9ligo et c\u2019est sans doute la raison pour laquelle il sera d\u2019abord propos\u00e9 en r\u00e9gion parisienne. Enfin,\u00a0l\u2019offre de location inclut aussi des frais de mise en service. Ceux-ci sont de 15 euros, ils sont \u00e0 r\u00e9gler au moment de l\u2019inscription, mais Decathlon pr\u00e9voit d\u00e9j\u00e0 de r\u00e9compenser ses clients les plus fid\u00e8les en renvoyant un bon <a href=\"http:\/\/www.affinite.fr\/index.php\/2024\/12\/08\/chere-maman-et-si-ce-noel-vous-offriez-a-votre-ado-un-avenir-%f0%9f%8e%84%e2%9c%a8\/\">cadeau<\/a> de la m\u00eame valeur d\u00e8s le sixi\u00e8me mois d\u2019abonnement.<\/p>\n<p>Pour le reste, le service vise \u00e0 \u00e9pargner au client final tout le labeur et la complexit\u00e9 de l\u2019entretien d\u2019un v\u00e9lo. En effet, l\u2019offre Decathlon Rent inclut une garantie contre le vol et la casse (dans des limites qui restent \u00e0 pr\u00e9ciser dans le contrat de location) ainsi que l\u2019entretien et les r\u00e9parations du v\u00e9lo. Ces interventions se feront dans les magasins Decathlon mais aussi sur rendez-vous avec Cyclofix. C\u2019est d\u2019ailleurs ce prestataire externe que la marque nordiste a choisi pour g\u00e9rer les d\u00e9pannages des ses clients.<\/p>\n<h3 style=\"color:#333; font-family:arial,helvetica,sans-serif; font-size:23px; font-weight:700\">4 magasins \u00e0 Paris, 8 \u00e0 Lyon<\/h3>\n<p>L\u2019offre Decathlon Rent devrait \u00eatre accessible d\u00e9but juin. Ils est d\u2019ores et d\u00e9j\u00e0 possible de s\u2019inscrire sur <a href=\"https:\/\/location.decathlon.fr\/velo\/\" target=\"_blank\" rel=\"noopener noreferrer\">la plate-forme d\u00e9di\u00e9e \u00e0 ce service<\/a>. Au moment du lancement, les premiers inscrits recevront un mail leur indiquant qu\u2019il est temps de choisir leur mod\u00e8le de v\u00e9lo ainsi que le magasin dans lequel sera effectu\u00e9 le retrait. \u00c0 Lyon, 8 magasins pourront proposer des abonnements Decathlon Rent (Decathlon Lyon Part Dieu, Decathlon Confluence, Decathlon City Grol\u00e9e-Carnot, Decathlon Bron, Decathlon Beynost, Decathlon Ecully, Decathlon Limonest, Decathlon Villefranche). Quant \u00e0 Paris, ce sont quatre magasins qui ont \u00e9t\u00e9 choisis pour cette p\u00e9riode de test (Decathlon Madeleine, Decathlon Montreuil, Decathlon Rive Gauche et Decathlon Rosa Parks).\u00a0<\/p>\n<aside class=\"bg-color-0 padding-inside-all-s bloc border-s\">\n<h4 class=\"box-txt-normal\">\n<p><strong>\u00c0 d\u00e9couvrir aussi en vid\u00e9o :<\/strong><\/p>\n<\/h4>\n<\/aside>\n<p>Bien \u00e9videmment, lors de cette premi\u00e8re phase, le nombre de v\u00e9los sera limit\u00e9. Et pour cause, Decathlon Rent rev\u00eat une importance capitale pour le groupe fran\u00e7ais. Il ne s\u2019agit pas uniquement\u00a0de tester la fiabilit\u00e9 et la rentabilit\u00e9 d\u2019un tel service. Il s\u2019agit surtout de r\u00e9ussir \u00e0 transformer une entreprise qui \u00e0 r\u00e9ussi dans la confection d\u2019\u00e9quipements de sport en un leader des services \u00e0 destination des sportifs. De fait, si Decathlon Rent conna\u00eet le succ\u00e8s esp\u00e9r\u00e9 par la marque, il y a fort \u00e0 parier que le service s\u2019\u00e9tende non seulement \u00e0 d\u2019autres mod\u00e8les et d\u2019autres villes mais aussi \u00e0 d\u2019autres moyens de mobilit\u00e9.\u00a0<\/p>\n<\/p><\/div>\n<p><script>\n         !function(f,b,e,v,n,t,s){if(f.fbq)return;n=f.fbq=function()\n         {n.callMethod? n.callMethod.apply(n,arguments):n.queue.push(arguments)}\n         ;if(!f._fbq)f._fbq=n;\n             n.push=n;n.loaded=!0;n.version='2.0';n.queue=[];t=b.createElement(e);t.async=!0;\n             t.src=v;s=b.getElementsByTagName(e)[0];s.parentNode.insertBefore(t,s)}(window,\n                 document,'script','https:\/\/connect.facebook.net\/en_US\/fbevents.js');\n         fbq('init', '1065890633454496');\n         fbq('track', 'PageView');\n     <\/script><br \/>\n<br \/>[ad_2]<br \/>\n<br \/><a href=\"https:\/\/www.01net.com\/actualites\/decathlon-rent-la-location-de-velo-sans-engagement-debute-a-15-euros-par-mois-1917628.html\">Source link <\/a><\/p>\n","protected":false},"excerpt":{"rendered":"<p>[ad_1] Comme nous l\u2019avions annonc\u00e9 en fin de semaine derni\u00e8re, le sp\u00e9cialiste fran\u00e7ais du sport\u00a0Decathlon a lanc\u00e9 son offre de &hellip; <a href=\"http:\/\/www.affinite.fr\/index.php\/2020\/05\/20\/la-location-de-velo-sans-engagement-debute-a-15-euros-par-mois\/\" class=\"more-link\">Plus <span class=\"screen-reader-text\">la location de v\u00e9lo sans engagement d\u00e9bute \u00e0 15 euros par mois<\/span> <span class=\"meta-nav\">&rarr;<\/span><\/a><\/p>\n","protected":false},"author":1,"featured_media":3096,"comment_status":"open","ping_status":"open","sticky":false,"template":"","format":"standard","meta":{"_sitemap_exclude":false,"_sitemap_priority":"","_sitemap_frequency":"","footnotes":""},"categories":[1],"tags":[],"class_list":["post-3095","post","type-post","status-publish","format-standard","has-post-thumbnail","hentry","category-tous"],"_links":{"self":[{"href":"http:\/\/www.affinite.fr\/index.php\/wp-json\/wp\/v2\/posts\/3095"}],"collection":[{"href":"http:\/\/www.affinite.fr\/index.php\/wp-json\/wp\/v2\/posts"}],"about":[{"href":"http:\/\/www.affinite.fr\/index.php\/wp-json\/wp\/v2\/types\/post"}],"author":[{"embeddable":true,"href":"http:\/\/www.affinite.fr\/index.php\/wp-json\/wp\/v2\/users\/1"}],"replies":[{"embeddable":true,"href":"http:\/\/www.affinite.fr\/index.php\/wp-json\/wp\/v2\/comments?post=3095"}],"version-history":[{"count":0,"href":"http:\/\/www.affinite.fr\/index.php\/wp-json\/wp\/v2\/posts\/3095\/revisions"}],"wp:featuredmedia":[{"embeddable":true,"href":"http:\/\/www.affinite.fr\/index.php\/wp-json\/wp\/v2\/media\/3096"}],"wp:attachment":[{"href":"http:\/\/www.affinite.fr\/index.php\/wp-json\/wp\/v2\/media?parent=3095"}],"wp:term":[{"taxonomy":"category","embeddable":true,"href":"http:\/\/www.affinite.fr\/index.php\/wp-json\/wp\/v2\/categories?post=3095"},{"taxonomy":"post_tag","embeddable":true,"href":"http:\/\/www.affinite.fr\/index.php\/wp-json\/wp\/v2\/tags?post=3095"}],"curies":[{"name":"wp","href":"https:\/\/api.w.org\/{rel}","templated":true}]}}