{"id":3094,"date":"2020-05-20T18:30:40","date_gmt":"2020-05-20T18:30:40","guid":{"rendered":"https:\/\/www.affinite.fr\/index.php\/2020\/05\/20\/sfr-continue-de-recruter-malgre-la-crise\/"},"modified":"2020-05-20T18:30:40","modified_gmt":"2020-05-20T18:30:40","slug":"sfr-continue-de-recruter-malgre-la-crise","status":"publish","type":"post","link":"http:\/\/www.affinite.fr\/index.php\/2020\/05\/20\/sfr-continue-de-recruter-malgre-la-crise\/","title":{"rendered":"SFR continue de recruter malgr\u00e9 la crise"},"content":{"rendered":"<p> [ad_1]<br \/>\n<br \/><img decoding=\"async\" src=\"https:\/\/img.bfmtv.com\/i\/0\/0\/7e4\/4c9a0dcc67862a97465c0445d0572.jpg\" \/><\/p>\n<div itemprop=\"articleBody\">\n<p>SFR* a gagn\u00e9 de nouveaux clients durant les trois premiers mois de cette ann\u00e9e, d\u2019apr\u00e8s les r\u00e9sultats financiers d\u2019Altice Europe pr\u00e9sent\u00e9s ce jour. Il affiche 64 000 abonn\u00e9s suppl\u00e9mentaires sur le FttH (fibre optique jusqu\u2019\u00e0 l\u2019abonn\u00e9) pour 2,9 millions d\u2019utilisateurs. S&rsquo;il <a href=\"https:\/\/www.01net.com\/actualites\/free-continue-de-seduire-avec-sa-fibre-1912591.html\" target=\"_blank\" rel=\"noopener noreferrer\">recrute moins que Free<\/a>, cela lui permet tout de m\u00eame de conforter sa place de num\u00e9ro deux sur le FttH derri\u00e8re Orange. Le total de ses abonn\u00e9s fixe s&rsquo;\u00e9l\u00e8ve \u00e0 6,3 millions.<\/p>\n<p>SFR a s\u00e9duit 79 000 Fran\u00e7ais suppl\u00e9mentaires sur le mobile qui reste un march\u00e9 extr\u00eamement concurrentiel. C&rsquo;est mieux qu&rsquo;Orange et Free mais c&rsquo;est moins bien que <a href=\"https:\/\/www.01net.com\/actualites\/bouygues-telecom-continue-de-remonter-la-pente-sur-le-mobile-1913731.html\" target=\"_blank\" rel=\"noopener noreferrer\">Bouygues Telecom<\/a>. Cela porte tout de m\u00eame \u00e0 14,4 millions son nombre total de clients mobiles.<\/p>\n<p>Enfin, le chiffre d&rsquo;affaires de l&rsquo;op\u00e9rateur a atteint les 2,6 milliards d&rsquo;euros, soit une progression de 3,6%. Les indicateurs sont donc au vert mais la pand\u00e9mie a tout de m\u00eame eu un impact au mois de mars.<\/p>\n<aside class=\"bg-color-0 padding-inside-all-s bloc border-s\">\n<h4 class=\"box-txt-normal\">\n<p><strong>A d\u00e9couvrir aussi en vid\u00e9o<\/strong><\/p>\n<\/h4>\n<\/aside>\n<h3 style=\"color:#333;font-family:arial,helvetica,sans-serif;font-size:23px;font-weight:700;\">Baisse des ventes d&rsquo;\u00e9quipement et des revenus du roaming<\/h3>\n<p>Lors d\u2019une conf\u00e9rence d\u00e9di\u00e9e aux analystes, Patrick Drahi a soulign\u00e9 que la crise sanitaire avait eu pour cons\u00e9quence une chute du churn (les clients qui passent \u00e0 la concurrence) mais aussi une baisse des revenus li\u00e9s aux \u00e9quipements \u00e0 cause de la fermeture des boutiques. La reprise devrait \u00eatre rapide, selon lui,\u00a0 au vu des signes positifs enregistr\u00e9s depuis la r\u00e9ouverture.<\/p>\n<p>L&rsquo;effondrement des frais de roaming li\u00e9 \u00e0 l\u2019absence de voyageurs ne pourra, en revanche, \u00eatre compens\u00e9. Patrick Drahi s\u2019est enfin d\u00e9clar\u00e9 pr\u00eat \u00e0 acc\u00e9l\u00e9rer le d\u00e9ploiement des r\u00e9seaux fixes et mobiles pour rattraper le retard enregistr\u00e9 durant le confinement.<\/p>\n<p>Source : <a href=\"http:\/\/altice.net\/sites\/default\/files\/pdf\/Altice%20Europe%20Q1%202020%20Presentation.pdf\" target=\"_blank\" rel=\"noopener noreferrer\">Altice Europe<\/a><\/p>\n<p><em>* 01net.com est \u00e9dit\u00e9 par une filiale de NextRadioTV, elle-m\u00eame propri\u00e9t\u00e9 de SFR M\u00e9dias.<\/em><\/p>\n<\/p><\/div>\n<p><script>\n         !function(f,b,e,v,n,t,s){if(f.fbq)return;n=f.fbq=function()\n         {n.callMethod? n.callMethod.apply(n,arguments):n.queue.push(arguments)}\n         ;if(!f._fbq)f._fbq=n;\n             n.push=n;n.loaded=!0;n.version='2.0';n.queue=[];t=b.createElement(e);t.async=!0;\n             t.src=v;s=b.getElementsByTagName(e)[0];s.parentNode.insertBefore(t,s)}(window,\n                 document,'script','https:\/\/connect.facebook.net\/en_US\/fbevents.js');\n         fbq('init', '1065890633454496');\n         fbq('track', 'PageView');\n     <\/script><br \/>\n<br \/>[ad_2]<br \/>\n<br \/><a href=\"https:\/\/www.01net.com\/actualites\/sfr-continue-de-recruter-malgre-la-crise-1917627.html\">Source link <\/a><\/p>\n","protected":false},"excerpt":{"rendered":"<p>[ad_1] SFR* a gagn\u00e9 de nouveaux clients durant les trois premiers mois de cette ann\u00e9e, d\u2019apr\u00e8s les r\u00e9sultats financiers d\u2019Altice &hellip; <a href=\"http:\/\/www.affinite.fr\/index.php\/2020\/05\/20\/sfr-continue-de-recruter-malgre-la-crise\/\" class=\"more-link\">Plus <span class=\"screen-reader-text\">SFR continue de recruter malgr\u00e9 la crise<\/span> <span class=\"meta-nav\">&rarr;<\/span><\/a><\/p>\n","protected":false},"author":1,"featured_media":1569,"comment_status":"open","ping_status":"open","sticky":false,"template":"","format":"standard","meta":{"_sitemap_exclude":false,"_sitemap_priority":"","_sitemap_frequency":"","footnotes":""},"categories":[1],"tags":[],"class_list":["post-3094","post","type-post","status-publish","format-standard","has-post-thumbnail","hentry","category-tous"],"_links":{"self":[{"href":"http:\/\/www.affinite.fr\/index.php\/wp-json\/wp\/v2\/posts\/3094"}],"collection":[{"href":"http:\/\/www.affinite.fr\/index.php\/wp-json\/wp\/v2\/posts"}],"about":[{"href":"http:\/\/www.affinite.fr\/index.php\/wp-json\/wp\/v2\/types\/post"}],"author":[{"embeddable":true,"href":"http:\/\/www.affinite.fr\/index.php\/wp-json\/wp\/v2\/users\/1"}],"replies":[{"embeddable":true,"href":"http:\/\/www.affinite.fr\/index.php\/wp-json\/wp\/v2\/comments?post=3094"}],"version-history":[{"count":0,"href":"http:\/\/www.affinite.fr\/index.php\/wp-json\/wp\/v2\/posts\/3094\/revisions"}],"wp:featuredmedia":[{"embeddable":true,"href":"http:\/\/www.affinite.fr\/index.php\/wp-json\/wp\/v2\/media\/1569"}],"wp:attachment":[{"href":"http:\/\/www.affinite.fr\/index.php\/wp-json\/wp\/v2\/media?parent=3094"}],"wp:term":[{"taxonomy":"category","embeddable":true,"href":"http:\/\/www.affinite.fr\/index.php\/wp-json\/wp\/v2\/categories?post=3094"},{"taxonomy":"post_tag","embeddable":true,"href":"http:\/\/www.affinite.fr\/index.php\/wp-json\/wp\/v2\/tags?post=3094"}],"curies":[{"name":"wp","href":"https:\/\/api.w.org\/{rel}","templated":true}]}}