{"id":3066,"date":"2020-05-20T01:47:03","date_gmt":"2020-05-20T01:47:03","guid":{"rendered":"https:\/\/www.affinite.fr\/index.php\/2020\/05\/20\/la-poste-ouvre-sa-plate-forme-de-distribution-de-masques-aux-moyennes-entreprises\/"},"modified":"2020-05-20T01:47:03","modified_gmt":"2020-05-20T01:47:03","slug":"la-poste-ouvre-sa-plate-forme-de-distribution-de-masques-aux-moyennes-entreprises","status":"publish","type":"post","link":"http:\/\/www.affinite.fr\/index.php\/2020\/05\/20\/la-poste-ouvre-sa-plate-forme-de-distribution-de-masques-aux-moyennes-entreprises\/","title":{"rendered":"La Poste ouvre sa plate-forme de distribution de masques aux moyennes entreprises"},"content":{"rendered":"<p> [ad_1]<br \/>\n<\/p>\n<div itemprop=\"articleBody\">\n<p>Apr\u00e8s le scandale des masques, le gouvernement <a href=\"https:\/\/www.01net.com\/actualites\/la-poste-commercialise-en-ligne-10-millions-de-masques-pour-les-petites-entreprises-1904923.html#content\/contribution\/edit\" target=\"_blank\" rel=\"noopener noreferrer\">rattrape son retard dans cette premi\u00e8re phase de\u00a0d\u00e9confinement<\/a>. En partenariat avec La Poste, une plate-forme de distribution\u00a0\u00ab\u00a0<a href=\"https:\/\/masques-pme.laposte.fr\/\" target=\"_blank\" rel=\"noopener noreferrer\">masques-pme.laposte.fr\u00a0<\/a>\u00bb a \u00e9t\u00e9\u00a0ouverte, le\u00a02 mai, pour les petites entreprises de moins de 49 salari\u00e9s. \u00c0 partir d&rsquo;aujourd&rsquo;hui, la plate-forme s&rsquo;ouvre aux entreprises comptant jusqu&rsquo;\u00e0 250 employ\u00e9s\u00a0afin de faciliter la reprise \u00e9conomique.\u00a0<\/p>\n<h3 style=\"color:#333; font-family:arial,helvetica,sans-serif; font-size:23px; font-weight:700\">1,5 million de masques vendus<\/h3>\n<p>Le fonctionnement de la plate-forme est plut\u00f4t basique.\u00a0Concr\u00e8tement, apr\u00e8s s\u2019\u00eatre connect\u00e9es et identifi\u00e9es, les soci\u00e9t\u00e9s\u00a0passent leur commande de masques en fonction de leurs besoins &#8211; au maximum\u00a0400 exemplaires par jour. Le paiement se fait directement en ligne afin d\u2019op\u00e9rer une livraison, sans contact physique ni signature.\u00a0<\/p>\n<figure class=\"figure text-center\"><img decoding=\"async\" class=\"article-img img-responsive-l\" src=\"https:\/\/img.bfmtv.com\/c\/0\/708\/484\/821bd70066f90da5abe8dcf6b4114.png\" alt=\"\"\/><figcaption class=\"figure-caption figcaption color-txt-0 title-xs hidden-xs\">\n                                    La poste<br \/>\n                                                    &#8211; Capture d&rsquo;\u00e9cran https:\/\/masques-pme.laposte.fr\/<br \/>\n                            <\/figcaption><\/figure>\n<p>                Bien que le service soit fourni par le minist\u00e8re de l&rsquo;\u00c9conomie et des Finances, les masques ne sont pas gratuits.\u00a0Jusqu&rsquo;\u00e0 pr\u00e9sent 40\u00a0000 entreprises ont pu commander de 1,5 million de masques\u00a0\u00ab\u00a0grand public\u00a0\u00bb \u00e0 filtration garantie, lavables et r\u00e9utilisables, repr\u00e9sentant un \u00e9quivalent de 30 millions d\u2019usage (puisqu&rsquo;ils sont lavables 20 fois), se f\u00e9licite Bercy.<\/p>\n<aside class=\"bg-color-0 padding-inside-all-s bloc border-s\">\n<h4 class=\"box-txt-normal\">\n<p><strong>\u00c0 d\u00e9couvrir aussi en vid\u00e9o<\/strong><\/p>\n<\/h4>\n<\/aside>\n<p>Ce canal de distribution\u00a0num\u00e9rique\u00a0s&rsquo;ajoute \u00e0 la possibilit\u00e9 pour tous les Fran\u00e7ais de se fournir ailleurs en masques r\u00e9utilisables :\u00a0dans les\u00a0pharmacies\u00a0ou chez les\u00a0buralistes.<br \/>Certaines mairies ont lanc\u00e9\u00a0des plates-formes de distribution, cette fois, gratuitement. \u00c0 Paris, par exemple, chaque habitant peut commander <a href=\"https:\/\/www.paris.fr\/pages\/inscription-un-masque-en-tissu-reutilisable-gratuit-pour-chacun-7784\" target=\"_blank\" rel=\"noopener noreferrer\">ici<\/a> un masque gratuit.\u00a0<\/p>\n<p><strong>Source<\/strong> : <a href=\"https:\/\/minefi.hosting.augure.com\/Augure_Minefi\/default.ashx?WCI=EmailViewer&amp;id=37df67fc%2D4e48%2D49e4%2Da712%2D1a9ff2527ae7\" target=\"_blank\" rel=\"noopener noreferrer\">Bercy<\/a><\/p>\n<\/p><\/div>\n<p><script>\n         !function(f,b,e,v,n,t,s){if(f.fbq)return;n=f.fbq=function()\n         {n.callMethod? n.callMethod.apply(n,arguments):n.queue.push(arguments)}\n         ;if(!f._fbq)f._fbq=n;\n             n.push=n;n.loaded=!0;n.version='2.0';n.queue=[];t=b.createElement(e);t.async=!0;\n             t.src=v;s=b.getElementsByTagName(e)[0];s.parentNode.insertBefore(t,s)}(window,\n                 document,'script','https:\/\/connect.facebook.net\/en_US\/fbevents.js');\n         fbq('init', '1065890633454496');\n         fbq('track', 'PageView');\n     <\/script><br \/>\n<br \/>[ad_2]<br \/>\n<br \/><a href=\"https:\/\/www.01net.com\/actualites\/la-poste-ouvre-sa-plate-forme-de-distribution-de-masques-aux-moyennes-entreprises-1916492.html\">Source link <\/a><\/p>\n","protected":false},"excerpt":{"rendered":"<p>[ad_1] Apr\u00e8s le scandale des masques, le gouvernement rattrape son retard dans cette premi\u00e8re phase de\u00a0d\u00e9confinement. En partenariat avec La &hellip; <a href=\"http:\/\/www.affinite.fr\/index.php\/2020\/05\/20\/la-poste-ouvre-sa-plate-forme-de-distribution-de-masques-aux-moyennes-entreprises\/\" class=\"more-link\">Plus <span class=\"screen-reader-text\">La Poste ouvre sa plate-forme de distribution de masques aux moyennes entreprises<\/span> <span class=\"meta-nav\">&rarr;<\/span><\/a><\/p>\n","protected":false},"author":1,"featured_media":3067,"comment_status":"open","ping_status":"open","sticky":false,"template":"","format":"standard","meta":{"_sitemap_exclude":false,"_sitemap_priority":"","_sitemap_frequency":"","footnotes":""},"categories":[1],"tags":[],"class_list":["post-3066","post","type-post","status-publish","format-standard","has-post-thumbnail","hentry","category-tous"],"_links":{"self":[{"href":"http:\/\/www.affinite.fr\/index.php\/wp-json\/wp\/v2\/posts\/3066"}],"collection":[{"href":"http:\/\/www.affinite.fr\/index.php\/wp-json\/wp\/v2\/posts"}],"about":[{"href":"http:\/\/www.affinite.fr\/index.php\/wp-json\/wp\/v2\/types\/post"}],"author":[{"embeddable":true,"href":"http:\/\/www.affinite.fr\/index.php\/wp-json\/wp\/v2\/users\/1"}],"replies":[{"embeddable":true,"href":"http:\/\/www.affinite.fr\/index.php\/wp-json\/wp\/v2\/comments?post=3066"}],"version-history":[{"count":0,"href":"http:\/\/www.affinite.fr\/index.php\/wp-json\/wp\/v2\/posts\/3066\/revisions"}],"wp:featuredmedia":[{"embeddable":true,"href":"http:\/\/www.affinite.fr\/index.php\/wp-json\/wp\/v2\/media\/3067"}],"wp:attachment":[{"href":"http:\/\/www.affinite.fr\/index.php\/wp-json\/wp\/v2\/media?parent=3066"}],"wp:term":[{"taxonomy":"category","embeddable":true,"href":"http:\/\/www.affinite.fr\/index.php\/wp-json\/wp\/v2\/categories?post=3066"},{"taxonomy":"post_tag","embeddable":true,"href":"http:\/\/www.affinite.fr\/index.php\/wp-json\/wp\/v2\/tags?post=3066"}],"curies":[{"name":"wp","href":"https:\/\/api.w.org\/{rel}","templated":true}]}}