{"id":3062,"date":"2020-05-19T23:43:08","date_gmt":"2020-05-19T23:43:08","guid":{"rendered":"https:\/\/www.affinite.fr\/index.php\/2020\/05\/19\/easyjet-victime-dune-importante-cyberattaque-9-millions-de-clients-touches\/"},"modified":"2020-05-19T23:43:08","modified_gmt":"2020-05-19T23:43:08","slug":"easyjet-victime-dune-importante-cyberattaque-9-millions-de-clients-touches","status":"publish","type":"post","link":"http:\/\/www.affinite.fr\/index.php\/2020\/05\/19\/easyjet-victime-dune-importante-cyberattaque-9-millions-de-clients-touches\/","title":{"rendered":"EasyJet victime d\u2019une importante cyberattaque, 9 millions de clients touch\u00e9s"},"content":{"rendered":"<p> [ad_1]<br \/>\n<br \/><img decoding=\"async\" src=\"https:\/\/img.bfmtv.com\/i\/0\/0\/13b\/7430f93bd3fef918b6604b8686a38.jpeg\" \/><\/p>\n<div>\n<p>\u00a0<\/p>\n<p><figcaption class=\"figcaption color-txt-0 title-xs text-right padding-inside-all\"><span itemprop=\"description\">EasyJet propose des cong\u00e9s sans solde \u00e0 ses salari\u00e9s<\/span> &#8211;<br \/>\n                                                                                                                            <span itemprop=\"author\">John MACDOUGALL \/ AFP<\/p>\n<p><\/span><\/p>\n<\/figcaption>\n<\/p><\/div>\n<p><script>\n         !function(f,b,e,v,n,t,s){if(f.fbq)return;n=f.fbq=function()\n         {n.callMethod? n.callMethod.apply(n,arguments):n.queue.push(arguments)}\n         ;if(!f._fbq)f._fbq=n;\n             n.push=n;n.loaded=!0;n.version='2.0';n.queue=[];t=b.createElement(e);t.async=!0;\n             t.src=v;s=b.getElementsByTagName(e)[0];s.parentNode.insertBefore(t,s)}(window,\n                 document,'script','https:\/\/connect.facebook.net\/en_US\/fbevents.js');\n         fbq('init', '1065890633454496');\n         fbq('track', 'PageView');\n     <\/script><br \/>\n<br \/>[ad_2]<br \/>\n<br \/><a href=\"https:\/\/www.01net.com\/actualites\/easyjet-victime-d-une-importante-cyberattaque-9-millions-de-clients-touches-1916628.html\">Source link <\/a><\/p>\n","protected":false},"excerpt":{"rendered":"<p>[ad_1] \u00a0 EasyJet propose des cong\u00e9s sans solde \u00e0 ses salari\u00e9s &#8211; John MACDOUGALL \/ AFP [ad_2] Source link<\/p>\n","protected":false},"author":1,"featured_media":3063,"comment_status":"open","ping_status":"open","sticky":false,"template":"","format":"standard","meta":{"_sitemap_exclude":false,"_sitemap_priority":"","_sitemap_frequency":"","footnotes":""},"categories":[1],"tags":[],"class_list":["post-3062","post","type-post","status-publish","format-standard","has-post-thumbnail","hentry","category-tous"],"_links":{"self":[{"href":"http:\/\/www.affinite.fr\/index.php\/wp-json\/wp\/v2\/posts\/3062"}],"collection":[{"href":"http:\/\/www.affinite.fr\/index.php\/wp-json\/wp\/v2\/posts"}],"about":[{"href":"http:\/\/www.affinite.fr\/index.php\/wp-json\/wp\/v2\/types\/post"}],"author":[{"embeddable":true,"href":"http:\/\/www.affinite.fr\/index.php\/wp-json\/wp\/v2\/users\/1"}],"replies":[{"embeddable":true,"href":"http:\/\/www.affinite.fr\/index.php\/wp-json\/wp\/v2\/comments?post=3062"}],"version-history":[{"count":0,"href":"http:\/\/www.affinite.fr\/index.php\/wp-json\/wp\/v2\/posts\/3062\/revisions"}],"wp:featuredmedia":[{"embeddable":true,"href":"http:\/\/www.affinite.fr\/index.php\/wp-json\/wp\/v2\/media\/3063"}],"wp:attachment":[{"href":"http:\/\/www.affinite.fr\/index.php\/wp-json\/wp\/v2\/media?parent=3062"}],"wp:term":[{"taxonomy":"category","embeddable":true,"href":"http:\/\/www.affinite.fr\/index.php\/wp-json\/wp\/v2\/categories?post=3062"},{"taxonomy":"post_tag","embeddable":true,"href":"http:\/\/www.affinite.fr\/index.php\/wp-json\/wp\/v2\/tags?post=3062"}],"curies":[{"name":"wp","href":"https:\/\/api.w.org\/{rel}","templated":true}]}}