{"id":3060,"date":"2020-05-19T22:35:16","date_gmt":"2020-05-19T22:35:16","guid":{"rendered":"https:\/\/www.affinite.fr\/index.php\/2020\/05\/19\/le-plus-prestigieux-des-pc-portables-honor-bientot-disponible-en-france\/"},"modified":"2020-05-19T22:35:16","modified_gmt":"2020-05-19T22:35:16","slug":"le-plus-prestigieux-des-pc-portables-honor-bientot-disponible-en-france","status":"publish","type":"post","link":"http:\/\/www.affinite.fr\/index.php\/2020\/05\/19\/le-plus-prestigieux-des-pc-portables-honor-bientot-disponible-en-france\/","title":{"rendered":"le plus prestigieux des PC portables Honor bient\u00f4t disponible en France"},"content":{"rendered":"<p> [ad_1]<br \/>\n<\/p>\n<div itemprop=\"articleBody\">\n<p>Un MagicBook de plus en approche. Et pas n&rsquo;importe lequel : le plus haut de gamme de la famille d&rsquo;Honor, le puissant MagicBook Pro. Ce PC portable de la marque fille de Huawei va bient\u00f4t faire son entr\u00e9e en Europe et plus particuli\u00e8rement en France. Et contrairement au <a href=\"https:\/\/www.01net.com\/tests\/honor-magicbook-14-2020-fiche-technique-61580.html\" target=\"_blank\" rel=\"noopener noreferrer\">MagicBook 2020<\/a> classique, le Pro n&rsquo;est pas un grand nomade. C&rsquo;est m\u00eame un s\u00e9dentaire, \u00e9quip\u00e9 d&rsquo;un \u00e9cran de 16,1 pouces dont les bords ultrafins permettent \u00e0 la dalle d&rsquo;occuper 90% de la surface propos\u00e9e.<br \/>\u00a0<\/p>\n<figure class=\"figure text-center\"><img decoding=\"async\" class=\"article-img img-responsive-l\" src=\"https:\/\/img.bfmtv.com\/c\/0\/708\/d53\/bad48bf169ec0b49af9f8aa04a907.jpg\" alt=\"\"\/><figcaption class=\"figure-caption figcaption color-txt-0 title-xs hidden-xs\"\/><\/figure>\n<h3 style=\"color:#333; font-family:arial,helvetica,sans-serif; font-size:23px; font-weight:700\">Fortement inspir\u00e9 du dernier des MacBook Pro<\/h3>\n<p>De loin, le MagicBook Pro a des airs <a href=\"https:\/\/www.01net.com\/tests\/test-du-macbook-pro-16-pouces-apple-agrandit-et-ameliore-le-portable-que-les-pro-attendaient-6367.html\" target=\"_blank\" rel=\"noopener noreferrer\">de MacBook Pro 16<\/a>. Et comme Huawei et Honor ont la Pomme dans leur collimateur depuis des ann\u00e9es, ce n&rsquo;est pas vraiment \u00e9tonnant de retrouver autant de similitudes.<\/p>\n<aside class=\"bg-color-0 padding-inside-all-s bloc border-s\">\n<h4 class=\"box-txt-normal\">\n<p><strong>\u00c0 d\u00e9couvrir aussi en vid\u00e9o :<\/strong><\/p>\n<\/h4>\n<\/aside>\n<p>S&rsquo;il a un air de MacBook Pro, il n&rsquo;en a pas du tout l&rsquo;\u00e9cran ! Malgr\u00e9 les 16 pouces de diagonale, Honor se limite \u00e0 de la simple Full HD. Dommage. Avec autant d&rsquo;espace, plus de pixels auraient \u00e9t\u00e9 les bienvenus. Honor indique qu&rsquo;une fonction \u00ab \u00e9cran partag\u00e9e \u00bb doit permettre d&rsquo;organiser automatiquement et intelligemment les fen\u00eatres affich\u00e9es.<\/p>\n<figure class=\"figure text-center\"><img decoding=\"async\" class=\"article-img img-responsive-l\" src=\"https:\/\/img.bfmtv.com\/c\/0\/708\/030143\/76611b3be4688e07ddc6812463.jpg\" alt=\"Hnor98.jpg\"\/><figcaption class=\"figure-caption figcaption color-txt-0 title-xs hidden-xs\"\/><\/figure>\n<p>C\u00f4t\u00e9 bo\u00eetier, on retrouve la coque en alliage m\u00e9tallique d&rsquo;aluminium et de magn\u00e9sium ainsi que les parties tant\u00f4t polies, tant\u00f4t satin\u00e9es.<\/p>\n<p>La connectique se compose de prises plein format (USB et sortie HDMI), d&rsquo;un USB Type-C qui doit servir \u00e0 recharger ou alimenter la batterie de la machine (14 h. d&rsquo;autonomie annonc\u00e9es et recharge rapide de 80% en une heure). Sur le versant sans-fil, un module Wi-Fi 5 et Bluetooth 5 est int\u00e9gr\u00e9 \u00e0 la machine.<\/p>\n<h3 style=\"color:#333; font-family:arial,helvetica,sans-serif; font-size:23px; font-weight:700\">Intel pour l&rsquo;Asie, mais pas forc\u00e9ment pour l&rsquo;Europe<\/h3>\n<p>Le clavier \u00e0 touches s\u00e9par\u00e9es et r\u00e9tro-\u00e9clair\u00e9es est cern\u00e9 par deux bandes noires brillantes et l&rsquo;une d&rsquo;elle accueille le bouton de mise en marche. Il renferme d&rsquo;ailleurs un capteur d&#8217;empreintes digitales.<\/p>\n<p>Plusieurs configurations sont au menu, toutes construites autour de plates-formes Intel et Nvidia. En tout cas, pour l&rsquo;Asie. Selon les porte-parole fran\u00e7ais, il n&rsquo;est toutefois pas certain\u00a0qu&rsquo;Honor conserve ces m\u00eames puces pour les march\u00e9s europ\u00e9ens et fran\u00e7ais. Il se murmure m\u00eame qu&rsquo;AMD pourrait remplacer les Core d&rsquo;Intel afin de proposer des machines \u00e0 prix agressif, mais rien n&rsquo;est s\u00fbr pour le moment.<\/p>\n<figure class=\"figure text-center\"><img decoding=\"async\" class=\"article-img img-responsive-l\" src=\"https:\/\/img.bfmtv.com\/c\/0\/708\/fc6\/f81e4665ff98db84238c7afe324d0.jpg\" alt=\"MagicBook 14 2020\"\/><figcaption class=\"figure-caption figcaption color-txt-0 title-xs hidden-xs\">\n                                    AS\/01net.com<br \/>\n                                                    &#8211; Comme sur le MagicBook 14 2020, la webcam du MagicBook Pro est cach\u00e9e dans le clavier.<br \/>\n                            <\/figcaption><\/figure>\n<p>En tout cas, les machines que ont \u00e9t\u00e9 pr\u00e9sent\u00e9es poss\u00e9daient un puissant mais basse consommation Core i7-10510U (max.) et une GeForce MX350. Une carte graphique Nvidia entr\u00e9e de gamme, \u00e9quip\u00e9e de 2 Go de m\u00e9moire d\u00e9di\u00e9e, et qui sera toujours un peu plus v\u00e9loce que la partie int\u00e9gr\u00e9e du processeur Intel. C\u00f4t\u00e9 m\u00e9moire, Honor ne semblait pas proposer moins que 16 Go et, le stockage s&rsquo;\u00e9l\u00e8ve \u00e0 512 Go de SSD minimum. L\u00e0 encore, rien n&rsquo;indique qu&rsquo;il en sera de m\u00eame en France \u00e0 la sortie.<\/p>\n<p>Pour l&rsquo;instant, Honor ne communique que des prix en Yuans mais, apr\u00e8s conversion, la premi\u00e8re configuration &#8211; en Core i5 &#8211; serait propos\u00e9e \u00e0 partir de 770 euros (hors taxe) environ. Une version plus muscl\u00e9e &#8211; en Core i7 &#8211; afficherait le prix de 860 euros (hors taxe) environ.<\/p>\n<\/p><\/div>\n<p><script>\n         !function(f,b,e,v,n,t,s){if(f.fbq)return;n=f.fbq=function()\n         {n.callMethod? n.callMethod.apply(n,arguments):n.queue.push(arguments)}\n         ;if(!f._fbq)f._fbq=n;\n             n.push=n;n.loaded=!0;n.version='2.0';n.queue=[];t=b.createElement(e);t.async=!0;\n             t.src=v;s=b.getElementsByTagName(e)[0];s.parentNode.insertBefore(t,s)}(window,\n                 document,'script','https:\/\/connect.facebook.net\/en_US\/fbevents.js');\n         fbq('init', '1065890633454496');\n         fbq('track', 'PageView');\n     <\/script><br \/>\n<br \/>[ad_2]<br \/>\n<br \/><a href=\"https:\/\/www.01net.com\/actualites\/magicbook-pro-le-plus-prestigieux-des-pc-portables-honor-bientot-disponible-en-france-1916547.html\">Source link <\/a><\/p>\n","protected":false},"excerpt":{"rendered":"<p>[ad_1] Un MagicBook de plus en approche. Et pas n&rsquo;importe lequel : le plus haut de gamme de la famille &hellip; <a href=\"http:\/\/www.affinite.fr\/index.php\/2020\/05\/19\/le-plus-prestigieux-des-pc-portables-honor-bientot-disponible-en-france\/\" class=\"more-link\">Plus <span class=\"screen-reader-text\">le plus prestigieux des PC portables Honor bient\u00f4t disponible en France<\/span> <span class=\"meta-nav\">&rarr;<\/span><\/a><\/p>\n","protected":false},"author":1,"featured_media":3061,"comment_status":"open","ping_status":"open","sticky":false,"template":"","format":"standard","meta":{"_sitemap_exclude":false,"_sitemap_priority":"","_sitemap_frequency":"","footnotes":""},"categories":[1],"tags":[],"class_list":["post-3060","post","type-post","status-publish","format-standard","has-post-thumbnail","hentry","category-tous"],"_links":{"self":[{"href":"http:\/\/www.affinite.fr\/index.php\/wp-json\/wp\/v2\/posts\/3060"}],"collection":[{"href":"http:\/\/www.affinite.fr\/index.php\/wp-json\/wp\/v2\/posts"}],"about":[{"href":"http:\/\/www.affinite.fr\/index.php\/wp-json\/wp\/v2\/types\/post"}],"author":[{"embeddable":true,"href":"http:\/\/www.affinite.fr\/index.php\/wp-json\/wp\/v2\/users\/1"}],"replies":[{"embeddable":true,"href":"http:\/\/www.affinite.fr\/index.php\/wp-json\/wp\/v2\/comments?post=3060"}],"version-history":[{"count":0,"href":"http:\/\/www.affinite.fr\/index.php\/wp-json\/wp\/v2\/posts\/3060\/revisions"}],"wp:featuredmedia":[{"embeddable":true,"href":"http:\/\/www.affinite.fr\/index.php\/wp-json\/wp\/v2\/media\/3061"}],"wp:attachment":[{"href":"http:\/\/www.affinite.fr\/index.php\/wp-json\/wp\/v2\/media?parent=3060"}],"wp:term":[{"taxonomy":"category","embeddable":true,"href":"http:\/\/www.affinite.fr\/index.php\/wp-json\/wp\/v2\/categories?post=3060"},{"taxonomy":"post_tag","embeddable":true,"href":"http:\/\/www.affinite.fr\/index.php\/wp-json\/wp\/v2\/tags?post=3060"}],"curies":[{"name":"wp","href":"https:\/\/api.w.org\/{rel}","templated":true}]}}