{"id":3035,"date":"2020-05-19T12:24:34","date_gmt":"2020-05-19T12:24:34","guid":{"rendered":"https:\/\/www.affinite.fr\/index.php\/2020\/05\/19\/le-parister-hotel-un-charme-fou\/"},"modified":"2020-05-19T12:24:34","modified_gmt":"2020-05-19T12:24:34","slug":"le-parister-hotel-un-charme-fou","status":"publish","type":"post","link":"http:\/\/www.affinite.fr\/index.php\/2020\/05\/19\/le-parister-hotel-un-charme-fou\/","title":{"rendered":"Le Parister h\u00f4tel, un charme fou !"},"content":{"rendered":"<p> [ad_1]<br \/>\n<br \/><img decoding=\"async\" src=\"https:\/\/maison2.advcdn.net\/images\/medias\/000\/054\/000054414\/200.jpg\" \/><\/p>\n<div itemprop=\"articleBody\">\n<p>\n  <strong>Un challenge innovant<\/strong>\n<\/p>\n<p>\n  A l\u2019origine de la <strong>cr\u00e9ation de cet h\u00f4tel, Nicolas Nonon,<\/strong> entrepreneur et homme d\u2019initiatives, qui d\u00e9cide, en 2010, de se consacrer \u00e0 des projets h\u00f4teliers. En 2015, il se lance le d\u00e9fi de cr\u00e9er un tout <strong>nouvel h\u00f4tel 5 \u00e9toiles, en plein c\u0153ur de Paris.<\/strong> Il ach\u00e8te alors un immeuble de bureaux disposant d\u2019un jardin et le transforme en h\u00f4tel. Il joue la carte de la diff\u00e9rentiation et de la transgression en imaginant <strong>un lieu \u00e0 l\u2019architecture originale qui brise les codes de l\u2019h\u00f4tellerie parisienne,<\/strong> souvent trop classique.\n<\/p>\n<p>\n  <strong>Un parti-pris surprenant<\/strong>\n<\/p>\n<p>\n  L\u2019<strong>architecture et la d\u00e9coration sont sign\u00e9es Aldric Beckmann<\/strong> du studio Beckmann N\u2019Th\u00e9p\u00e9. Il s\u2019est inspir\u00e9 du Paris des faubourgs qui cache mille tr\u00e9sors et curiosit\u00e9s et qui \u00e9tonne le promeneur \u00e0 chaque coin de rue. <strong>A l\u2019h\u00f4tel Parister, la piscine de 20 m\u00e8tres,<\/strong> baign\u00e9e de lumi\u00e8re naturelle, est l\u2019un des plus beaux cadeaux de ce lieu qui transpose l\u2019image des ruelles \u00e9troites du Paris iconique, ses cours d\u2019immeubles intimistes et bucoliques dans une architecture du XXI\u00e8me si\u00e8cle. La <strong>fa\u00e7ade en bois imagin\u00e9e par le studio Beckmann N\u2019Th\u00e9p\u00e9 en bois et pierre de taille<\/strong> fait r\u00e9f\u00e9rence notamment aux \u00e9choppes parisiennes. Et gr\u00e2ce \u00e0 l\u2019utilisation du b\u00e9ton projet\u00e9, <strong>la v\u00e9g\u00e9tation s\u2019immisce au c\u0153ur de la fa\u00e7ade.<\/strong>\n<\/p>\n<p>\n  <strong>Chic et d\u00e9contract\u00e9<\/strong>\n<\/p>\n<p>\n  A l\u2019int\u00e9rieur, les d\u00e9tails sont soign\u00e9s\u00a0: moulures, <strong>dressings en noyer v\u00e9ritable, po\u00e9sie des papiers-peints d\u2019\u00e9diteur,<\/strong> accessoires en laiton\u2026 Les <strong>45 chambres, suites et suites-duplex,<\/strong> toutes tr\u00e8s lumineuses, offrent de grandes fen\u00eatres. L\u2019h\u00f4tel dispose de trois duplex, respectivement \u00e9quip\u00e9s d\u2019un hammam, d\u2019un sauna et d\u2019une terrasse privative. La d\u00e9coration est chic mais sans ostentation. <strong>Dans les salles de bains, un carrelage en p\u00e2te de verre couleur c\u00e9ladon<\/strong> offre une touche doucement aquatique et dessine une ambiance calme et relaxante. Et le sous-sol, totalement d\u00e9di\u00e9 au bien-\u00eatre, compose une v\u00e9ritable bulle de relaxation pour le corps et l\u2019esprit.\n<\/p>\n<p>\n  <strong>Contacts\u00a0:<br \/>H\u00f4tel Parister<\/strong><br \/>19, rue Saulnier<br \/>75009 Paris<br \/><a href=\"http:\/\/www.hotelparister.com\/\">www.hotelparister.com<\/a>\n<\/p>\n<p>\n  <strong>Studio Beckmann N\u2019Th\u00e9p\u00e9<\/strong><br \/>5, rue d\u2019Hauteville\u00a0<br \/>75010 Paris<br \/>T\u00e9l.\u00a0: 01 48 24 48 40<br \/>Mail\u00a0: <a href=\"mailto:info@b-nt.biz\">info@b-nt.biz<\/a><br \/><a href=\"http:\/\/www.b-nt.biz\/\">www.b-nt.biz<\/a>\n<\/p>\n<\/p><\/div>\n<p><script async defer crossorigin=\"anonymous\" src=\"https:\/\/connect.facebook.net\/fr_FR\/sdk.js#xfbml=1&#038;version=v6.0&#038;appId=252025098257546&#038;autoLogAppEvents=1\"><\/script><br \/>\n<br \/>[ad_2]<br \/>\n<br \/><a href=\"http:\/\/feedproxy.google.com\/~r\/maison-actus\/~3\/Gd1hnJ1o7GM\/\">Source link <\/a><\/p>\n","protected":false},"excerpt":{"rendered":"<p>[ad_1] Un challenge innovant A l\u2019origine de la cr\u00e9ation de cet h\u00f4tel, Nicolas Nonon, entrepreneur et homme d\u2019initiatives, qui d\u00e9cide, &hellip; <a href=\"http:\/\/www.affinite.fr\/index.php\/2020\/05\/19\/le-parister-hotel-un-charme-fou\/\" class=\"more-link\">Plus <span class=\"screen-reader-text\">Le Parister h\u00f4tel, un charme fou !<\/span> <span class=\"meta-nav\">&rarr;<\/span><\/a><\/p>\n","protected":false},"author":1,"featured_media":3036,"comment_status":"open","ping_status":"open","sticky":false,"template":"","format":"standard","meta":{"_sitemap_exclude":false,"_sitemap_priority":"","_sitemap_frequency":"","footnotes":""},"categories":[1],"tags":[],"class_list":["post-3035","post","type-post","status-publish","format-standard","has-post-thumbnail","hentry","category-tous"],"_links":{"self":[{"href":"http:\/\/www.affinite.fr\/index.php\/wp-json\/wp\/v2\/posts\/3035"}],"collection":[{"href":"http:\/\/www.affinite.fr\/index.php\/wp-json\/wp\/v2\/posts"}],"about":[{"href":"http:\/\/www.affinite.fr\/index.php\/wp-json\/wp\/v2\/types\/post"}],"author":[{"embeddable":true,"href":"http:\/\/www.affinite.fr\/index.php\/wp-json\/wp\/v2\/users\/1"}],"replies":[{"embeddable":true,"href":"http:\/\/www.affinite.fr\/index.php\/wp-json\/wp\/v2\/comments?post=3035"}],"version-history":[{"count":0,"href":"http:\/\/www.affinite.fr\/index.php\/wp-json\/wp\/v2\/posts\/3035\/revisions"}],"wp:featuredmedia":[{"embeddable":true,"href":"http:\/\/www.affinite.fr\/index.php\/wp-json\/wp\/v2\/media\/3036"}],"wp:attachment":[{"href":"http:\/\/www.affinite.fr\/index.php\/wp-json\/wp\/v2\/media?parent=3035"}],"wp:term":[{"taxonomy":"category","embeddable":true,"href":"http:\/\/www.affinite.fr\/index.php\/wp-json\/wp\/v2\/categories?post=3035"},{"taxonomy":"post_tag","embeddable":true,"href":"http:\/\/www.affinite.fr\/index.php\/wp-json\/wp\/v2\/tags?post=3035"}],"curies":[{"name":"wp","href":"https:\/\/api.w.org\/{rel}","templated":true}]}}