{"id":2966,"date":"2020-05-16T13:53:42","date_gmt":"2020-05-16T13:53:42","guid":{"rendered":"https:\/\/www.affinite.fr\/index.php\/2020\/05\/16\/deconfinement-des-asthmatiques-quels-risques\/"},"modified":"2020-05-16T13:53:42","modified_gmt":"2020-05-16T13:53:42","slug":"deconfinement-des-asthmatiques-quels-risques","status":"publish","type":"post","link":"http:\/\/www.affinite.fr\/index.php\/2020\/05\/16\/deconfinement-des-asthmatiques-quels-risques\/","title":{"rendered":"D\u00e9confinement des asthmatiques\u00a0: quels risques\u00a0?"},"content":{"rendered":"<p> [ad_1]<br \/>\n<br \/><img decoding=\"async\" src=\"https:\/\/img-3.journaldesfemmes.fr\/HFqrLgxgBZx5zTkC0piVwKmNIVQ=\/1280x\/smart\/1459f45928c4479398dfe973aa6b044e\/ccmcms-jdf\/15591744.jpg\" \/><\/p>\n<p>\n                D\u00e8s le 11\u00a0mai, les asthmatiques et allergiques, comme toute la population fran\u00e7aise, peuvent remettre le nez dehors librement. Mais de mi-mai \u00e0 fin juin, le pic annuel de la circulation des pollens dans l&rsquo;air s&rsquo;annonce \u00e9lev\u00e9. L&rsquo;alerte rouge aux pollens concerne d\u00e9j\u00e0 plusieurs d\u00e9partements du sud ouest. Ce qui complique la situation pour les personnes sensibles au niveau respiratoire. Conseils du Dr Sophie Silcret-Grieu, allergologue.            <\/p>\n<div>\n<p>Les mois de mai et juin sont tous les ans synonymes de <strong>pic de circulation des pollens <\/strong>\u00e0 l&rsquo;origine de nombreuses <a href=\"https:\/\/sante.journaldesfemmes.fr\/maladies\/2625057-allergies-symptomes-desensibilisation-traitements\/\" title=\"Allergies\">allergies<\/a>. Cette ann\u00e9e leur\u00a0pr\u00e9sence\u00a0est \u00ab\u00a0particuli\u00e8rement intense et pr\u00e9coce\u00a0\u00bb avertit l&rsquo;association Asthme\u00a0et Allergies. Sur tout le territoire, <strong>les pollens de gramin\u00e9es sont tr\u00e8s pr\u00e9sents dans l&rsquo;air ces prochains jours avec un risque d&rsquo;allergie \u00e9lev\u00e9.<\/strong> Une alerte aux pollens est lanc\u00e9e par le r\u00e9seau national de surveillance pollinique et concerne les deux tiers du pays avec des zones d&rsquo;alerte en rouge pour le sud ouest, le nord des\u00a0Alpes et de la r\u00e9gion Rh\u00f4ne-Alpes.\u00a0Le RNSA (R\u00e9seau national de surveillance a\u00e9robiologique) qui publie la <a href=\"https:\/\/www.pollens.fr\/#\" target=\"_blank\" rel=\"noopener noreferrer\">carte des pollens<\/a> confirme dans son dernier <a href=\"https:\/\/www.pollens.fr\/les-bulletins\/bulletin-allergo-pollinique\" target=\"_blank\" rel=\"noopener noreferrer\">bulletin<\/a>\u00a0que <strong>les pollens de\u00a0plantain,\u00a0d&rsquo;oseille sont tr\u00e8s pr\u00e9sents dans l&rsquo;air sur tout le territoire<\/strong>.\u00a0<strong>Les pollens de pari\u00e9taire (urticac\u00e9es) et d&rsquo;olivier arrivent<\/strong> eux aussi et montent en puissance.\u00a0Fort heureusement les pollens de ch\u00eane et de h\u00eatre commencent \u00e0 perdre du terrain avec un risque d&rsquo;allergie de niveau faible \u00e0 moyen. La<strong> hausse des temp\u00e9ratures attendue\u00a0et l&rsquo;ensoleillement<\/strong>\u00a0font aussi monter le risque allergique, tandis que les averses le font sensiblement baisser.\u00a0Cette <strong>p\u00e9riode sensible<\/strong> pour les allergiques et asthmatiques est celle <strong>choisie par le gouvernement pour commencer un <a href=\"https:\/\/www.journaldesfemmes.fr\/societe\/actu\/2629179-deconfinement-attestation-rassemblement-de-plus-10-personnes-maison-chez-soi-deplacement-justificatif-obligatoire-vacances-d-ete-reservation-week-end\/\" title=\"D\u00e9confin\u00e9\">d\u00e9confinement<\/a> progressif<\/strong>. Est-ce que les <strong>personnes asthmatiques et allergiques doivent continuer \u00e0 rester confin\u00e9s le plus possible ?<em> <\/em><\/strong><em>\u00ab\u00a0Rien ne le laisse justifier\u00a0\u00bb<\/em> selon l&rsquo;allergologue Sophie\u00a0Silcret-Grieu. Explications<\/p>\n<h2>Quelles pr\u00e9cautions\u00a0pour les allergiques et asthmatiques au moment du d\u00e9confinement ?<\/h2>\n<p>\u00ab\u00a0<em>Les patients asthmatiques et allergiques aux pollens doivent plus que jamais poursuivre leur traitement de fond<strong><em> <\/em><\/strong>en ce moment\u00a0\u00bb <\/em>insiste le Dr Sophie Silcret-Grieu, allergologue. Les inhalateurs mais \u00e9galement les antihistaminiques oraux, qui permettent de limiter la lib\u00e9ration d&rsquo;histamine dans l&rsquo;organisme. \u00ab\u00a0<em>Il <strong>ne faut surtout pas interrompre le traitement <\/strong>de fond\u00a0<\/em>(sous pr\u00e9texte que l&rsquo;on se sent bien parce que moins en contact avec les pollens \u00e0 l&rsquo;ext\u00e9rieur) ajoute l&rsquo;allergologue. Par contre \u00ab\u00a0<em>le <strong>confinement <\/strong>a pu avoir <strong>plus\u00a0d&rsquo;impact sur les allergiques \u00e0 la poussi\u00e8re,<\/strong> aux acariens et aux poils d&rsquo;animaux\u00a0\u00bb<\/em>\u00a0.<\/p>\n<blockquote>\n<p style=\"text-align: right;\">A la sortie du confinement \u00ab\u00a0compte tenu de la pr\u00e9sence des pollens, il faut redoubler de vigilance \u00ab\u00a0.<\/p>\n<\/blockquote>\n<p>A la sortie du confinement \u00ab\u00a0<em>compte tenu de la pr\u00e9sence des pollens, il faut redoubler de vigilance<\/em> recommande t-elle, <em>ne pas oublier de se renseigner sur les pollens pr\u00e9sents et auxquels la personne est plus sensible\u00a0\u00bb. <\/em>Le\u00a0<a href=\"https:\/\/www.pollens.fr\/\" target=\"_blank\" rel=\"noopener noreferrer\">RNSA <\/a>(R\u00e9seau national de surveillance a\u00e9robiologique) informe sur la circulation des\u00a0pollens via son\u00a0site internet ou l&rsquo;application smartphone d\u00e9di\u00e9e.\u00a0En cas de manifestations allergiques (rhinite, yeux larmoyants, crises d&rsquo;\u00e9ternuement), il est conseill\u00e9\u00a0de prendre rendez-vous avec un m\u00e9decin ou un allergologue afin de se faire prescrire un traitement adapt\u00e9, et permettre de diff\u00e9rencier les sympt\u00f4mes allergiques, des sympt\u00f4mes de la <a href=\"https:\/\/sante.journaldesfemmes.fr\/maladies\/2619933-que-veut-dire-covid-19-liste-personne-risque-forme-grave-symptomes-contagion-transmission-enfant-femme-enceinte\/\" title=\"Covid 19\">Covid-19<\/a>.\u00a0<strong>En p\u00e9riode de confinement et post-confinement, la plupart des sp\u00e9cialistes proposent des t\u00e9l\u00e9consultations en ligne sur rendez-vous.\u00a0<\/strong><\/p>\n<h2>Comment le d\u00e9confinement peut-il avoir\u00a0un impact sur les allergiques aux pollens\u00a0?<\/h2>\n<p>Les <strong>r\u00e9actions allergiques et les crises d&rsquo;asthme risquent d&rsquo;\u00eatre plus nombreuses <\/strong>chez les personnes sensibles aux pollens, pr\u00e9vient le\u00a0RNSA qui avertit d&rsquo;une concentration tr\u00e8s forte en pollens de gramin\u00e9es au d\u00e9but du mois de juin. \u00ab\u00a0<em>Les allergiques devront prendre plus de pr\u00e9cautions encore <\/em>(comme<strong> se laver les cheveux apr\u00e8s \u00eatre sortie<\/strong>, ou\u00a0a\u00e9rer chez soi t\u00f4t le matin ou tard le soir)\u00a0\u00bb ajoute le r\u00e9seau. En cas de crise d&rsquo;asthme, il est n\u00e9cessaire de t\u00e9l\u00e9phoner \u00e0 son m\u00e9decin et de suivre le\u00a0traitement adapt\u00e9.\u00a0Si certains cortico\u00efdes anti-inflammatoires sont d\u00e9conseill\u00e9s en pleine \u00e9pid\u00e9mie de <a href=\"https:\/\/sante.journaldesfemmes.fr\/maladies\/2605417-coronavirus-france-bilan-carte-cas-deces-monde-test-vaccin-vacances-2020-maladie-kawasaki-enfant-covid-19-italie-plages\/\" title=\"N-Cov\">coronavirus<\/a>, ce n&rsquo;est pas le cas des traitements par cortico\u00efdes inhal\u00e9s prescrits aux asthmatiques.<\/p>\n<h2>Quels risques face au Covid-19 pour les\u00a0allergiques et asthmatiques ?<\/h2>\n<p>A partir du 11\u00a0mai, date du\u00a0d\u00e9confinement progressif, le virus n&rsquo;aura pas disparu. Les personnes allergiques et\/ou asthmatiques doivent-elles s&rsquo;inqui\u00e9ter ? Pour le Dr Sophie Silcret-Grieu\u00a0\u00ab\u00a0<em>les allergiques mod\u00e9r\u00e9s et les asthmatiques dont l&rsquo;\u00e9tat de sant\u00e9 est bien contr\u00f4l\u00e9 par un traitement de fond adapt\u00e9 n&rsquo;ont pas de risques particuliers vis-\u00e0-vis du nouveau coronavirus<\/em>. <em>Il leur est <strong>conseill\u00e9 d&rsquo;\u00eatre vigilant \u00e0 leur r\u00e9action allergique<\/strong> et de consulter un m\u00e9decin qui pourra majorer le traitement dans cette p\u00e9riode<\/em>\u00ab\u00a0, au besoin.<\/p>\n<p>Si le recours\u00a0au bronchodilatateur a \u00e9t\u00e9 n\u00e9cessaire plus souvent que d&rsquo;habitude, et s&rsquo;il est arriv\u00e9 d&rsquo;\u00eatre r\u00e9veill\u00e9 la nuit par une g\u00eane respiratoire, ces signes montrent que l<strong>&lsquo;asthme n&rsquo;est pas contr\u00f4l\u00e9 et que l&rsquo;\u00e9tat respiratoire se d\u00e9grade<\/strong>. Il faut absolument consulter le m\u00e9decin traitant ou le pneumologue. En cas d&rsquo;urgence\u00a0: la crise ne passe pas malgr\u00e9 le bronchodilatateur, il existe un essoufflement inhabituel, une oppression, une g\u00eane respiratoire importante,<strong> appeler le 15.\u00a0<\/strong><\/p>\n<p><em>Merci au\u00a0Dr Sophie Silcret-Grieu allergologue \u00e0 Paris.<\/em><\/p>\n<aside id=\"NL_615267235\" class=\"newsletter_subscription jNlBlock\"><noscript><br \/>\n            <\/noscript><\/p>\n<h3 class=\"newsletter_subscription-title\">Newsletter <\/h3>\n<p><a href=\"\/\/mailing.ccmbg.com\/archive\/last-85\" target=\"_blank\" class=\"a_hover\" rel=\"noopener noreferrer\">Voir un exemple<\/a><\/p>\n<\/aside>\n<p><em>Pour contacter l&rsquo;Association Asthme&amp;Allergies, un num\u00e9ro vert a \u00e9t\u00e9 mis en place :\u00a00800\u00a019\u00a020\u00a021\u00a0(appel gratuit depuis un poste fixe)<\/em><\/p>\n<\/p><\/div>\n<p>[ad_2]<br \/>\n<br \/><a href=\"https:\/\/sante.journaldesfemmes.fr\/fiches-maladies\/2632399-deconfinement-asthmatiques-allergie-risque-conseils-allergologue-alerte-pollen\/\">Source link <\/a><\/p>\n","protected":false},"excerpt":{"rendered":"<p>[ad_1] D\u00e8s le 11\u00a0mai, les asthmatiques et allergiques, comme toute la population fran\u00e7aise, peuvent remettre le nez dehors librement. Mais &hellip; <a href=\"http:\/\/www.affinite.fr\/index.php\/2020\/05\/16\/deconfinement-des-asthmatiques-quels-risques\/\" class=\"more-link\">Plus <span class=\"screen-reader-text\">D\u00e9confinement des asthmatiques\u00a0: quels risques\u00a0?<\/span> <span class=\"meta-nav\">&rarr;<\/span><\/a><\/p>\n","protected":false},"author":1,"featured_media":2967,"comment_status":"open","ping_status":"open","sticky":false,"template":"","format":"standard","meta":{"_sitemap_exclude":false,"_sitemap_priority":"","_sitemap_frequency":"","footnotes":""},"categories":[1],"tags":[],"class_list":["post-2966","post","type-post","status-publish","format-standard","has-post-thumbnail","hentry","category-tous"],"_links":{"self":[{"href":"http:\/\/www.affinite.fr\/index.php\/wp-json\/wp\/v2\/posts\/2966"}],"collection":[{"href":"http:\/\/www.affinite.fr\/index.php\/wp-json\/wp\/v2\/posts"}],"about":[{"href":"http:\/\/www.affinite.fr\/index.php\/wp-json\/wp\/v2\/types\/post"}],"author":[{"embeddable":true,"href":"http:\/\/www.affinite.fr\/index.php\/wp-json\/wp\/v2\/users\/1"}],"replies":[{"embeddable":true,"href":"http:\/\/www.affinite.fr\/index.php\/wp-json\/wp\/v2\/comments?post=2966"}],"version-history":[{"count":0,"href":"http:\/\/www.affinite.fr\/index.php\/wp-json\/wp\/v2\/posts\/2966\/revisions"}],"wp:featuredmedia":[{"embeddable":true,"href":"http:\/\/www.affinite.fr\/index.php\/wp-json\/wp\/v2\/media\/2967"}],"wp:attachment":[{"href":"http:\/\/www.affinite.fr\/index.php\/wp-json\/wp\/v2\/media?parent=2966"}],"wp:term":[{"taxonomy":"category","embeddable":true,"href":"http:\/\/www.affinite.fr\/index.php\/wp-json\/wp\/v2\/categories?post=2966"},{"taxonomy":"post_tag","embeddable":true,"href":"http:\/\/www.affinite.fr\/index.php\/wp-json\/wp\/v2\/tags?post=2966"}],"curies":[{"name":"wp","href":"https:\/\/api.w.org\/{rel}","templated":true}]}}