{"id":2962,"date":"2020-05-16T07:12:08","date_gmt":"2020-05-16T07:12:08","guid":{"rendered":"https:\/\/www.affinite.fr\/index.php\/2020\/05\/16\/tout-ce-quil-faut-savoir-pour-bien-choisir-son-vae\/"},"modified":"2020-05-16T07:12:08","modified_gmt":"2020-05-16T07:12:08","slug":"tout-ce-quil-faut-savoir-pour-bien-choisir-son-vae","status":"publish","type":"post","link":"http:\/\/www.affinite.fr\/index.php\/2020\/05\/16\/tout-ce-quil-faut-savoir-pour-bien-choisir-son-vae\/","title":{"rendered":"tout ce qu\u2019il faut savoir pour bien choisir son VAE"},"content":{"rendered":"<p> [ad_1]<br \/>\n<\/p>\n<div itemprop=\"articleBody\">\n<p>Comment choisir son v\u00e9lo \u00e0 assistance \u00e9lectrique ? Quels sont les crit\u00e8res \u00e0 v\u00e9rifier et comment trouver le bon mod\u00e8le, celui qui r\u00e9pondra le mieux \u00e0 ses besoins ?\u00a0Voici nos r\u00e9ponses \u00e0 toutes les questions essentielles qu&rsquo;il faut se poser avant l\u2019achat d\u2019un v\u00e9lo \u00e9lectrique.<\/p>\n<h3 style=\"color:#333; font-family:arial,helvetica,sans-serif; font-size:23px; font-weight:700\">Pourquoi choisir un v\u00e9lo \u00e9lectrique ?<\/h3>\n<p>Parfois moqu\u00e9, le choix d\u2019un v\u00e9lo \u00e0 assistance \u00e9lectrique appara\u00eet aujourd\u2019hui comme une \u00e9vidence pour certains pratiquants. Ne pas arriver en sueur au travail, se remettre au sport en douceur apr\u00e8s une p\u00e9riode d\u2019inactivit\u00e9 ou une blessure, ou tout simplement pouvoir suivre un groupe d\u2019amis plus exp\u00e9riment\u00e9s ou plus sportifs que soi&#8230; les raisons de pr\u00e9f\u00e9rer un VAE sont nombreuses et l\u00e9gitimes. \u00c0 l\u2019heure du d\u00e9confinement, c\u2019est m\u00eame une option s\u00e9rieuse pour des trajets de \u00ab\u00a0v\u00e9lotaf\u00a0\u00bb plus longs ou inenvisageables en v\u00e9lo classique. Quoiqu\u2019il en soit l\u2019usage du v\u00e9lo \u00e9lectrique est aujourd\u2019hui en pleine explosion.<\/p>\n<figure class=\"figure text-center\"><img decoding=\"async\" class=\"article-img img-responsive-l\" src=\"https:\/\/img.bfmtv.com\/c\/0\/708\/4e8\/2ac5739e22517b909b6243af92472.jpg\" alt=\"\"\/><figcaption class=\"figure-caption figcaption color-txt-0 title-xs hidden-xs\">\n                                    Bosch<br \/>\n                                                    &#8211; La petite reine de la mobilit\u00e9 urbaine.<br \/>\n                            <\/figcaption><\/figure>\n<h3 style=\"color:#333; font-family:arial,helvetica,sans-serif; font-size:23px; font-weight:700\">Un VAE, oui mais \u00e0 quel prix ?<\/h3>\n<p>Le prix d\u2019un v\u00e9lo \u00e0 assistance \u00e9lectrique est tr\u00e8s variable. Les mod\u00e8les les moins chers se vendent \u00e0 moins de 500 euros, quand\u00a0les cycles les plus aboutis peuvent atteindre\u00a0plusieurs milliers d\u2019euros. Il y a \u00e9videmment un monde d\u2019\u00e9cart entre un VAE bas d\u2019entr\u00e9e de gamme et un <a href=\"https:\/\/www.01net.com\/actualites\/specialized-annonce-son-nouveau-vtt-electrique-de-17-kg-et-15-000-euros-1855952.html\" target=\"_blank\" rel=\"noopener noreferrer\">Turbo Levo SL \u00e0 15 000 euros<\/a>. S\u2019il n\u2019est pas n\u00e9cessaire de payer son v\u00e9lo \u00e9lectrique au prix d\u2019une voiture, il convient tout de m\u00eame de s\u2019assurer qu\u2019il a\u00a0\u00e9t\u00e9 fabriqu\u00e9 avec un minimum de s\u00e9rieux et qu\u2019il dispose d\u2019un \u00e9quipement qui le rende suffisamment s\u00fbr sur la route. Apr\u00e8s tout, l\u2019id\u00e9e c\u2019est de faire quelques kilom\u00e8tres avec et pourquoi pas d\u2019en faire son moyen de d\u00e9placement privil\u00e9gi\u00e9. En cons\u00e9quence, il est tr\u00e8s rare de trouver un v\u00e9lo \u00e9lectrique de qualit\u00e9 \u00e0 moins de 1000 euros. Le <a href=\"https:\/\/www.01net.com\/tests\/test-du-nakamura-e-summit-710-le-meilleur-vtt-a-moins-de-1000-euros-est-signe-intersport-6201.html\" target=\"_blank\" rel=\"noopener noreferrer\">Nakamura E-Summit 710<\/a> que nous avions test\u00e9 il y a quelques mois et qui est h\u00e9las \u00e9puis\u00e9\u00a0est longtemps rest\u00e9 une exception. Il faudra donc pr\u00e9voir un budget l\u00e9g\u00e8rement sup\u00e9rieur et si possible proche des 2 000 euros. \u00c0 ce niveau de tarification, la qualit\u00e9 est plus volontiers au rendez-vous. Un <a href=\"https:\/\/www.01net.com\/actualites\/van-moof-s3-et-x3-le-velo-electrique-hollandais-passe-a-la-vitesse-superieure-1897306.html\" target=\"_blank\" rel=\"noopener noreferrer\">VanMoof S3 ou X3<\/a> ainsi qu\u2019un Cowboy sont des r\u00e9f\u00e9rences tr\u00e8s int\u00e9ressantes \u00e0 ce niveau de prix.\u00a0<\/p>\n<figure class=\"figure text-center\"><img decoding=\"async\" class=\"article-img img-responsive-l\" src=\"https:\/\/img.bfmtv.com\/c\/0\/708\/de3\/fe6f0ccb17584b08534e79b66ef11.jpg\" alt=\"\"\/><figcaption class=\"figure-caption figcaption color-txt-0 title-xs hidden-xs\">\n                                    VanMoof<br \/>\n                                                    &#8211; Le VanMoof S3, l&rsquo;une des stars des v\u00e9los \u00e9lectriques urbains.<br \/>\n                            <\/figcaption><\/figure>\n<p>Enfin, gardez en t\u00eate que l\u2019achat d\u2019un v\u00e9lo \u00e0 assistance \u00e9lectrique peut \u00eatre subventionn\u00e9. Plusieurs communes peuvent vous faire profiter d\u2019un coup de pouce sous forme de bonus \u00e9cologique. Quant \u00e0 la r\u00e9gion Ile-de-France, l\u2019aide pour l\u2019achat d\u2019un VAE peut atteindre 500 euros.<\/p>\n<figure class=\"figure text-center\"><img decoding=\"async\" class=\"article-img img-responsive-l\" src=\"https:\/\/img.bfmtv.com\/c\/0\/708\/b17\/c1abb46b30731c46bf517ae22dc6f.jpg\" alt=\"\"\/><figcaption class=\"figure-caption figcaption color-txt-0 title-xs hidden-xs\">\n                                    Bosch<br \/>\n                                                    &#8211; Tous les types de v\u00e9los sont d\u00e9sormais \u00e9lectrifi\u00e9s.<br \/>\n                            <\/figcaption><\/figure>\n<h3 style=\"color:#333; font-family:arial,helvetica,sans-serif; font-size:23px; font-weight:700\">Quel type de v\u00e9lo choisir ?<\/h3>\n<p>Le type de v\u00e9lo pour lequel on se d\u00e9cidera\u00a0est\u00a0souvent dict\u00e9 par l\u2019usage qui en sera fait. Au tr\u00e8s classique v\u00e9lo urbain ou VTC il est possible de pr\u00e9f\u00e9rer un VTTAE si l\u2019on est un peu joueur ou un v\u00e9lo de route \u00e9lectrique si l\u2019id\u00e9e consiste \u00e0 accumuler les kilom\u00e8tres. Enfin, parfois c\u2019est l\u2019espace disponible qui dicte le choix du v\u00e9lo. Et en musculaire comme en \u00e9lectrique, le v\u00e9lo pliant \u00e0 sa place. M\u00eame une marque comme Brompton, r\u00e9f\u00e9rence du v\u00e9lo pliant, propose un mod\u00e8le \u00e9lectrique \u00e0 son catalogue. Au final, l\u2019\u00e9lectrification n\u2019est pas un frein au type de v\u00e9lo souhait\u00e9. De fait, quel que soit le type de mod\u00e8le envisag\u00e9,\u00a0son pendant \u00e9lectrique existe moyennant toujours un surco\u00fbt financier.\u00a0<\/p>\n<figure class=\"figure text-center\"><img decoding=\"async\" class=\"article-img img-responsive-l\" src=\"https:\/\/img.bfmtv.com\/c\/0\/708\/01d5\/44351d094869f362d31fc3740b62.jpg\" alt=\"\"\/><figcaption class=\"figure-caption figcaption color-txt-0 title-xs hidden-xs\">\n                                    Bosch<br \/>\n                                                    &#8211; Les crit\u00e8res pour un VTTAE ne sont pas les m\u00eames que pour un v\u00e9lo urbain.<br \/>\n                            <\/figcaption><\/figure>\n<p>D\u00e8s lors, le crit\u00e8re principal devient le type d\u2019usage qui en sera fait et l\u2019environnement dans lequel le v\u00e9lo sera\u00a0amen\u00e9 \u00e0 \u00e9voluer.\u00a0<\/p>\n<h3 style=\"color:#333; font-family:arial,helvetica,sans-serif; font-size:23px; font-weight:700\">L\u2019indispensable couple batterie\/moteur<\/h3>\n<p>Qui dit v\u00e9lo \u00e9lectrique dit motorisation et bien s\u00fbr batterie. Ce couple indissociable c\u2019est \u00e9videment l\u2019un des crit\u00e8res principaux au moment du choix d&rsquo;un\u00a0VAE. Et le premier indice sur la qualit\u00e9 de ces deux composants, c\u2019est leur int\u00e9gration. En effet que ce soit pour le moteur ou la batterie, tous les v\u00e9los ne font pas le m\u00eame choix et cette int\u00e9gration d\u00e9finit en partie le prix,\u00a0mais aussi les performances d\u2019un v\u00e9lo \u00e0 assistance \u00e9lectrique.<\/p>\n<p>Concernant le moteur il existe deux emplacement principaux :\u00a0<\/p>\n<ul>\n<li>Central : au niveau du p\u00e9dalier<\/li>\n<li>D\u00e9centr\u00e9 (dans l\u2019un des moyeux des roues avant ou arri\u00e8re)<\/li>\n<\/ul>\n<figure class=\"figure text-center\"><img decoding=\"async\" class=\"article-img img-responsive-l\" src=\"https:\/\/img.bfmtv.com\/c\/0\/708\/e11\/ce147427562094d58b3a95c50c738.jpg\" alt=\"\"\/><figcaption class=\"figure-caption figcaption color-txt-0 title-xs hidden-xs\">\n                                    Lionel Morillon &#8211; 01 Net<br \/>\n                                                    &#8211; Le moteur du Cowboy 2019 dans le moyeu de la roue arri\u00e8re.<br \/>\n                            <\/figcaption><\/figure>\n<p>Les VAE avec moteur moyeu sont moins chers et pour cause ils ne n\u00e9cessitent pas une adaptation de la g\u00e9om\u00e9trie globale pour \u00eatre int\u00e9gr\u00e9s. Mais ils sont aussi moins performants dans la mesure o\u00f9 ils d\u00e9s\u00e9quilibrent l\u00e9g\u00e8rement le v\u00e9lo et donnent, selon leur emplacement, une impression de propulsion ou de traction. Plus \u00e9quilibr\u00e9 dans son approche et dans les sensations qu\u2019il procure, le moteur central est difficile \u00e0 trouver \u00e0 moins de 2000 euros. Enfin, le moteur seul ne suffit pas. Les plus performants n\u2019agissent pas seuls. Ils sont coupl\u00e9s \u00e0 un capteur de puissance et proposent une mont\u00e9e en r\u00e9gime douce et progressive.\u00a0<\/p>\n<p>\u00c0 l\u2019heure actuelle, c\u2019est Bosch qui propose les moteurs les plus aboutis -70% des constructeurs de cycles y font appel-<strong>,<\/strong> notamment le Performance Line CX que nous avons pu tester sur le <a href=\"https:\/\/www.01net.com\/tests\/on-a-teste-le-cannondale-canvas-neo-1-la-mustang-des-velos-electriques-6428.html\" target=\"_blank\" rel=\"noopener noreferrer\">Cannondale Canvas N\u00e9o 1<\/a>. Mais la concurrence ne cesse de s\u2019am\u00e9liorer. Si les moteurs Yamaha et Shimano sont toujours privil\u00e9gi\u00e9s par quelques fabricants et utilisateurs, les alternatives venues de Chine comme Brose ou Bafang progressent de mani\u00e8re spectaculaire. Enfin, certains constructeurs comme Specialized se sont lanc\u00e9s dans la conception de leur propre motorisation. Ainsi les Turbo Levo Creo et Vado SL roulent avec un moteur maison ultra compact.\u00a0<\/p>\n<figure class=\"figure text-center\"><img decoding=\"async\" class=\"article-img img-responsive-l\" src=\"https:\/\/img.bfmtv.com\/c\/0\/708\/452\/ebf4594a6d16fbb139ba45cc0b88d.png\" alt=\"\"\/><figcaption class=\"figure-caption figcaption color-txt-0 title-xs hidden-xs\">\n                                    Bosch<br \/>\n                                                    &#8211; Vue \u00e9clat\u00e9e d&rsquo;un moteur central.<br \/>\n                            <\/figcaption><\/figure>\n<p>Enfin, sachez qu\u2019en vertu de la r\u00e9glementation europ\u00e9enne, un moteur de VAE ne peut d\u00e9passer les 250W. Mais si la puissance est brid\u00e9e, ce n\u2019est pas le cas du couple. Sur une fiche technique, plus que le nombre de Watts sous le p\u00e9dalier c\u2019est donc les Newton m\u00e8tre (Nm) qu\u2019il faut regarder. C\u2019est ce crit\u00e8re qui d\u00e9termine la capacit\u00e9 d\u2019assistance r\u00e9elle du v\u00e9lo, notamment sur les pentes les plus raides ou les passages particuli\u00e8rement techniques. En la mati\u00e8re, la r\u00e8gle est simple : plus un moteur est \u00ab\u00a0coupleux\u00a0\u00bb, plus il vous permettra de franchir les obstacles facilement. De mani\u00e8re g\u00e9n\u00e9rale, refusez un VAE qui ne proposerait pas au minimum 30 Nm. Pour le reste tout est question d\u2019usage :<\/p>\n<ul>\n<li>De 35 \u00e0 45 Nm : le niveau d\u2019assistance minimum pour les trajets urbains.<\/li>\n<li>De 45 \u00e0 60 Nm : c\u2019est la plage la plus confortable et celle qui offre le plus de polyvalence.\u00a0<\/li>\n<li>Plus de 60 Nm : les moteurs les plus puissants, \u00e0\u00a0privil\u00e9gier surtout dans l\u2019optique de recherche d\u2019un VTT.<\/li>\n<\/ul>\n<figure class=\"figure text-center\"><img decoding=\"async\" class=\"article-img img-responsive-l\" src=\"https:\/\/img.bfmtv.com\/c\/0\/708\/a5b\/8b9348cf50eafb8c7888d29201b68.png\" alt=\"\"\/><figcaption class=\"figure-caption figcaption color-txt-0 title-xs hidden-xs\">\n                                    Decathlon<br \/>\n                                                    &#8211; Les v\u00e9los disposant d&rsquo;une batterie sur le porte-bagage ne sont pas les plus recommandables.<br \/>\n                            <\/figcaption><\/figure>\n<p>Le d\u00e9bat sur les batteries est du m\u00eame acabit que celui concernant le moteur. L\u00e0 encore c\u2019est l\u2019emplacement de l\u2019accu qui va en grande partie d\u00e9terminer le prix du v\u00e9lo. Quatre options pr\u00e9valent\u00a0 :<\/p>\n<ul>\n<li>Batterie ind\u00e9pendante (souvent fix\u00e9e sous le porte bagage) : c\u2019est la moins ch\u00e8re mais aussi la moins recommandable de nos propositions. Elle nuit fortement \u00e0 l\u2019\u00e9quilibre du v\u00e9lo et peut \u00e9galement \u00eatre endommag\u00e9e. \u00c0 \u00e9viter.<\/li>\n<li>Batterie int\u00e9gr\u00e9e non amovible : c\u2019est le choix de l\u2019esth\u00e9tisme qui s\u2019impose face \u00e0 celui de la praticit\u00e9. La batterie est dissimul\u00e9e dans l\u2019un des tubes du v\u00e9lo mais ne peut \u00eatre d\u00e9solidaris\u00e9e du cadre pour \u00eatre charg\u00e9e ind\u00e9pendamment. C\u2019est une solution agr\u00e9able lorsqu\u2019on dispose d\u2019un garage et d\u2019une prise, nettement moins lorsqu\u2019il faut porter son VAE sur quatre \u00e9tages pour le charger.<\/li>\n<li>Batterie semi-int\u00e9gr\u00e9e ou amovible : il s\u2019agit de la solution int\u00e9ressante qui consiste \u00e0 venir placer une batterie sur le tube inf\u00e9rieur du v\u00e9lo afin d\u2019abaisser son centre de gravit\u00e9, sans nuire \u00e0 son \u00e9quilibre. Esth\u00e9tiquement, la batterie d\u00e9note du reste du cadre, ce qui n\u2019est pas id\u00e9al, mais elle peut \u00eatre retir\u00e9e pour faciliter le chargement.\u00a0<\/li>\n<li>Batterie int\u00e9gr\u00e9e amovible : c\u2019est le privil\u00e8ge des v\u00e9los les plus chers. Au-del\u00e0 de 2500 euros, il est possible d\u2019avoir \u00e0 la fois ce qui se fait de mieux en termes de design avec un accu qui se fond dans le cadre, mais aussi ce qu\u2019il y a de plus pratique, c\u2019est \u00e0 dire la possibilit\u00e9 de le retirer \u00e0 souhait.<\/li>\n<\/ul>\n<figure class=\"figure text-center\"><img decoding=\"async\" class=\"article-img img-responsive-l\" src=\"https:\/\/img.bfmtv.com\/c\/0\/708\/8f8\/39999945a7ff7a18e38aee71c29bc.jpg\" alt=\"\"\/><figcaption class=\"figure-caption figcaption color-txt-0 title-xs hidden-xs\">\n                                    Dimitri Charitsis &#8211; 01 Net<br \/>\n                                                    &#8211; Un exemple d&rsquo;int\u00e9gration parfaite de la batterie sur le Cannondale Canvas Neo 1.<br \/>\n                            <\/figcaption><\/figure>\n<p>Quoiqu\u2019il en soit, sur un VAE comme sur une voiture \u00e9lectrique, la taille de la batterie n\u2019est pas le seul crit\u00e8re \u00e0 prendre en compte pour d\u00e9terminer l\u2019autonomie. Choisir entre une batterie de 300 Wh ou de 600 Wh a bien s\u00fbr un sens, mais il ne s\u2019agit pas d\u2019une garantie absolue d&rsquo;endurance.<\/p>\n<p>La capacit\u00e9 et la qualit\u00e9 des cellules, l\u2019efficience du moteur, mais aussi le poids et la fa\u00e7on de p\u00e9daler du cycliste ou encore le type de parcours et la pression des pneus\u2026 tous ces crit\u00e8res ont un impact sur l\u2019autonomie. Cela dit, le seul moyen de ne pas se tromper, c\u2019est bien s\u00fbr de se r\u00e9f\u00e9rer aux tests de v\u00e9los \u00e9lectriques mais aussi de conna\u00eetre ses besoins. Pour un adepte de VTT ou pour les longs trajets, une batterie de 500 Wh n\u2019est pas superflue.<\/p>\n<figure class=\"figure text-center\"><img decoding=\"async\" class=\"article-img img-responsive-l\" src=\"https:\/\/img.bfmtv.com\/c\/0\/708\/0418\/01a439ce7931df14e586fc9ed086.png\" alt=\"\"\/><figcaption class=\"figure-caption figcaption color-txt-0 title-xs hidden-xs\">\n                                    Specialized<br \/>\n                                                    &#8211; La batterie int\u00e9gr\u00e9e non amovible permet de gagner quelques pr\u00e9cieux grammes.<br \/>\n                            <\/figcaption><\/figure>\n<p>Enfin sachez que certaines marques et certains mod\u00e8les de v\u00e9los proposent de superposer deux batteries ou d\u2019associer la batterie d\u2019origine \u00e0 un prolongateur d\u2019autonomie. C\u2019est la solution id\u00e9ale pour les grandes \u00e9chapp\u00e9es.\u00a0<\/p>\n<h3 style=\"color:#333; font-family:arial,helvetica,sans-serif; font-size:23px; font-weight:700\">L\u2019afficheur : le grand oubli\u00e9<\/h3>\n<p>Si l\u2019on r\u00e9sume l\u2019importance de l\u2019afficheur \u00e0 son simple r\u00f4le, il est facile de comprendre pourquoi il est le parent pauvre des v\u00e9los \u00e9lectriques. Ce petit \u00e9cran plac\u00e9 sur le guidon se limite le plus souvent \u00e0 consulter sa vitesse, la batterie restante et \u00e0 choisir le niveau d\u2019assistance. Fort de ce constat, c\u2019est une pi\u00e8ce largement m\u00e9pris\u00e9e \u00e0 laquelle les fabricants n\u2019accordent que peu d\u2019importance. Pourtant, la qualit\u00e9 et la lisibilit\u00e9 d\u2019un \u00e9cran (notamment au soleil) ne devraient pas \u00eatre des crit\u00e8res\u00a0secondaires, tout comme la solidit\u00e9 et l\u2019aspect de ses afficheurs dont le plastique bas de gamme n\u2019inspire pas toujours confiance.<\/p>\n<figure class=\"figure text-center\"><img decoding=\"async\" class=\"article-img img-responsive-l\" src=\"https:\/\/img.bfmtv.com\/c\/0\/708\/8a2\/4478a29bec9354561b50f6d629f00.jpg\" alt=\"\"\/><figcaption class=\"figure-caption figcaption color-txt-0 title-xs hidden-xs\">\n                                    Bosch<br \/>\n                                                    &#8211; L&rsquo;afficheur Kiox, ce qui se fait de mieux sur le march\u00e9 actuellement.<br \/>\n                            <\/figcaption><\/figure>\n<p>Malheureusement trop peu d\u2019afficheurs sont \u00e0 la hauteur\u00a0du v\u00e9lo qu\u2019ils \u00e9quipent. Une des raisons invoqu\u00e9es par les constructeurs pour expliquer la moindre qualit\u00e9 de cet accessoire, c\u2019est qu\u2019il s\u2019agit de la pi\u00e8ce qui est le plus souvent d\u00e9grad\u00e9e par des personnes mal intentionn\u00e9es. C\u2019est aussi l\u2019un des composants \u00e9lectroniques les plus expos\u00e9s en cas de chute. L\u2019id\u00e9al consiste donc \u00e0 pouvoir le retirer \u00e0 l\u2019envie. Mais les v\u00e9los qui proposent cette option sont rares et souvent assez chers. C\u2019est le cas des VAE \u00e9quip\u00e9s de l\u2019afficheur Kiox de Bosch qui est amovible en plus d\u2019\u00eatre de bonne qualit\u00e9. Malheureusement, \u00e0 l\u2019exception de l\u2019Electra Vale Go 9D EQ lanc\u00e9 \u00e0 moins de 3000 euros, le Kiox n&rsquo;est souvent pr\u00e9sent que sur des v\u00e9los \u00e9lectriques bien plus chers.<\/p>\n<blockquote>\n<p style=\"text-align: left;\"><strong>A lire aussi : <a href=\"https:\/\/www.01net.com\/actualites\/deconfinement-ou-acheter-son-velo-a-assistance-electrique-1912727.html\" target=\"_blank\" rel=\"noopener noreferrer\">O\u00f9 acheter son v\u00e9lo \u00e9lectrique ?<\/a><\/strong><\/p>\n<\/blockquote>\n<h3 style=\"color:#333; font-family:arial,helvetica,sans-serif; font-size:23px; font-weight:700\">Le poids : l\u2019argument massue<\/h3>\n<p>Le v\u00e9lo \u00e9lectrique c\u2019est bien, mais c\u2019est lourd. L\u2019argument est incontestable. Le poids du moteur et de la batterie pouvant difficilement \u00eatre r\u00e9duits, un VAE p\u00e8se en moyenne 23 kg, contre une quinzaine de kilos pour un VTC musculaire classique.\u00a0Ce surpoids peut \u00eatre un frein, notamment lorsqu\u2019il faut porter son v\u00e9lo sur plusieurs \u00e9tages, ou lorsque la batterie vient \u00e0 manquer et qu&rsquo;il faut p\u00e9daler.<\/p>\n<p>La prudence reste de mise concernant le poids communiqu\u00e9 par certains constructeurs. Certains se contentent d\u2019annoncer le poids du cadre quant d\u2019autres oublient de peser certains accessoires. Enfin, le poids est \u00e9galement fonction de l\u2019\u00e9quipement d\u2019un VAE. Le v\u00e9lo de <a href=\"https:\/\/www.01net.com\/tests\/on-a-teste-le-cowboy-2019-le-velo-electrique-qui-roule-plus-vite-que-son-ombre-6291.html\" target=\"_blank\" rel=\"noopener noreferrer\">Cowboy<\/a> peut certes fanfaronner avec ses 17 kg sur la balance, il n\u2019a ni garde-boue, ni porte-bagages, ni b\u00e9quille.\u00a0<\/p>\n<figure class=\"figure text-center\"><img decoding=\"async\" class=\"article-img img-responsive-l\" src=\"https:\/\/img.bfmtv.com\/c\/0\/708\/0858\/d01947eca935cd2ee487dac5afd2.jpg\" alt=\"\"\/><figcaption class=\"figure-caption figcaption color-txt-0 title-xs hidden-xs\">\n                                    Specialized<br \/>\n                                                    &#8211; Le Turbo Vado SL et ses 15 kg sur la balance.<br \/>\n                            <\/figcaption><\/figure>\n<p>Enfin, le poids est le domaine dans lequel les constructeurs concentrent leurs efforts pour rendre le VAE plus attrayant. La miniaturisation des moteurs \u00e0 mesurent qu\u2019ils progressent est l\u2019un des moyens pour y parvenir tout comme le changement de certains accessoires lourds tels que les fourches suspendues au profit d\u2019autres syst\u00e8mes d\u2019amortissement. C\u2019est le cas de <a href=\"https:\/\/www.01net.com\/tests\/test-du-moustache-friday-28-3-le-velo-electrique-taille-pour-la-ville-6247.html\" target=\"_blank\" rel=\"noopener noreferrer\">Moustache par exemple sur son Friday 28.3<\/a> dont le guidon est l\u00e9g\u00e8rement flexible pour absorber les chocs. Mais en mati\u00e8re de r\u00e9gime, c\u2019est Specialized qui a r\u00e9ussi \u00e0 mettre tout le monde d\u2019accord avec son <a href=\"https:\/\/www.01net.com\/actualites\/specialized-turbo-vado-sl-un-poids-plume-de-velo-electrique-urbain-1912523.html\" target=\"_blank\" rel=\"noopener noreferrer\">Turbo Vado SL<\/a>. Gr\u00e2ce \u00e0 un moteur de 1,95 kg et un syst\u00e8me de suspension au-dessus de la fourche, le constructeur am\u00e9ricain parvient \u00e0 proposer un v\u00e9lo \u00e9lectrique urbain de 15 kg seulement.\u00a0<\/p>\n<blockquote>\n<p><strong>A lire aussi : <a href=\"https:\/\/www.01net.com\/tests\/on-a-teste-veligo-veritable-incitation-a-passer-au-velo-electrique-ou-experience-au-rabais-6324.html\" target=\"_blank\" rel=\"noopener noreferrer\">On a test\u00e9 V\u00e9ligo, v\u00e9ritable incitation \u00e0 passer au v\u00e9lo \u00e9lectrique ou exp\u00e9rience au rabais ?<\/a><\/strong><\/p>\n<\/blockquote>\n<h3 style=\"color:#333; font-family:arial,helvetica,sans-serif; font-size:23px; font-weight:700\">Cadre et g\u00e9om\u00e9trie : la n\u00e9cessit\u00e9 de l\u2019essai et du r\u00e9glage<\/h3>\n<p>La g\u00e9om\u00e9trie d\u2019un v\u00e9lo, c\u2019est la science complexe qui d\u00e9finit la longueur de chaque partie de son cadre. Celle-ci est diff\u00e9rente d\u2019un mod\u00e8le \u00e0 un autre et \u00e0 une tr\u00e8s grande influence sur la position du cycliste, son confort mais aussi sur le comportement de sa monture.\u00a0<\/p>\n<p>\u00c0 moins d\u2019\u00eatre un f\u00e9ru de cyclisme, il est difficile de se faire une id\u00e9e de la posture permise par un v\u00e9lo \u00e0 partir d\u2019un sch\u00e9ma de sa g\u00e9om\u00e9trie. Dans la mesure du possible, il convient donc d\u2019essayer en magasin le VAE de vos r\u00eaves avant de l\u2019acheter.<\/p>\n<figure class=\"figure text-center\"><img decoding=\"async\" class=\"article-img img-responsive-l\" src=\"https:\/\/img.bfmtv.com\/c\/0\/708\/50f69\/e5550188dd5a697d4ccea30ccdc.jpg\" alt=\"\"\/><figcaption class=\"figure-caption figcaption color-txt-0 title-xs hidden-xs\">\n                                    Bosch<br \/>\n                                                    &#8211; Chaque utilisateur est unique, un v\u00e9lo doit donc \u00eatre r\u00e9gl\u00e9 pour son pilote.<br \/>\n                            <\/figcaption><\/figure>\n<p>Enfin, il est \u00e9galement indispensable de faire r\u00e9gler votre v\u00e9lo par un professionnel. Ce conseil qui peut para\u00eetre surfait est bien au contraire essentiel.\u00a0Un bon r\u00e9glage du v\u00e9lo (\u00e9lectrique ou non) permet non seulement de produire un effort mieux dos\u00e9, mais il \u00e9vite surtout bien des blessures et des douleurs musculaires.\u00a0<\/p>\n<h3 style=\"color:#333; font-family:arial,helvetica,sans-serif; font-size:23px; font-weight:700\">Quelques points de r\u00e9glementation<\/h3>\n<p>En France, la vente et l\u2019utilisation des v\u00e9los \u00e9lectriques sont encadr\u00e9es par le l\u00e9gislateur. De fait, la totalit\u00e9 des mod\u00e8les en vente doivent respecter un certain nombre de crit\u00e8res.\u00a0<\/p>\n<p>Pour \u00eatre consid\u00e9r\u00e9 comme une v\u00e9lo \u00e0 assistance \u00e9lectrique, le code de la route pr\u00e9voit par exemple que l\u2019assistance de ce dernier se coupe \u00e0 25 km\/h. Cela exclut de fait la cat\u00e9gorie des Speedbike. Cette r\u00e8gle n\u2019emp\u00eache pas des marques telles que <a href=\"https:\/\/www.01net.com\/actualites\/cowboy-vs-vanmoof-electrified-s2-duel-au-sommet-pour-velos-electriques-connectes-1779470.html\" target=\"_blank\" rel=\"noopener noreferrer\">VanMoof ou Cowboy<\/a> de proposer des v\u00e9los dont l\u2019assistance peut atteindre 30 km\/h (en basculant sur la r\u00e9glementation nord am\u00e9ricaine dans l\u2019application). Sachez que si vous optez pour cette m\u00e9thode ou pour tout d\u00e9bridage de moteur, vous \u00eates passible d\u2019une amende.<\/p>\n<figure class=\"figure text-center\"><img decoding=\"async\" class=\"article-img img-responsive-l\" src=\"https:\/\/img.bfmtv.com\/c\/0\/708\/3f8\/62b073e7cca349d7e4491235797b7.jpg\" alt=\"\"\/><figcaption class=\"figure-caption figcaption color-txt-0 title-xs hidden-xs\">\n                                    Lionel Morillon &#8211; 01 Net<br \/>\n                                                    &#8211; Le Cowboy (2019), l&rsquo;un des meilleurs choix de VAE \u00e0 moins de 2000 euros.<br \/>\n                            <\/figcaption><\/figure>\n<p>La r\u00e9glementation limite \u00e9galement la puissance du moteur \u00e0 250W. Enfin, les fabricants doivent fournir des garanties sur la qualit\u00e9 de fabrication de leurs chargeurs et la possibilit\u00e9 de recycler leur batteries afin d\u2019obtenir une homologation.\u00a0<\/p>\n<p>En revanche, il n\u2019est pas n\u00e9cessaire d\u2019immatriculer son v\u00e9lo pour rouler en \u00e9lectrique. Quant au port du casque, il est \u00e0 la libre appr\u00e9ciation de chaque utilisateur \u00e0 condition que celui-ci ait 12 ans ou plus.\u00a0<\/p>\n<h3 style=\"color:#333; font-family:arial,helvetica,sans-serif; font-size:23px; font-weight:700\">La partie m\u00e9canique : du grand classique<\/h3>\n<figure class=\"figure text-center\"><img decoding=\"async\" class=\"article-img img-responsive-l\" src=\"https:\/\/img.bfmtv.com\/c\/0\/708\/4c7\/e3565e52793c6d433ab77d03b6126.jpg\" alt=\"\"\/><figcaption class=\"figure-caption figcaption color-txt-0 title-xs hidden-xs\">\n                                    Pinterest<br \/>\n                                                    &#8211; La partie m\u00e9canique d&rsquo;un v\u00e9lo \u00e9lectrique ne change en rien d&rsquo;un v\u00e9lo classique.<br \/>\n                            <\/figcaption><\/figure>\n<p>L\u2019\u00e9lectrification d\u2019un v\u00e9lo n\u2019a que peu d\u2019incidence sur ses composants m\u00e9caniques. En cons\u00e9quence, la partie classique que sont les freins, la transmission ou encore la suspension sont souvent identiques entre un v\u00e9lo musculaire et sa version \u00e9lectrique. Sur ce point, il n\u2019y a donc pas de d\u2019approche particuli\u00e8re \u00e0 adopter, mais simplement il faut s\u2019assurer que le v\u00e9lo soit dot\u00e9 d\u2019un \u00e9quipement de bonne qualit\u00e9.<\/p>\n<h3 style=\"color:#333; font-family:arial,helvetica,sans-serif; font-size:23px; font-weight:700\">Connectivit\u00e9, application : un VAE doit-il \u00eatre connect\u00e9 ?<\/h3>\n<p>V\u00e9lo \u00e9lectrique ne signifie pas toujours v\u00e9lo connect\u00e9. La pr\u00e9sence ou non d\u2019une application d\u00e9pend essentiellement de la volont\u00e9 du constructeur. Quant \u00e0 son utilit\u00e9, elle est l\u00e0 aussi tr\u00e8s disparate. Chez les nouveaux fabricants, tels qu\u2019AngelBike, ou VanMoof la place de l\u2019application est pr\u00e9pond\u00e9rante. Elle sert non seulement \u00e0 activer son v\u00e9lo mais aussi \u00e0 en modifier les r\u00e9glages. Parfois, c\u2019est le cas chez Cowboy par exemple, elle est m\u00eame indispensable pour d\u00e9verrouiller son v\u00e9lo et pouvoir rouler avec.\u00a0<\/p>\n<figure class=\"figure text-center\"><img decoding=\"async\" class=\"article-img img-responsive-l\" src=\"https:\/\/img.bfmtv.com\/c\/0\/708\/53a\/ed9a69d29822793f5671e847ad55c.jpg\" alt=\"\"\/><figcaption class=\"figure-caption figcaption color-txt-0 title-xs hidden-xs\">\n                                    Lionel Morillon &#8211; 01 Net<br \/>\n                                                    &#8211; L&rsquo;application VanMoof.<br \/>\n                            <\/figcaption><\/figure>\n<p>Du c\u00f4t\u00e9 des fabricants classiques, le recours \u00e0 l\u2019application n\u2019est pas syst\u00e9matique et pas toujours heureux. Parmi ceux ayant r\u00e9ussi \u00e0 tirer leur \u00e9pingle du jeu, il y a Cannondale et Specialized qui proposent autre chose qu\u2019une agr\u00e9gateur des derni\u00e8res sorties. Le premier permet par exemple d\u2019avoir acc\u00e8s \u00e0 toutes les notices d\u2019utilisation des accessoires dont il dispose et offre m\u00eame une vue en r\u00e9alit\u00e9 augment\u00e9e de certaines pi\u00e8ces pour vous aider \u00e0 les d\u00e9monter. Quant au second, il propose non seulement un r\u00e9glage personnalis\u00e9 des niveaux d\u2019assistance mais aussi une option <em>smart control<\/em> permettant d\u2019optimiser ses trajets en fonction de la batterie disponible.\u00a0<\/p>\n<aside class=\"bg-color-0 padding-inside-all-s bloc border-s\">\n<h4 class=\"box-txt-normal\">\n<p><strong>\u00c0 d\u00e9couvrir aussi en vid\u00e9o :<\/strong><\/p>\n<\/h4>\n<\/aside>\n<h3 style=\"color:#333; font-family:arial,helvetica,sans-serif; font-size:23px; font-weight:700\">Pensez aux accessoires indispensables<\/h3>\n<p>C\u2019est sans doute la derni\u00e8re chose \u00e0 v\u00e9rifier mais non la moins utile. Si vous pensez utiliser votre v\u00e9lo \u00e9lectrique pour le v\u00e9lotaf ou pour des balades plus longues qu\u2019un tour de p\u00e2t\u00e9 de maison, certains accessoires sont essentiels. Garde-boue, porte-bagages, b\u00e9quille, et bien s\u00fbr des feux avant et arri\u00e8re suffisamment puissants&#8230; la liste n\u2019est pas exhaustive et peut-\u00eatre compl\u00e9t\u00e9e selon vos besoins. Certains mod\u00e8les sont richement \u00e9quip\u00e9s l\u00e0 o\u00f9 d\u2019autres sont vendus quasi nus. Il faut garder en t\u00eate que ces d\u00e9penses aussi futiles puissent-elles para\u00eetre risquent un jour de se r\u00e9v\u00e9ler indispensables.\u00a0<\/p>\n<\/p><\/div>\n<p><script>\n         !function(f,b,e,v,n,t,s){if(f.fbq)return;n=f.fbq=function()\n         {n.callMethod? n.callMethod.apply(n,arguments):n.queue.push(arguments)}\n         ;if(!f._fbq)f._fbq=n;\n             n.push=n;n.loaded=!0;n.version='2.0';n.queue=[];t=b.createElement(e);t.async=!0;\n             t.src=v;s=b.getElementsByTagName(e)[0];s.parentNode.insertBefore(t,s)}(window,\n                 document,'script','https:\/\/connect.facebook.net\/en_US\/fbevents.js');\n         fbq('init', '1065890633454496');\n         fbq('track', 'PageView');\n     <\/script><br \/>\n<br \/>[ad_2]<br \/>\n<br \/><a href=\"https:\/\/www.01net.com\/actualites\/guide-d-achat-velo-electrique-tout-ce-qu-il-faut-savoir-pour-bien-choisir-son-vae-1913981.html\">Source link <\/a><\/p>\n","protected":false},"excerpt":{"rendered":"<p>[ad_1] Comment choisir son v\u00e9lo \u00e0 assistance \u00e9lectrique ? Quels sont les crit\u00e8res \u00e0 v\u00e9rifier et comment trouver le bon &hellip; <a href=\"http:\/\/www.affinite.fr\/index.php\/2020\/05\/16\/tout-ce-quil-faut-savoir-pour-bien-choisir-son-vae\/\" class=\"more-link\">Plus <span class=\"screen-reader-text\">tout ce qu\u2019il faut savoir pour bien choisir son VAE<\/span> <span class=\"meta-nav\">&rarr;<\/span><\/a><\/p>\n","protected":false},"author":1,"featured_media":2963,"comment_status":"open","ping_status":"open","sticky":false,"template":"","format":"standard","meta":{"_sitemap_exclude":false,"_sitemap_priority":"","_sitemap_frequency":"","footnotes":""},"categories":[1],"tags":[],"class_list":["post-2962","post","type-post","status-publish","format-standard","has-post-thumbnail","hentry","category-tous"],"_links":{"self":[{"href":"http:\/\/www.affinite.fr\/index.php\/wp-json\/wp\/v2\/posts\/2962"}],"collection":[{"href":"http:\/\/www.affinite.fr\/index.php\/wp-json\/wp\/v2\/posts"}],"about":[{"href":"http:\/\/www.affinite.fr\/index.php\/wp-json\/wp\/v2\/types\/post"}],"author":[{"embeddable":true,"href":"http:\/\/www.affinite.fr\/index.php\/wp-json\/wp\/v2\/users\/1"}],"replies":[{"embeddable":true,"href":"http:\/\/www.affinite.fr\/index.php\/wp-json\/wp\/v2\/comments?post=2962"}],"version-history":[{"count":0,"href":"http:\/\/www.affinite.fr\/index.php\/wp-json\/wp\/v2\/posts\/2962\/revisions"}],"wp:featuredmedia":[{"embeddable":true,"href":"http:\/\/www.affinite.fr\/index.php\/wp-json\/wp\/v2\/media\/2963"}],"wp:attachment":[{"href":"http:\/\/www.affinite.fr\/index.php\/wp-json\/wp\/v2\/media?parent=2962"}],"wp:term":[{"taxonomy":"category","embeddable":true,"href":"http:\/\/www.affinite.fr\/index.php\/wp-json\/wp\/v2\/categories?post=2962"},{"taxonomy":"post_tag","embeddable":true,"href":"http:\/\/www.affinite.fr\/index.php\/wp-json\/wp\/v2\/tags?post=2962"}],"curies":[{"name":"wp","href":"https:\/\/api.w.org\/{rel}","templated":true}]}}