{"id":2958,"date":"2020-05-16T01:00:26","date_gmt":"2020-05-16T01:00:26","guid":{"rendered":"https:\/\/www.affinite.fr\/index.php\/2020\/05\/16\/bouygues-telecom-continue-de-remonter-la-pente-sur-le-mobile\/"},"modified":"2020-05-16T01:00:26","modified_gmt":"2020-05-16T01:00:26","slug":"bouygues-telecom-continue-de-remonter-la-pente-sur-le-mobile","status":"publish","type":"post","link":"http:\/\/www.affinite.fr\/index.php\/2020\/05\/16\/bouygues-telecom-continue-de-remonter-la-pente-sur-le-mobile\/","title":{"rendered":"Bouygues Telecom continue de remonter la pente sur le mobile"},"content":{"rendered":"<p> [ad_1]<br \/>\n<br \/><img decoding=\"async\" src=\"https:\/\/img.bfmtv.com\/i\/0\/0\/246\/fe8014cbe0bcf2659dd0fa7698d28.jpeg\" \/><\/p>\n<div itemprop=\"articleBody\">\n<p>Bouygues Telecom est en passe de retrouver son niveau de 2016 sur le mobile, selon ses r\u00e9sultats financiers du premier trimestre 2020 pr\u00e9sent\u00e9s ce matin. Apr\u00e8s une crise qui l\u2019avait vu chuter \u00e0 10 millions d\u2019abonn\u00e9s, il progresse de nouveau depuis deux ans avec une belle r\u00e9gularit\u00e9. Il r\u00e9ussit m\u00eame \u00e0 s\u00e9duire 113 000 nouveaux abonn\u00e9s lors des trois premiers mois de l&rsquo;ann\u00e9e, ce qui porte \u00e0 11,7 millions son parc total.<\/p>\n<aside class=\"bg-color-0 padding-inside-all-s bloc border-s\">\n<h4 class=\"box-txt-normal\">\n<p><strong>A d\u00e9couvrir aussi en vid\u00e9o<\/strong><\/p>\n<\/h4>\n<\/aside>\n<h3 style=\"color:#333;font-family:arial,helvetica,sans-serif;font-size:23px;font-weight:700;\">Progression aussi sur la fibre<\/h3>\n<p>Pas encore de quoi rivaliser avec Orange (21 millions de clients), SFR (14,4 millions ) ou Free Mobile (13,3 millions). Mais il pourrait envisager \u00e0 moyen terme de monter sur la troisi\u00e8me ou m\u00eame la deuxi\u00e8me marche du podium.<\/p>\n<p>Sur le fixe, la situation est \u00e9galement satisfaisante concernant la fibre optique avec 117 000 nouveaux clients en FttH (fibre jusqu\u2019\u00e0 l\u2019abonn\u00e9) pour un total de 1,1 million.<\/p>\n<p>Bouygues Telecom pr\u00e9vient que son activit\u00e9 commerciale a toutefois ralenti le temps du confinement et que l\u2019absence prolong\u00e9e des touristes \u00e9trangers pourrait \u00e9galement avoir un impact n\u00e9gatif sur son chiffre d&rsquo;affaires en tarissant <a href=\"https:\/\/www.01net.com\/actualites\/sans-touristes-les-operateurs-perdent-les-benefices-du-roaming-1894019.html\" target=\"_blank\" rel=\"noopener noreferrer\">les revenus provenant des frais de roaming<\/a>.<\/p>\n<\/p><\/div>\n<p><script>\n         !function(f,b,e,v,n,t,s){if(f.fbq)return;n=f.fbq=function()\n         {n.callMethod? n.callMethod.apply(n,arguments):n.queue.push(arguments)}\n         ;if(!f._fbq)f._fbq=n;\n             n.push=n;n.loaded=!0;n.version='2.0';n.queue=[];t=b.createElement(e);t.async=!0;\n             t.src=v;s=b.getElementsByTagName(e)[0];s.parentNode.insertBefore(t,s)}(window,\n                 document,'script','https:\/\/connect.facebook.net\/en_US\/fbevents.js');\n         fbq('init', '1065890633454496');\n         fbq('track', 'PageView');\n     <\/script><br \/>\n<br \/>[ad_2]<br \/>\n<br \/><a href=\"https:\/\/www.01net.com\/actualites\/bouygues-telecom-continue-de-remonter-la-pente-sur-le-mobile-1913731.html\">Source link <\/a><\/p>\n","protected":false},"excerpt":{"rendered":"<p>[ad_1] Bouygues Telecom est en passe de retrouver son niveau de 2016 sur le mobile, selon ses r\u00e9sultats financiers du &hellip; <a href=\"http:\/\/www.affinite.fr\/index.php\/2020\/05\/16\/bouygues-telecom-continue-de-remonter-la-pente-sur-le-mobile\/\" class=\"more-link\">Plus <span class=\"screen-reader-text\">Bouygues Telecom continue de remonter la pente sur le mobile<\/span> <span class=\"meta-nav\">&rarr;<\/span><\/a><\/p>\n","protected":false},"author":1,"featured_media":2959,"comment_status":"open","ping_status":"open","sticky":false,"template":"","format":"standard","meta":{"_sitemap_exclude":false,"_sitemap_priority":"","_sitemap_frequency":"","footnotes":""},"categories":[1],"tags":[],"class_list":["post-2958","post","type-post","status-publish","format-standard","has-post-thumbnail","hentry","category-tous"],"_links":{"self":[{"href":"http:\/\/www.affinite.fr\/index.php\/wp-json\/wp\/v2\/posts\/2958"}],"collection":[{"href":"http:\/\/www.affinite.fr\/index.php\/wp-json\/wp\/v2\/posts"}],"about":[{"href":"http:\/\/www.affinite.fr\/index.php\/wp-json\/wp\/v2\/types\/post"}],"author":[{"embeddable":true,"href":"http:\/\/www.affinite.fr\/index.php\/wp-json\/wp\/v2\/users\/1"}],"replies":[{"embeddable":true,"href":"http:\/\/www.affinite.fr\/index.php\/wp-json\/wp\/v2\/comments?post=2958"}],"version-history":[{"count":0,"href":"http:\/\/www.affinite.fr\/index.php\/wp-json\/wp\/v2\/posts\/2958\/revisions"}],"wp:featuredmedia":[{"embeddable":true,"href":"http:\/\/www.affinite.fr\/index.php\/wp-json\/wp\/v2\/media\/2959"}],"wp:attachment":[{"href":"http:\/\/www.affinite.fr\/index.php\/wp-json\/wp\/v2\/media?parent=2958"}],"wp:term":[{"taxonomy":"category","embeddable":true,"href":"http:\/\/www.affinite.fr\/index.php\/wp-json\/wp\/v2\/categories?post=2958"},{"taxonomy":"post_tag","embeddable":true,"href":"http:\/\/www.affinite.fr\/index.php\/wp-json\/wp\/v2\/tags?post=2958"}],"curies":[{"name":"wp","href":"https:\/\/api.w.org\/{rel}","templated":true}]}}