{"id":2925,"date":"2020-05-15T09:08:06","date_gmt":"2020-05-15T09:08:06","guid":{"rendered":"https:\/\/www.affinite.fr\/index.php\/2020\/05\/15\/apple-rachete-nextvr-et-ses-technologies-de-diffusion-de-contenus-en-vr\/"},"modified":"2020-05-15T09:08:06","modified_gmt":"2020-05-15T09:08:06","slug":"apple-rachete-nextvr-et-ses-technologies-de-diffusion-de-contenus-en-vr","status":"publish","type":"post","link":"http:\/\/www.affinite.fr\/index.php\/2020\/05\/15\/apple-rachete-nextvr-et-ses-technologies-de-diffusion-de-contenus-en-vr\/","title":{"rendered":"Apple rach\u00e8te NextVR et ses technologies de diffusion de contenus en VR"},"content":{"rendered":"<p> [ad_1]<br \/>\n<br \/><img decoding=\"async\" src=\"https:\/\/img.bfmtv.com\/i\/0\/0\/cb2\/5b067d890be3fa677a78b3d6f2cdb.jpg\" \/><\/p>\n<div itemprop=\"articleBody\">\n<p>Apple vient de racheter la soci\u00e9t\u00e9 NextVR pour environ\u00a0100 millions de dollars. L&rsquo;information a \u00e9t\u00e9 confirm\u00e9e par la marque au site am\u00e9ricain <em>CNBC<\/em>. Apr\u00e8s Vrvana, rachet\u00e9e fin 2017, c&rsquo;est donc une seconde start-up am\u00e9ricaine qui vient grossir les rangs de Cupertino dans sa division de cr\u00e9ation de contenus en r\u00e9alit\u00e9 virtuelle (VR) et, sans doute, en r\u00e9alit\u00e9 augment\u00e9e (AR).<\/p>\n<p>Consid\u00e9rant le savoir-faire de NextVR en mati\u00e8re de cr\u00e9ation et diffusion de contenus dans des dispositifs de r\u00e9alit\u00e9 virtuelle, Cupertino met la main dessus pour d&rsquo;acc\u00e9l\u00e9rer le d\u00e9veloppement <a href=\"https:\/\/www.01net.com\/actualites\/apple-les-futures-lunettes-de-realite-augmentee-auraient-leur-store-dedie-1791401.html\" target=\"_blank\" rel=\"noopener noreferrer\">de ses futures et potentielles lunettes de r\u00e9alit\u00e9 augment\u00e9e<\/a>. Ou, \u00e0 d\u00e9faut, \u00e9toffer un potentiel portail de services pour un appareil orient\u00e9 AR ou prenant d\u00e9j\u00e0 en charge cette technologie, comme <a href=\"https:\/\/www.01net.com\/actualites\/test-de-l-ipad-pro-2020-apple-tourne-sa-tablette-vers-le-futur-et-son-os-dans-le-bon-sens-1884601.html\" target=\"_blank\" rel=\"noopener noreferrer\">l&rsquo;iPad Pro 2020<\/a>, par exemple.<\/p>\n<aside class=\"bg-color-0 padding-inside-all-s bloc border-s\">\n<h4 class=\"box-txt-normal\">\n<p><strong>\u00c0 d\u00e9couvrir aussi en vid\u00e9o :<\/strong><\/p>\n<\/h4>\n<\/aside>\n<p>Sur la page du site Web de NextVR, les cr\u00e9ateurs ont post\u00e9 un message \u00e0 l&rsquo;attention de leurs fans et partenaires :<\/p>\n<blockquote>\n<p><em>\u00ab NextVR prend une nouvelle direction. Nous tenons \u00e0 remercier nos partenaires et nos fans \u00e0 travers le monde pour le r\u00f4le qu&rsquo;ils ont jou\u00e9 dans la conception de cette formidable plate-forme de diffusion de comp\u00e9titions sportives, de concerts et d&rsquo;exp\u00e9riences de divertissement qu&rsquo;est Virtual Reality. \u00bb<\/em><\/p>\n<\/blockquote>\n<p>C&rsquo;est tout d\u00e9but avril que <a href=\"https:\/\/www.01net.com\/actualites\/pourquoi-le-rachat-de-nextvr-profiterait-aux-futures-lunettes-ar-d-apple-1889710.html\" target=\"_blank\" rel=\"noopener noreferrer\">les premi\u00e8res rumeurs d&rsquo;acquisition ont commenc\u00e9 \u00e0 circuler<\/a> et que les th\u00e9ories sur les b\u00e9n\u00e9fices d&rsquo;un tel rachat par Apple ont \u00e9t\u00e9 \u00e9chafaud\u00e9es.<\/p>\n<p>Parmi les partenaires historiques de la marque, principalement am\u00e9ricains, on mentionnera la NBA, la cha\u00eene FOX Sport, l&rsquo;organisateur d&rsquo;\u00e9v\u00e9nements musicaux Live Nation ou encore le tournoi de tennis de Wimbledon.<br \/>Tout le contenu pouvait \u00eatre regard\u00e9 depuis la plupart des casques VR du march\u00e9, du <a href=\"https:\/\/www.01net.com\/tests\/test-sony-playstation-vr-champion-imparfait-de-la-realite-virtuelle-5486.html\" target=\"_blank\" rel=\"noopener noreferrer\">PlayStation VR<\/a> au <a href=\"https:\/\/www.01net.com\/actualites\/rift-s-et-quest-on-a-essaye-les-nouveaux-casques-de-realite-virtuelle-d-oculus-1670084.html\" target=\"_blank\" rel=\"noopener noreferrer\">Rift<\/a> en passant par le (mourant) <a href=\"https:\/\/www.01net.com\/actualites\/google-enterre-la-realite-virtuelle-sur-mobile-avec-l-abandon-de-daydream-1788284.html\" target=\"_blank\" rel=\"noopener noreferrer\">DayDream<\/a> et le <a href=\"https:\/\/www.01net.com\/actualites\/htc-etend-son-offre-de-casques-vr-cosmos-avec-les-packs-play-et-elite-1861439.html\" target=\"_blank\" rel=\"noopener noreferrer\">Vive<\/a> sans oublier les terminaux Android et iOS au travers d&rsquo;applis.<\/p>\n<p><strong>Source : <\/strong><a href=\"https:\/\/www.cnbc.com\/2020\/05\/14\/apple-buys-virtual-reality-company-nextvr.html\" target=\"_blank\" rel=\"noopener noreferrer\">CNBC<\/a><\/p>\n<\/p><\/div>\n<p><script>\n         !function(f,b,e,v,n,t,s){if(f.fbq)return;n=f.fbq=function()\n         {n.callMethod? n.callMethod.apply(n,arguments):n.queue.push(arguments)}\n         ;if(!f._fbq)f._fbq=n;\n             n.push=n;n.loaded=!0;n.version='2.0';n.queue=[];t=b.createElement(e);t.async=!0;\n             t.src=v;s=b.getElementsByTagName(e)[0];s.parentNode.insertBefore(t,s)}(window,\n                 document,'script','https:\/\/connect.facebook.net\/en_US\/fbevents.js');\n         fbq('init', '1065890633454496');\n         fbq('track', 'PageView');\n     <\/script><br \/>\n<br \/>[ad_2]<br \/>\n<br \/><a href=\"https:\/\/www.01net.com\/actualites\/apple-rachete-nextvr-et-ses-technologies-de-diffusion-de-contenus-en-vr-1914206.html\">Source link <\/a><\/p>\n","protected":false},"excerpt":{"rendered":"<p>[ad_1] Apple vient de racheter la soci\u00e9t\u00e9 NextVR pour environ\u00a0100 millions de dollars. L&rsquo;information a \u00e9t\u00e9 confirm\u00e9e par la marque &hellip; <a href=\"http:\/\/www.affinite.fr\/index.php\/2020\/05\/15\/apple-rachete-nextvr-et-ses-technologies-de-diffusion-de-contenus-en-vr\/\" class=\"more-link\">Plus <span class=\"screen-reader-text\">Apple rach\u00e8te NextVR et ses technologies de diffusion de contenus en VR<\/span> <span class=\"meta-nav\">&rarr;<\/span><\/a><\/p>\n","protected":false},"author":1,"featured_media":2926,"comment_status":"open","ping_status":"open","sticky":false,"template":"","format":"standard","meta":{"_sitemap_exclude":false,"_sitemap_priority":"","_sitemap_frequency":"","footnotes":""},"categories":[1],"tags":[],"class_list":["post-2925","post","type-post","status-publish","format-standard","has-post-thumbnail","hentry","category-tous"],"_links":{"self":[{"href":"http:\/\/www.affinite.fr\/index.php\/wp-json\/wp\/v2\/posts\/2925"}],"collection":[{"href":"http:\/\/www.affinite.fr\/index.php\/wp-json\/wp\/v2\/posts"}],"about":[{"href":"http:\/\/www.affinite.fr\/index.php\/wp-json\/wp\/v2\/types\/post"}],"author":[{"embeddable":true,"href":"http:\/\/www.affinite.fr\/index.php\/wp-json\/wp\/v2\/users\/1"}],"replies":[{"embeddable":true,"href":"http:\/\/www.affinite.fr\/index.php\/wp-json\/wp\/v2\/comments?post=2925"}],"version-history":[{"count":0,"href":"http:\/\/www.affinite.fr\/index.php\/wp-json\/wp\/v2\/posts\/2925\/revisions"}],"wp:featuredmedia":[{"embeddable":true,"href":"http:\/\/www.affinite.fr\/index.php\/wp-json\/wp\/v2\/media\/2926"}],"wp:attachment":[{"href":"http:\/\/www.affinite.fr\/index.php\/wp-json\/wp\/v2\/media?parent=2925"}],"wp:term":[{"taxonomy":"category","embeddable":true,"href":"http:\/\/www.affinite.fr\/index.php\/wp-json\/wp\/v2\/categories?post=2925"},{"taxonomy":"post_tag","embeddable":true,"href":"http:\/\/www.affinite.fr\/index.php\/wp-json\/wp\/v2\/tags?post=2925"}],"curies":[{"name":"wp","href":"https:\/\/api.w.org\/{rel}","templated":true}]}}