{"id":2921,"date":"2020-05-15T06:53:11","date_gmt":"2020-05-15T06:53:11","guid":{"rendered":"https:\/\/www.affinite.fr\/index.php\/2020\/05\/15\/apple-pourrait-introduire-un-ipad-de-108-pouces-abordable-en-fin-dannee\/"},"modified":"2020-05-15T06:53:11","modified_gmt":"2020-05-15T06:53:11","slug":"apple-pourrait-introduire-un-ipad-de-108-pouces-abordable-en-fin-dannee","status":"publish","type":"post","link":"http:\/\/www.affinite.fr\/index.php\/2020\/05\/15\/apple-pourrait-introduire-un-ipad-de-108-pouces-abordable-en-fin-dannee\/","title":{"rendered":"Apple pourrait introduire un iPad de 10,8 pouces abordable en fin d&#039;ann\u00e9e"},"content":{"rendered":"<p> [ad_1]<br \/>\n<br \/>Les tablettes d\u2019Apple n\u2019en finissent pas d\u2019offrir des dalles de plus en plus larges et confortables. L\u2019iPad d\u2019entr\u00e9e de gamme pourrait encore voir son affichage gagner quelques dixi\u00e8mes de pouces cette ann\u00e9e.  <\/p>\n<p> <img decoding=\"async\" src=\"https:\/\/img.bfmtv.com\/c\/150\/100\/1c5\/71321bc33b21532e7d2dc1561e341.jpg\" \/><br \/>\n<br \/>[ad_2]<br \/>\n<br \/><a href=\"https:\/\/www.01net.com\/info\/flux-rss\/flux-toutes-les-actualites\/#\">Source link <\/a><\/p>\n","protected":false},"excerpt":{"rendered":"<p>[ad_1] Les tablettes d\u2019Apple n\u2019en finissent pas d\u2019offrir des dalles de plus en plus larges et confortables. L\u2019iPad d\u2019entr\u00e9e de &hellip; <a href=\"http:\/\/www.affinite.fr\/index.php\/2020\/05\/15\/apple-pourrait-introduire-un-ipad-de-108-pouces-abordable-en-fin-dannee\/\" class=\"more-link\">Plus <span class=\"screen-reader-text\">Apple pourrait introduire un iPad de 10,8 pouces abordable en fin d&#039;ann\u00e9e<\/span> <span class=\"meta-nav\">&rarr;<\/span><\/a><\/p>\n","protected":false},"author":1,"featured_media":2922,"comment_status":"open","ping_status":"open","sticky":false,"template":"","format":"standard","meta":{"_sitemap_exclude":false,"_sitemap_priority":"","_sitemap_frequency":"","footnotes":""},"categories":[1],"tags":[],"class_list":["post-2921","post","type-post","status-publish","format-standard","has-post-thumbnail","hentry","category-tous"],"_links":{"self":[{"href":"http:\/\/www.affinite.fr\/index.php\/wp-json\/wp\/v2\/posts\/2921"}],"collection":[{"href":"http:\/\/www.affinite.fr\/index.php\/wp-json\/wp\/v2\/posts"}],"about":[{"href":"http:\/\/www.affinite.fr\/index.php\/wp-json\/wp\/v2\/types\/post"}],"author":[{"embeddable":true,"href":"http:\/\/www.affinite.fr\/index.php\/wp-json\/wp\/v2\/users\/1"}],"replies":[{"embeddable":true,"href":"http:\/\/www.affinite.fr\/index.php\/wp-json\/wp\/v2\/comments?post=2921"}],"version-history":[{"count":0,"href":"http:\/\/www.affinite.fr\/index.php\/wp-json\/wp\/v2\/posts\/2921\/revisions"}],"wp:featuredmedia":[{"embeddable":true,"href":"http:\/\/www.affinite.fr\/index.php\/wp-json\/wp\/v2\/media\/2922"}],"wp:attachment":[{"href":"http:\/\/www.affinite.fr\/index.php\/wp-json\/wp\/v2\/media?parent=2921"}],"wp:term":[{"taxonomy":"category","embeddable":true,"href":"http:\/\/www.affinite.fr\/index.php\/wp-json\/wp\/v2\/categories?post=2921"},{"taxonomy":"post_tag","embeddable":true,"href":"http:\/\/www.affinite.fr\/index.php\/wp-json\/wp\/v2\/tags?post=2921"}],"curies":[{"name":"wp","href":"https:\/\/api.w.org\/{rel}","templated":true}]}}