{"id":2917,"date":"2020-05-15T04:47:56","date_gmt":"2020-05-15T04:47:56","guid":{"rendered":"https:\/\/www.affinite.fr\/index.php\/2020\/05\/15\/amd-annonce-la-radeon-pro-vii-sa-carte-graphique-taillee-pour-les-createurs-de-8k\/"},"modified":"2020-05-15T04:47:56","modified_gmt":"2020-05-15T04:47:56","slug":"amd-annonce-la-radeon-pro-vii-sa-carte-graphique-taillee-pour-les-createurs-de-8k","status":"publish","type":"post","link":"http:\/\/www.affinite.fr\/index.php\/2020\/05\/15\/amd-annonce-la-radeon-pro-vii-sa-carte-graphique-taillee-pour-les-createurs-de-8k\/","title":{"rendered":"AMD annonce la Radeon Pro VII, sa carte graphique taill\u00e9e pour les cr\u00e9ateurs de 8K"},"content":{"rendered":"<p> [ad_1]<br \/>\n<\/p>\n<div itemprop=\"articleBody\">\n<p style=\"color:#333; font-family:arial,helvetica,sans-serif; font-size:18px\">Pour venir tenir t\u00eate aux actuelles Quadro RTX de s\u00e9rie 5000 de Nvidia, AMD n&rsquo;avait pas tout \u00e0 fait l&rsquo;outil appropri\u00e9. C&rsquo;est maintenant le cas, avec la Radeon Pro VII, une carte graphique pour les stations de travail, de cr\u00e9ations num\u00e9riques, d&rsquo;ing\u00e9nierie, de plates-formes de diffusion ou m\u00eame de recherche en IA. Pas question de faire du jeu vid\u00e9o dans nos petits PC avec ce monstre, d\u00e9sol\u00e9. Chez AMD, ce sont <a href=\"https:\/\/www.01net.com\/actualites\/nvidia-geforce-rtx-ou-amd-radeon-rx-quelles-cartes-graphiques-choisir-1774752.html\" target=\"_blank\" rel=\"noopener noreferrer\">les Radeon RX 5700 et 5700 XT<\/a> qui continuent d&rsquo;\u00eatre d\u00e9volues \u00e0 cette t\u00e2che.<\/p>\n<h3 style=\"color:#333; font-family:arial,helvetica,sans-serif; font-size:23px; font-weight:700\">La 8K en en-cas<\/h3>\n<p>La Radeon Pro VII proposerait une puissance de calcul pouvant atteindre 13,1 TFLOPS (en simple pr\u00e9cision \/ FP32). En clair, selon AMD, sa Radeon Pro VII serait 5,6 fois plus rapide qu&rsquo;une Quadro RTX 5000 en calcul double pr\u00e9cision (FP 64). Elle serait aussi capable de g\u00e9n\u00e9rer des images 8K jusqu&rsquo;\u00e0 25% plus vite que sa rivale (logiciel de montage DaVinci Resolve) et pourrait se voir connecter jusqu&rsquo;\u00e0 six\u00a0\u00e9crans en m\u00eame temps pour afficher en grand toutes vos cr\u00e9ations g\u00e9n\u00e9r\u00e9es par ses soins.<\/p>\n<figure class=\"figure text-center\"><img decoding=\"async\" class=\"article-img img-responsive-l\" src=\"https:\/\/img.bfmtv.com\/c\/0\/708\/ca8\/2d2f661c7127aa132a0d960d3774a.jpg\" alt=\"DaVinci Resolve\"\/><figcaption class=\"figure-caption figcaption color-txt-0 title-xs hidden-xs\">\n                                    DR<br \/>\n                                                    &#8211; DaVinci Resolve<br \/>\n                            <\/figcaption><\/figure>\n<p>En quelques chiffres, la Radeon Pro VII, c&rsquo;est une grosse puce de calcul, grav\u00e9e en 7 nm sur laquelle sont implant\u00e9es 60 unit\u00e9s de calcul. Elles renferment, \u00e0 leur tour et en tout, 3840 processeurs de traitement. Fid\u00e8le \u00e0 ses habitudes, AMD opte pour de la m\u00e9moire HBM 2.0 et en place 16 Go \u00e0 proximit\u00e9 de la puce de calcul (interface en 4096 bits). La bande passante de la m\u00e9moire est donn\u00e9e pour 1 To\/s ! En clair, c&rsquo;est comme si vous pouviez copier-coller tout un disque dur de PC portable standard en un clin d&rsquo;\u0153il.<\/p>\n<figure class=\"figure text-center\"><img decoding=\"async\" class=\"article-img img-responsive-l\" src=\"https:\/\/img.bfmtv.com\/c\/0\/708\/b2a\/53f43f1117734558d82abe4916b52.jpg\" alt=\"AMD Radeon Pro VII\"\/><figcaption class=\"figure-caption figcaption color-txt-0 title-xs hidden-xs\">\n                                    AMD<br \/>\n                                                    &#8211; AMD Radeon Pro VII<br \/>\n                            <\/figcaption><\/figure>\n<blockquote>\n<p><strong>\u00c0 lire aussi &#8211;<\/strong> <a href=\"https:\/\/www.01net.com\/actualites\/ryzen-4900h-et-smartshift-les-armes-fatales-d-amd-pour-les-pc-portables-gamers-1878989.html\" target=\"_blank\" rel=\"noopener noreferrer\">Ryzen 4900H et SmartShift : les armes fatales d\u2019AMD pour les PC portables gamers<\/a><\/p>\n<\/blockquote>\n<p>Enfin, gr\u00e2ce \u00e0 la technologie Infinity Fabric Link, il est possible de coupler deux cartes et faire en sorte qu&rsquo;elles mettent leur m\u00e9moire vid\u00e9o en commun et se r\u00e9partissent les t\u00e2ches, le tout en communiquant \u00e0 grande vitesse par l&rsquo;interm\u00e9diaire de l&rsquo;interface PCI-E 4.0.<\/p>\n<aside class=\"bg-color-0 padding-inside-all-s bloc border-s\">\n<h4 class=\"box-txt-normal\">\n<p><strong>\u00c0 d\u00e9couvrir aussi en vid\u00e9o :<\/strong><\/p>\n<\/h4>\n<\/aside>\n<p>Disponible mi-juin, cette Radeon Pro VII est annonc\u00e9e au prix de 1 900 dollars environ et se destine \u00e0 des utilisateurs professionnels avertis. Des stations\u00a0de travail \u00e9quip\u00e9es d&rsquo;une ou plusieurs de ces monstres seront propos\u00e9es dans la seconde moiti\u00e9 de l&rsquo;ann\u00e9e.<\/p>\n<\/p><\/div>\n<p><script>\n         !function(f,b,e,v,n,t,s){if(f.fbq)return;n=f.fbq=function()\n         {n.callMethod? n.callMethod.apply(n,arguments):n.queue.push(arguments)}\n         ;if(!f._fbq)f._fbq=n;\n             n.push=n;n.loaded=!0;n.version='2.0';n.queue=[];t=b.createElement(e);t.async=!0;\n             t.src=v;s=b.getElementsByTagName(e)[0];s.parentNode.insertBefore(t,s)}(window,\n                 document,'script','https:\/\/connect.facebook.net\/en_US\/fbevents.js');\n         fbq('init', '1065890633454496');\n         fbq('track', 'PageView');\n     <\/script><br \/>\n<br \/>[ad_2]<br \/>\n<br \/><a href=\"https:\/\/www.01net.com\/actualites\/amd-annonce-la-radeon-pro-vii-sa-carte-graphique-taillee-pour-les-createurs-de-8k-1913707.html\">Source link <\/a><\/p>\n","protected":false},"excerpt":{"rendered":"<p>[ad_1] Pour venir tenir t\u00eate aux actuelles Quadro RTX de s\u00e9rie 5000 de Nvidia, AMD n&rsquo;avait pas tout \u00e0 fait &hellip; <a href=\"http:\/\/www.affinite.fr\/index.php\/2020\/05\/15\/amd-annonce-la-radeon-pro-vii-sa-carte-graphique-taillee-pour-les-createurs-de-8k\/\" class=\"more-link\">Plus <span class=\"screen-reader-text\">AMD annonce la Radeon Pro VII, sa carte graphique taill\u00e9e pour les cr\u00e9ateurs de 8K<\/span> <span class=\"meta-nav\">&rarr;<\/span><\/a><\/p>\n","protected":false},"author":1,"featured_media":2918,"comment_status":"open","ping_status":"open","sticky":false,"template":"","format":"standard","meta":{"_sitemap_exclude":false,"_sitemap_priority":"","_sitemap_frequency":"","footnotes":""},"categories":[1],"tags":[],"class_list":["post-2917","post","type-post","status-publish","format-standard","has-post-thumbnail","hentry","category-tous"],"_links":{"self":[{"href":"http:\/\/www.affinite.fr\/index.php\/wp-json\/wp\/v2\/posts\/2917"}],"collection":[{"href":"http:\/\/www.affinite.fr\/index.php\/wp-json\/wp\/v2\/posts"}],"about":[{"href":"http:\/\/www.affinite.fr\/index.php\/wp-json\/wp\/v2\/types\/post"}],"author":[{"embeddable":true,"href":"http:\/\/www.affinite.fr\/index.php\/wp-json\/wp\/v2\/users\/1"}],"replies":[{"embeddable":true,"href":"http:\/\/www.affinite.fr\/index.php\/wp-json\/wp\/v2\/comments?post=2917"}],"version-history":[{"count":0,"href":"http:\/\/www.affinite.fr\/index.php\/wp-json\/wp\/v2\/posts\/2917\/revisions"}],"wp:featuredmedia":[{"embeddable":true,"href":"http:\/\/www.affinite.fr\/index.php\/wp-json\/wp\/v2\/media\/2918"}],"wp:attachment":[{"href":"http:\/\/www.affinite.fr\/index.php\/wp-json\/wp\/v2\/media?parent=2917"}],"wp:term":[{"taxonomy":"category","embeddable":true,"href":"http:\/\/www.affinite.fr\/index.php\/wp-json\/wp\/v2\/categories?post=2917"},{"taxonomy":"post_tag","embeddable":true,"href":"http:\/\/www.affinite.fr\/index.php\/wp-json\/wp\/v2\/tags?post=2917"}],"curies":[{"name":"wp","href":"https:\/\/api.w.org\/{rel}","templated":true}]}}