{"id":2895,"date":"2020-05-14T17:08:48","date_gmt":"2020-05-14T17:08:48","guid":{"rendered":"https:\/\/www.affinite.fr\/index.php\/2020\/05\/14\/un-casque-bang-olufsen-offert-pour-la-precommande-du-find-x2-pro\/"},"modified":"2020-05-14T17:08:48","modified_gmt":"2020-05-14T17:08:48","slug":"un-casque-bang-olufsen-offert-pour-la-precommande-du-find-x2-pro","status":"publish","type":"post","link":"http:\/\/www.affinite.fr\/index.php\/2020\/05\/14\/un-casque-bang-olufsen-offert-pour-la-precommande-du-find-x2-pro\/","title":{"rendered":"un casque Bang &#038; Olufsen offert pour la pr\u00e9commande du Find X2 Pro"},"content":{"rendered":"<p> [ad_1]<br \/>\n<br \/><img decoding=\"async\" src=\"https:\/\/img.bfmtv.com\/i\/0\/0\/f68\/25c479045633e2b76e6de21c3bf3a.jpg\" \/><\/p>\n<div itemprop=\"articleBody\">\n<p>Le smartphone Find X2 Pro est disponible en pr\u00e9commande jusqu&rsquo;au 27 mai. Pendant cette p\u00e9riode, Oppo fait un beau <a href=\"http:\/\/www.affinite.fr\/index.php\/2024\/12\/08\/chere-maman-et-si-ce-noel-vous-offriez-a-votre-ado-un-avenir-%f0%9f%8e%84%e2%9c%a8\/\">cadeau<\/a> en offrant un casque audio Bang &amp; Olufsen avec le smartphone. Il s&rsquo;agit du mod\u00e8le \u00e0 r\u00e9duction de bruits Beoplay\u00a0H8i, d&rsquo;une valeur de 400 euros.<\/p>\n<p>Vendu 1199 euros, le Find X2 Pro a \u00e9t\u00e9 <a href=\"https:\/\/www.01net.com\/tests\/test-du-smartphone-oppo-find-x2-pro-l-excellente-surprise-de-2020-6444.html\" target=\"_blank\" rel=\"noopener noreferrer\">test\u00e9 par 01net<\/a>. Nous avons appr\u00e9ci\u00e9 son design luxueux, la luminosit\u00e9 de son \u00e9cran, la qualit\u00e9 de ses appareils photo et sa recharge rapide en 36 minutes. Il est dot\u00e9 d&rsquo;un \u00e9cran 6,7 pouces, d&rsquo;un processeur\u00a0Qualcomm Snapdragon 865, de 12 Go de Ram et d&rsquo;une capacit\u00e9 de stockage \u00e9lev\u00e9e de 512 Go.<\/p>\n<p><a href=\"http:\/\/track.effiliation.com\/servlet\/effi.redir?id_compteur=15187135&amp;effi_id=articleconso&amp;url=https%3A%2F%2Fwww.boulanger.com%2Fref%2F1145216\" target=\"_blank\" rel=\"noopener noreferrer\">Retrouvez cette offre chez Boulanger.<\/a><\/p>\n<p><a href=\"https:\/\/www.awin1.com\/cread.php?awinmid=7735&amp;awinaffid=304019&amp;clickref=&amp;p=https%3A%2F%2Fwww.darty.com%2Fnav%2Fachat%2Ftelephonie%2Ftelephone_mobile%2Fmobile%2Foppo_find_x2_pro_512go_noir__4826388.html\" target=\"_blank\" rel=\"noopener noreferrer\">Retrouvez cette offre chez Darty.<\/a><\/p>\n<p><a href=\"https:\/\/www.awin1.com\/cread.php?awinmid=12665&amp;awinaffid=304019&amp;clickref=articleconso20&amp;p=https:\/\/www.fnac.com\/SearchResult\/ResultList.aspx?SCat=0%211&amp;Search=oppo+find+x2+pro&amp;sft=1&amp;sa=1\" target=\"_blank\" rel=\"noopener noreferrer\">Retrouvez cette offre \u00e0 la Fnac.<\/a><\/p>\n<aside class=\"bg-color-0 padding-inside-all-s bloc border-s\">\n<h4 class=\"box-txt-normal\">\n<p><strong>A d\u00e9couvrir aussi en vid\u00e9o :<\/strong><\/p>\n<\/h4>\n<\/aside>\n<p>Les promotions mentionn\u00e9es dans cet article peuvent \u00eatre \u00e9ph\u00e9m\u00e8res et ne plus \u00eatre valables apr\u00e8s la date de parution de l\u2019article.<\/p>\n<p><a href=\"https:\/\/www.01net.com\/bons-plans\/\">Retrouvez tous les bons plans high-tech s\u00e9lectionn\u00e9s par 01net.com sur notre page d\u00e9di\u00e9e.<\/a><\/p>\n<p><em>Cet article est une s\u00e9lection r\u00e9alis\u00e9e par l\u2019\u00e9quipe de 01net.com, en toute ind\u00e9pendance. Il est toutefois possible que ce contenu propose un lien d\u2019affiliation. Si vous cliquez sur ce lien, l\u2019e-commer\u00e7ant peut nous reverser une commission. Pour vous, rien ne change !<\/em><\/p>\n<\/p><\/div>\n<p><script>\n         !function(f,b,e,v,n,t,s){if(f.fbq)return;n=f.fbq=function()\n         {n.callMethod? n.callMethod.apply(n,arguments):n.queue.push(arguments)}\n         ;if(!f._fbq)f._fbq=n;\n             n.push=n;n.loaded=!0;n.version='2.0';n.queue=[];t=b.createElement(e);t.async=!0;\n             t.src=v;s=b.getElementsByTagName(e)[0];s.parentNode.insertBefore(t,s)}(window,\n                 document,'script','https:\/\/connect.facebook.net\/en_US\/fbevents.js');\n         fbq('init', '1065890633454496');\n         fbq('track', 'PageView');\n     <\/script><br \/>\n<br \/>[ad_2]<br \/>\n<br \/><a href=\"https:\/\/www.01net.com\/actualites\/bon-plan-oppo-un-casque-bang-olufsen-offert-pour-la-precommande-du-find-x2-pro-1913664.html\">Source link <\/a><\/p>\n","protected":false},"excerpt":{"rendered":"<p>[ad_1] Le smartphone Find X2 Pro est disponible en pr\u00e9commande jusqu&rsquo;au 27 mai. Pendant cette p\u00e9riode, Oppo fait un beau &hellip; <a href=\"http:\/\/www.affinite.fr\/index.php\/2020\/05\/14\/un-casque-bang-olufsen-offert-pour-la-precommande-du-find-x2-pro\/\" class=\"more-link\">Plus <span class=\"screen-reader-text\">un casque Bang &#038; Olufsen offert pour la pr\u00e9commande du Find X2 Pro<\/span> <span class=\"meta-nav\">&rarr;<\/span><\/a><\/p>\n","protected":false},"author":1,"featured_media":2896,"comment_status":"open","ping_status":"open","sticky":false,"template":"","format":"standard","meta":{"_sitemap_exclude":false,"_sitemap_priority":"","_sitemap_frequency":"","footnotes":""},"categories":[1],"tags":[],"class_list":["post-2895","post","type-post","status-publish","format-standard","has-post-thumbnail","hentry","category-tous"],"_links":{"self":[{"href":"http:\/\/www.affinite.fr\/index.php\/wp-json\/wp\/v2\/posts\/2895"}],"collection":[{"href":"http:\/\/www.affinite.fr\/index.php\/wp-json\/wp\/v2\/posts"}],"about":[{"href":"http:\/\/www.affinite.fr\/index.php\/wp-json\/wp\/v2\/types\/post"}],"author":[{"embeddable":true,"href":"http:\/\/www.affinite.fr\/index.php\/wp-json\/wp\/v2\/users\/1"}],"replies":[{"embeddable":true,"href":"http:\/\/www.affinite.fr\/index.php\/wp-json\/wp\/v2\/comments?post=2895"}],"version-history":[{"count":0,"href":"http:\/\/www.affinite.fr\/index.php\/wp-json\/wp\/v2\/posts\/2895\/revisions"}],"wp:featuredmedia":[{"embeddable":true,"href":"http:\/\/www.affinite.fr\/index.php\/wp-json\/wp\/v2\/media\/2896"}],"wp:attachment":[{"href":"http:\/\/www.affinite.fr\/index.php\/wp-json\/wp\/v2\/media?parent=2895"}],"wp:term":[{"taxonomy":"category","embeddable":true,"href":"http:\/\/www.affinite.fr\/index.php\/wp-json\/wp\/v2\/categories?post=2895"},{"taxonomy":"post_tag","embeddable":true,"href":"http:\/\/www.affinite.fr\/index.php\/wp-json\/wp\/v2\/tags?post=2895"}],"curies":[{"name":"wp","href":"https:\/\/api.w.org\/{rel}","templated":true}]}}