{"id":2877,"date":"2020-05-14T11:53:32","date_gmt":"2020-05-14T11:53:32","guid":{"rendered":"https:\/\/www.affinite.fr\/index.php\/2020\/05\/14\/mad-max-fury-road-pourquoi-les-relations-entre-charlize-theron-et-tom-hardy-etaient-elles-tendues-actus-cine\/"},"modified":"2020-05-14T11:53:32","modified_gmt":"2020-05-14T11:53:32","slug":"mad-max-fury-road-pourquoi-les-relations-entre-charlize-theron-et-tom-hardy-etaient-elles-tendues-actus-cine","status":"publish","type":"post","link":"http:\/\/www.affinite.fr\/index.php\/2020\/05\/14\/mad-max-fury-road-pourquoi-les-relations-entre-charlize-theron-et-tom-hardy-etaient-elles-tendues-actus-cine\/","title":{"rendered":"Mad Max Fury Road : pourquoi les relations entre Charlize Theron et Tom Hardy \u00e9taient-elles tendues ? &#8211; Actus Cin\u00e9"},"content":{"rendered":"<p> [ad_1]<br \/>\n<\/p>\n<p>\u00c0 l&rsquo;occasion d&rsquo;une longue interview pour le New York Times, les acteurs de \u00ab\u00a0Mad Max: Fury Road\u00a0\u00bb, dernier volet de la c\u00e9l\u00e8bre saga, ont r\u00e9cemment \u00e9voqu\u00e9 les tensions qui ont pu \u00e9clater sur le tournage, notamment entre Charlize Theron et Tom Hardy.<\/p>\n<div id=\"article-content\">\n<figure class=\"article-figure article-main-figure\"><img loading=\"lazy\" decoding=\"async\" class=\"article-figure-img\" width=\"640\" height=\"360\" src=\"http:\/\/fr.web.img6.acsta.net\/r_640_360\/newsv7\/20\/05\/14\/13\/18\/2823619.jpg\"\/><figcaption class=\"article-figcaption-copy\">Village Roadshow Films (BVI) Limited<\/figcaption><\/figure>\n<p>Visc\u00e9ral, explosif, sauvage, tourn\u00e9 \u00e0 l&rsquo;ancienne selon la m\u00e9thode <a title=\"George Miller (Australie) (R\u00e9alisateur,Producteur,Sc\u00e9nariste)\" href=\"http:\/\/www.allocine.fr\/personne\/fichepersonne_gen_cpersonne=2096.html\">George Miller<\/a>, le dernier volet de la saga\u00a0<a title=\"Mad Max: Fury Road (Australie,U.S.A.) - 2015 (Action,Science fiction)\" href=\"http:\/\/www.allocine.fr\/film\/fichefilm_gen_cfilm=125054.html\">Mad Max<\/a> sorti en 2015 a marqu\u00e9 des millions de spectateurs pour ses s\u00e9quences de course-poursuite \u00e0 couper le souffle. Mais cet indomptable blockbuster a \u00e9galement donn\u00e9 du fil \u00e0 retordre \u00e0 ses acteurs, et notamment \u00e0\u00a0<a title=\"Tom Hardy (Grande-Bretagne) (Acteur,Producteur,Cr\u00e9ateur)\" href=\"http:\/\/www.allocine.fr\/personne\/fichepersonne_gen_cpersonne=69924.html\">Tom Hardy<\/a> (Max) et \u00e0\u00a0<a title=\"Charlize Theron (Afrique du Sud) (Acteur,Producteur,Producteur d\u00e9l\u00e9gu\u00e9)\" href=\"http:\/\/www.allocine.fr\/personne\/fichepersonne_gen_cpersonne=12563.html\">Charlize Theron<\/a> (Furiosa), dont les relations sur le tournage \u00e9taient assez tendues.<\/p>\n<p>Lors d&rsquo;une longue interview pour le <span class=\"ACraHRACr0cHM6Ly93d3cubnl0aW1lcy5jb20vMjAyMC8wNS8xMi9tb3ZpZXMvbWFkLW1heC1mdXJ5LXJvYWQtb3JhbC1oaXN0b3J5Lmh0bWw=\" target=\"_blank\">New York Times<\/span>, les deux stars ont en effet \u00e9voqu\u00e9 leurs souvenirs de production, parfois douloureux :<\/p>\n<p><i>\u00ab\u00a0Le plus grand moteur de toute cette production \u00e9tait la peur\u00a0\u00bb<\/i>, raconte ainsi Charlize Theron.<i> \u00ab\u00a0J&rsquo;avais incroyablement peur, parce que je n&rsquo;avais jamais rien fait de la sorte. Je pense que le plus difficile entre moi et George [Miller], c&rsquo;est qu&rsquo;il avait tout le film dans la t\u00eate et que j&rsquo;essayais d\u00e9sesp\u00e9r\u00e9ment de le comprendre.\u00a0\u00bb<\/i><\/p>\n<p><i><\/p>\n<div class=\"article-figure-holder\">\n<figure class=\"article-figure mceNonEditable\"><img decoding=\"async\" class=\"article-figure-img\" src=\"data:image\/gif;base64,R0lGODlhAQABAIAAAAAAAAAAACH5BAEAAAAALAAAAAABAAEAAAICRAEAOw==\" data-src=\"http:\/\/fr.web.img5.acsta.net\/newsv7\/20\/05\/14\/13\/20\/0904339.jpg\"\/><span class=\"article-figcaption-copy\">Warner Bros.<\/span><\/p>\n<\/figure>\n<\/div>\n<p><\/i><\/p>\n<p>Des propos confirm\u00e9s par ceux de Tom Hardy, qui d\u00e9crit quant \u00e0 lui un tournage d\u00e9stabilisant pour les acteurs, \u00e9crasant, et au rythme effr\u00e9n\u00e9. <a title=\"Zo\u00eb Kravitz (U.S.A.) (Acteur)\" href=\"http:\/\/www.allocine.fr\/personne\/fichepersonne_gen_cpersonne=200576.html\">Zo\u00eb Kravitz<\/a>, qui incarne Toast dans le film, a \u00e9galement donn\u00e9 son t\u00e9moignage, \u00e9voquant les humeurs des diff\u00e9rents protagonistes :<\/p>\n<p><i>\u00ab\u00a0Tom avait des moments de frustration, de col\u00e8re. Et Charlize aussi. Mais j&rsquo;ai l&rsquo;impression que c&rsquo;\u00e9tait lui qui s&rsquo;en prenait le plus \u00e0 George, et ce n&rsquo;\u00e9tait pas cool \u00e0 voir. Mais vous savez, d&rsquo;une certaine fa\u00e7on, on ne peut pas non plus lui jeter la pierre, parce que ces acteurs \u00e9taient tr\u00e8s sollicit\u00e9s et que de nombreuses questions restaient sans r\u00e9ponses.\u00a0\u00bb<\/i><\/p>\n<p>Au sein de cette m\u00eame interview, les deux stars du film ont finalement d\u00e9clar\u00e9 regretter leurs relations conflictuelles sur le tournage :<\/p>\n<p><i>\u00ab\u00a0R\u00e9trospectivement, je n&rsquo;ai pas fait preuve de suffisamment d&#8217;empathie pour v\u00e9ritablement comprendre ce qu&rsquo;il avait d\u00fb ressentir \u00e0 l&rsquo;id\u00e9e de rev\u00eatir le costume de Mel Gibson\u00a0\u00bb, <\/i>a d\u00e9clar\u00e9 <span class=\"ACrL3BACrlcnNvbm5lL2ZpY2hlcGVyc29ubmVfZ2VuX2NwZXJzb25uZT0xMjU2My5odG1s\" title=\"Charlize Theron (Afrique du Sud) (Acteur,Producteur,Producteur d\u00e9l\u00e9gu\u00e9)\">Charlize Theron<\/span>.<i> \u00ab\u00a0C&rsquo;est quelque chose de terrifiant ! Et je pense qu&rsquo;\u00e0 cause de ma propre peur, nous avons construit des murs protecteurs entre nous au lieu de nous dire : &lsquo;C&rsquo;est effrayant pour toi, c&rsquo;est effrayant pour moi. Soyons gentils l&rsquo;un avec l&rsquo;autre.&rsquo; \u00c9trangement, nous avons fonctionn\u00e9 comme nos personnages : il s&rsquo;agissait de survivre.\u00a0\u00bb<\/i><\/p>\n<p><i>\u00ab\u00a0Je suis d&rsquo;accord\u00a0\u00bb, <\/i>a finalement confirm\u00e9 <span class=\"ACrL3BACrlcnNvbm5lL2ZpY2hlcGVyc29ubmVfZ2VuX2NwZXJzb25uZT02OTkyNC5odG1s\" title=\"Tom Hardy (Grande-Bretagne) (Acteur,Producteur,Cr\u00e9ateur)\">Tom Hardy<\/span>.<i> \u00ab\u00a0Je pense qu&rsquo;avec le recul, j&rsquo;\u00e9tais d\u00e9pass\u00e9 par la situation \u00e0 bien des niveaux. La pression que nous subissions \u00e9tait parfois \u00e9crasante. Ce dont Charlize avait besoin, c&rsquo;\u00e9tait que je sois un meilleur partenaire, plus exp\u00e9riment\u00e9. On ne peut pas tricher avec \u00e7a.\u00a0\u00bb<\/i><\/p>\n<p>A en croire les propos du casting,\u00a0<span class=\"ACrL2ZACrpbG0vZmljaGVmaWxtX2dlbl9jZmlsbT0xMjUwNTQuaHRtbA==\" title=\"Mad Max: Fury Road (Australie,U.S.A.) - 2015 (Action,Science fiction)\">Mad Max: Fury Road<\/span> aurait donc \u00e9t\u00e9 presque aussi \u00e9prouvant pour ses acteurs que pour ses personnages.\u00a0<\/p>\n<p><span><strong>(Re)d\u00e9couvrez la bande-annonce du film&#8230;<\/strong><\/span><\/p>\n<p>\u00a0<\/p>\n<\/p><\/div>\n<p>[ad_2]<br \/>\n<br \/><a href=\"http:\/\/rss.allocine.fr\/~r\/ac\/actualites\/~3\/YlygvVtO-GI\/fichearticle_gen_carticle=18690047.html\">Source link <\/a><\/p>\n","protected":false},"excerpt":{"rendered":"<p>[ad_1] \u00c0 l&rsquo;occasion d&rsquo;une longue interview pour le New York Times, les acteurs de \u00ab\u00a0Mad Max: Fury Road\u00a0\u00bb, dernier volet &hellip; <a href=\"http:\/\/www.affinite.fr\/index.php\/2020\/05\/14\/mad-max-fury-road-pourquoi-les-relations-entre-charlize-theron-et-tom-hardy-etaient-elles-tendues-actus-cine\/\" class=\"more-link\">Plus <span class=\"screen-reader-text\">Mad Max Fury Road : pourquoi les relations entre Charlize Theron et Tom Hardy \u00e9taient-elles tendues ? &#8211; Actus Cin\u00e9<\/span> <span class=\"meta-nav\">&rarr;<\/span><\/a><\/p>\n","protected":false},"author":1,"featured_media":2878,"comment_status":"open","ping_status":"open","sticky":false,"template":"","format":"standard","meta":{"_sitemap_exclude":false,"_sitemap_priority":"","_sitemap_frequency":"","footnotes":""},"categories":[1],"tags":[],"class_list":["post-2877","post","type-post","status-publish","format-standard","has-post-thumbnail","hentry","category-tous"],"_links":{"self":[{"href":"http:\/\/www.affinite.fr\/index.php\/wp-json\/wp\/v2\/posts\/2877"}],"collection":[{"href":"http:\/\/www.affinite.fr\/index.php\/wp-json\/wp\/v2\/posts"}],"about":[{"href":"http:\/\/www.affinite.fr\/index.php\/wp-json\/wp\/v2\/types\/post"}],"author":[{"embeddable":true,"href":"http:\/\/www.affinite.fr\/index.php\/wp-json\/wp\/v2\/users\/1"}],"replies":[{"embeddable":true,"href":"http:\/\/www.affinite.fr\/index.php\/wp-json\/wp\/v2\/comments?post=2877"}],"version-history":[{"count":0,"href":"http:\/\/www.affinite.fr\/index.php\/wp-json\/wp\/v2\/posts\/2877\/revisions"}],"wp:featuredmedia":[{"embeddable":true,"href":"http:\/\/www.affinite.fr\/index.php\/wp-json\/wp\/v2\/media\/2878"}],"wp:attachment":[{"href":"http:\/\/www.affinite.fr\/index.php\/wp-json\/wp\/v2\/media?parent=2877"}],"wp:term":[{"taxonomy":"category","embeddable":true,"href":"http:\/\/www.affinite.fr\/index.php\/wp-json\/wp\/v2\/categories?post=2877"},{"taxonomy":"post_tag","embeddable":true,"href":"http:\/\/www.affinite.fr\/index.php\/wp-json\/wp\/v2\/tags?post=2877"}],"curies":[{"name":"wp","href":"https:\/\/api.w.org\/{rel}","templated":true}]}}