{"id":2866,"date":"2020-05-14T05:37:11","date_gmt":"2020-05-14T05:37:11","guid":{"rendered":"https:\/\/www.affinite.fr\/index.php\/2020\/05\/14\/nos-donnees-de-sante-vont-elles-etre-livrees-aux-americains\/"},"modified":"2020-05-14T05:37:11","modified_gmt":"2020-05-14T05:37:11","slug":"nos-donnees-de-sante-vont-elles-etre-livrees-aux-americains","status":"publish","type":"post","link":"http:\/\/www.affinite.fr\/index.php\/2020\/05\/14\/nos-donnees-de-sante-vont-elles-etre-livrees-aux-americains\/","title":{"rendered":"nos donn\u00e9es de sant\u00e9 vont-elles \u00eatre livr\u00e9es aux Am\u00e9ricains ?"},"content":{"rendered":"<p> [ad_1]<br \/>\n<\/p>\n<div itemprop=\"articleBody\">\n<p>L&rsquo;\u00e9tat d&rsquo;urgence sanitaire prolong\u00e9 a permis au gouvernement de passer en force son\u00a0<em>Health Data Hub. <\/em><span>Au nom de cet \u00e9tat d\u2019urgence, par un<a href=\"https:\/\/www.legifrance.gouv.fr\/jo_pdf_frame.do?dl\" target=\"_blank\" rel=\"noopener noreferrer\"> arr\u00eat\u00e9 du 21 avril dernier,<\/a> le d\u00e9ploiement de la plate-forme a \u00e9t\u00e9 anticip\u00e9. Cette base de donn\u00e9es in\u00e9dite vise \u00e0 centraliser l\u2019ensemble de nos donn\u00e9es de sant\u00e9 et sera\u00a0h\u00e9berg\u00e9e\u00a0par Microsoft, r\u00e9v\u00e8le <em>M\u00e9diapart<\/em>. Inqui\u00e8te, la Commission nationale de l\u2019informatique et des libert\u00e9s (Cnil) a point\u00e9 le risque de leur transfert potentiel aux \u00c9tats-Unis.<\/span><\/p>\n<h3 style=\"color:#333; font-family:arial,helvetica,sans-serif; font-size:23px; font-weight:700\">Une base de donn\u00e9es de sant\u00e9 in\u00e9dite<\/h3>\n<p>Ce d\u00e9cret autorise le <em>Health Data Hub <\/em>et\u00a0la Caisse nationale de l\u2019assurance-maladie (Cnam), \u00e0 collecter,\u00a0\u00ab\u00a0<em>aux seules fins de faciliter l\u2019utilisation des donn\u00e9es de sant\u00e9 pour les besoins de la gestion de l\u2019urgence sanitaire et de l\u2019am\u00e9lioration des connaissances sur le virus Covid-19<\/em>\u00a0\u00bb, un nombre consid\u00e9rable d&rsquo;informations.\u00a0Autrement dit, ce nouveau Hub sanitaire \u00e9largit l&rsquo;actuel\u00a0Syst\u00e8me national des donn\u00e9es de sant\u00e9 (SNDS), qui\u00a0regroupe les principales bases de donn\u00e9es de sant\u00e9 publique.\u00a0<\/p>\n<p>D\u00e9sormais, cette plate-forme va \u00eatre agr\u00e9ment\u00e9e des \u00ab\u00a0<em>donn\u00e9es de pharmacie<\/em>\u00a0\u00bb, des\u00a0\u00ab\u00a0<em>donn\u00e9es de prise en charge en ville telles que des diagnostics ou des donn\u00e9es d\u00e9claratives de sympt\u00f4mes issues d\u2019applications mobiles de sant\u00e9 et d\u2019outils de t\u00e9l\u00e9suivi, t\u00e9l\u00e9surveillance ou t\u00e9l\u00e9m\u00e9decine\u00a0<\/em>\u00bb, de celles\u00a0des services d\u2019urgence, mais aussi \u00ab\u00a0<em>des enqu\u00eates r\u00e9alis\u00e9es aupr\u00e8s des personnes pour \u00e9valuer leur v\u00e9cu<\/em>\u00a0\u00bb\u00a0et des donn\u00e9es du\u00a0SI-VIC, le syst\u00e8me de suivi des victimes lors de catastrophes sanitaires.\u00a0<\/p>\n<h3 style=\"color:#333; font-family:arial,helvetica,sans-serif; font-size:23px; font-weight:700\">Faire parler les donn\u00e9es de sant\u00e9<\/h3>\n<p>Le <em>Health Data Hub<\/em>\u00a0int\u00e9grera aussi les donn\u00e9es des <a href=\"https:\/\/www.01net.com\/actualites\/covid-19-la-france-veut-mettre-en-place-deux-fichiers-recensant-les-malades-1907426.html\" target=\"_blank\" rel=\"noopener noreferrer\">deux super fichiers<\/a> act\u00e9s par la loi de prolongation de l\u2019\u00e9tat d\u2019urgence sanitaire : le SI-DEP (syst\u00e8me d\u2019information national de d\u00e9pistage populationnel) qui regroupe les donn\u00e9es des laboratoires et le Contact-Covid qui rassemble les enqu\u00eates \u00e9pid\u00e9miologiques r\u00e9alis\u00e9es par les brigades sanitaires.\u00a0<br \/>Comme l\u2019explique un document du minist\u00e8re de la Sant\u00e9 et des Solidarit\u00e9s que Mediapart a pu consulter, l\u2019un des buts du SI-DEP sera en effet de\u00a0\u00ab\u00a0permettre une r\u00e9utilisation des donn\u00e9es homog\u00e8nes et de qualit\u00e9 pour la recherche\u00a0\u00bb.\u00a0\u00ab<em>\u00a0Dans le cadre du <\/em>Health Data Hub\u00a0\u00bb, cette r\u00e9utilisation se fera\u00a0\u00ab\u00a0<em>avec un cha\u00eenage avec les autres donn\u00e9es du SNDS<\/em>\u00a0\u00bb. L&rsquo;ampleur du volume de donn\u00e9es et des croisements potentiels donnent le tournis.\u00a0<\/p>\n<figure class=\"figure text-center\"><img decoding=\"async\" class=\"article-img img-responsive-l\" src=\"https:\/\/img.bfmtv.com\/c\/0\/708\/333\/58988865389a15d16753b3033d1b9.png\" alt=\"\"\/><figcaption class=\"figure-caption figcaption color-txt-0 title-xs hidden-xs\"\/><\/figure>\n<p>Ces dispositifs permettront de faire parler les donn\u00e9es de sant\u00e9 pour\u00a0lutter plus efficacement contre la pand\u00e9mie.\u00a0<\/p>\n<blockquote>\n<p>\u00ab\u00a0<em>Les outils num\u00e9riques peuvent \u00eatre une aide \u00e0 la gestion de cette crise sanitaire<\/em>\u00a0\u00bb, assure St\u00e9phanie Combes, cheffe de projet\u00a0du Health Data Hub \u00e0 <em>M\u00e9diapart<\/em>. \u00ab<em>\u00a0On pourra <\/em>[\u2026] <em>plus facilement \u00e9valuer l\u2019efficacit\u00e9 des traitements gr\u00e2ce \u00e0 ce qu\u2019on appelle des \u201cessais virtuels\u201d, les \u201cdonn\u00e9es de vie r\u00e9elle\u201d qui, crois\u00e9es avec les donn\u00e9es pathologiques, permettront de comprendre dans quels cas le virus se d\u00e9veloppe et donc de mieux suivre les patients \u00e0 risque\u00a0<\/em>\u00bb, d\u00e9taille-t-elle encore au site d&rsquo;investigation.\u00a0<\/p>\n<\/blockquote>\n<h3 style=\"color:#333; font-family:arial,helvetica,sans-serif; font-size:23px; font-weight:700\">Un avis mitig\u00e9 de la Cnil<\/h3>\n<p>Si la pand\u00e9mie acc\u00e9l\u00e8re le mouvement, le principe de Health Data Hub reste inchang\u00e9&#8230; et les critiques restent les m\u00eames.\u00a0Instaur\u00e9e par la loi sant\u00e9 du 24 juillet 2019, la plate-forme a pour vocation de remplacer totalement le SNDS.\u00a0Dans un <a href=\"https:\/\/www.legifrance.gouv.fr\/affichCnil.do?oldAction=rechExpCnil&amp;id=CNILTEXT000038142154&amp;fastReqId=177029739&amp;fastPos=1\" target=\"_blank\" rel=\"noopener noreferrer\">avis rendu<\/a> \u00e0 la suite de cette loi sant\u00e9, la Cnil\u00a0soulignait\u00a0:\u00a0<\/p>\n<blockquote>\n<p>\u00ab <em>Au-del\u00e0 d\u2019un simple \u00e9largissement, cette \u00e9volution change la dimension m\u00eame du SNDS, qui viserait \u00e0 contenir ainsi l\u2019ensemble des donn\u00e9es m\u00e9dicales donnant lieu \u00e0 remboursement\u00a0<\/em>\u00bb.\u00a0<\/p>\n<\/blockquote>\n<p>G\u00e9r\u00e9 par un groupement d\u2019int\u00e9r\u00eat public (GIP) charg\u00e9 d\u2019administrer l\u2019ouverture des donn\u00e9es \u00e0 des acteurs ext\u00e9rieurs, le <em>Health Data Hub<\/em>\u00a0permet \u00e9galement\u00a0aux entreprises priv\u00e9es d&rsquo;avoir acc\u00e8s aux donn\u00e9es pour un\u00a0\u00ab\u00a0motif d\u2019int\u00e9r\u00eat public\u00a0\u00bb. En 2019, cela\u00a0inqui\u00e9tait d\u00e9j\u00e0\u00a0la Cnil, d&rsquo;autant plus que l&rsquo;h\u00e9bergement de <a href=\"https:\/\/www.mediapart.fr\/journal\/france\/110320\/donnees-de-sante-l-etat-accuse-de-favoritisme-au-profit-de-microsoft\" target=\"_blank\" rel=\"noopener noreferrer\">la plate-forme\u00a0a \u00e9t\u00e9\u00a0attribu\u00e9 sans appel d&rsquo;offres \u00e0\u00a0Microsoft<\/a>, au mois de mars dernier.\u00a0<\/p>\n<h3 style=\"color:#333; font-family:arial,helvetica,sans-serif; font-size:23px; font-weight:700\">Microsoft\u00a0comme cheval de Troie ?\u00a0<\/h3>\n<p>Prise de court,\u00a0la Cnil\u00a0a durci le ton. Jeudi 23 avril,\u00a0le gendarme des donn\u00e9es personnelles a publi\u00e9 un avis [<a href=\"https:\/\/www.cnil.fr\/sites\/default\/files\/atoms\/files\/deliberation_du_20_avril_2020_portant_avis_sur_projet_darrete_relatif_a_lorganisation_du_systeme_de_sante.pdf\" target=\"_blank\" rel=\"noopener noreferrer\">PDF<\/a>] qui met l&rsquo;accent sur de nombreuses inqui\u00e9tudes.<\/p>\n<p>Au premier rang desquelles : le contrat qui lit le\u00a0Health Data Hub \u00e0 Microsoft. S&rsquo;il est bien pr\u00e9cis\u00e9 que\u00a0la localisation des donn\u00e9es\u00a0est pr\u00e9vue par d\u00e9faut au sein de l&rsquo;UE, elle \u00ab<em>\u00a0ne s\u2019applique qu\u2019aux donn\u00e9es \u201cau repos\u201d, alors m\u00eame que le contrat mentionne l\u2019existence de transferts de donn\u00e9es en dehors de l\u2019Union europ\u00e9enne dans le cadre du fonctionnement courant de la plate-forme, notamment pour les op\u00e9rations de maintenance ou de r\u00e9solution d\u2019incident\u00a0<\/em>\u00bb.\u00a0<\/p>\n<p>Or,\u00a0les autorit\u00e9s \u00e9tasuniennes\u00a0peuvent contraindre les entreprises nationales comme Microsoft \u00e0 leur fournir les donn\u00e9es qu&rsquo;elle h\u00e9bergent. C&rsquo;est pourquoi la Cnil s&rsquo;alarme de\u00a0\u00ab [\u2026] <em>l\u2019acc\u00e8s par les autorit\u00e9s des \u00c9tats-Unis aux donn\u00e9es transf\u00e9r\u00e9es aux \u00c9tats-Unis, plus particuli\u00e8rement la collecte et l\u2019acc\u00e8s aux donn\u00e9es personnelles \u00e0 des fins de s\u00e9curit\u00e9 nationale<\/em>\u00a0\u00bb, en vertu du <em>Foreign Intelligence Surveillance Act<\/em> de 1978 et du <em>Cloud Act<\/em>\u00a0de 2018. La Commission rappelle n\u00e9anmoins que cette question fait d\u2019ailleurs l\u2019objet actuellement d\u2019une proc\u00e9dure\u00a0\u00ab\u00a0<em>soumise\u00a0\u00e0 la Cour de justice de l\u2019Union europ\u00e9enne<\/em>\u00a0\u00bb\u00a0et qu\u2019\u00ab\u00a0<em>un arr\u00eat de la Cour dans cette affaire est attendu dans les mois qui viennent\u00a0<\/em>\u00bb.<\/p>\n<aside class=\"bg-color-0 padding-inside-all-s bloc border-s\">\n<h4 class=\"box-txt-normal\">\n<p><strong>\u00c0 d\u00e9couvrir aussi en vid\u00e9o\u00a0<\/strong><\/p>\n<\/h4>\n<\/aside>\n<h3 style=\"color:#333; font-family:arial,helvetica,sans-serif; font-size:23px; font-weight:700\">Donn\u00e9es stock\u00e9es jusqu&rsquo;au 10 juillet<\/h3>\n<p>De son c\u00f4t\u00e9, le\u00a0gouvernement se veut rassurant. Toujours interrog\u00e9e par <em>M\u00e9diapart<\/em>, St\u00e9phanie Combes regrette que ces informations du contrat aient \u00e9t\u00e9 \u00ab\u00a0<em>d\u00e9tourn\u00e9es<\/em>\u00a0\u00bb et assure que les donn\u00e9es resteront sur le territoire fran\u00e7ais. La cheffe de projet du <em>Health Data Hub<\/em>\u00a0explique \u00e9galement que le d\u00e9ploiement \u00e9t\u00e9 de toute fa\u00e7on pr\u00e9vu pour le mois de juin, et qu&rsquo;il ne s&rsquo;agit que de \u00ab quelques semaines d\u2019avance \u00bb.\u00a0<\/p>\n<p>Cependant, le <em>Health Data Hub<\/em> et la Cnil\u00a0sont d\u2019accord sur un point\u00a0: la dur\u00e9e de conservation des donn\u00e9es.\u00a0Elles ne pourront \u00eatre gard\u00e9es que pendant la p\u00e9riode de l\u2019\u00e9tat d\u2019urgence sanitaire -seulement\u00a0jusqu\u2019au 10 juillet 2020. Apr\u00e8s cela, elles seront d\u00e9truites.\u00a0Mais, la liste des points d&rsquo;achoppement point\u00e9s par la Cnil est longue : le chiffrement des donn\u00e9es qui ne serait pas garanti,\u00a0le manque d\u2019encadrement des proc\u00e9dures d\u2019acc\u00e8s des administrateurs de la plate-forme ou encore l\u2019effectivit\u00e9 du blocage de toute possibilit\u00e9 d\u2019exportation des donn\u00e9es.\u00a0<\/p>\n<h3 style=\"color:#333; font-family:arial,helvetica,sans-serif; font-size:23px; font-weight:700\">Le poids des r\u00e9sistances<\/h3>\n<p>La Cnil n&rsquo;est pas la seule pr\u00e9occup\u00e9e. \u00c0 la suite du d\u00e9cret, le collectif <a href=\"https:\/\/interhop.org\/le-gouvernement-contraint-les-hopitaux-a-abandonner-vos-donnees-chez-microsoft\/\" target=\"_blank\" rel=\"noopener noreferrer\">Interhop<\/a> a lanc\u00e9 une p\u00e9tition pour alerter sur ce qu&rsquo;ils jugent \u00eatre un \u00ab abandon \u00bb de nos donn\u00e9es chez Microsoft. Les rangs de l&rsquo;opposition \u00e0 ce projet s&rsquo;\u00e9toffent\u00a0et le gouvernement aurait tort de sous-estimer\u00a0le poids de ces r\u00e9sistances.\u00a0<\/p>\n<blockquote>\n<p>\u00ab\u00a0<em>Il y a le texte et il y a ce qu\u2019en font les acteurs. Penser qu\u2019un arr\u00eat\u00e9 peut changer les pratiques du monde m\u00e9dical, c\u2019est ignorer \u00e0 quel point celui-ci est structur\u00e9 par des \u00e9lites, voire des baronnies, locales ou th\u00e9matiques, avec une culture tr\u00e8s forte de l\u2019opposition. C\u2019est un corps qui ne se laisse pas facilement dicter ce qu\u2019il doit faire\u00a0<\/em>\u00bb, explique\u00a0Catherine Bourgain, chercheuse en g\u00e9n\u00e9tique humaine et sociologie des sciences \u00e0 l\u2019Institut national de la sant\u00e9 et de la recherche m\u00e9dicale (Inserm) dans les colonnes de <em>M\u00e9diapart<\/em>.\u00a0<\/p>\n<\/blockquote>\n<p><strong>Source<\/strong> : <a href=\"https:\/\/www.mediapart.fr\/journal\/france\/080520\/la-cnil-s-inquiete-d-un-possible-transfert-de-nos-donnees-de-sante-aux-etats-unis?utm_source=article_offert&amp;utm_medium=email&amp;utm_campaign=TRANSAC&amp;utm_content=&amp;utm_term=&amp;xtor=EPR-1013-%5Barticle-offert%5D&amp;M_BT=1528646233104\" target=\"_blank\" rel=\"noopener noreferrer\">M\u00e9diapart<\/a><\/p>\n<\/p><\/div>\n<p><script>\n         !function(f,b,e,v,n,t,s){if(f.fbq)return;n=f.fbq=function()\n         {n.callMethod? n.callMethod.apply(n,arguments):n.queue.push(arguments)}\n         ;if(!f._fbq)f._fbq=n;\n             n.push=n;n.loaded=!0;n.version='2.0';n.queue=[];t=b.createElement(e);t.async=!0;\n             t.src=v;s=b.getElementsByTagName(e)[0];s.parentNode.insertBefore(t,s)}(window,\n                 document,'script','https:\/\/connect.facebook.net\/en_US\/fbevents.js');\n         fbq('init', '1065890633454496');\n         fbq('track', 'PageView');\n     <\/script><br \/>\n<br \/>[ad_2]<br \/>\n<br \/><a href=\"https:\/\/www.01net.com\/actualites\/health-data-hub-nos-donnees-de-sante-vont-elles-etre-livrees-aux-americains-1913351.html\">Source link <\/a><\/p>\n","protected":false},"excerpt":{"rendered":"<p>[ad_1] L&rsquo;\u00e9tat d&rsquo;urgence sanitaire prolong\u00e9 a permis au gouvernement de passer en force son\u00a0Health Data Hub. Au nom de cet &hellip; <a href=\"http:\/\/www.affinite.fr\/index.php\/2020\/05\/14\/nos-donnees-de-sante-vont-elles-etre-livrees-aux-americains\/\" class=\"more-link\">Plus <span class=\"screen-reader-text\">nos donn\u00e9es de sant\u00e9 vont-elles \u00eatre livr\u00e9es aux Am\u00e9ricains ?<\/span> <span class=\"meta-nav\">&rarr;<\/span><\/a><\/p>\n","protected":false},"author":1,"featured_media":2867,"comment_status":"open","ping_status":"open","sticky":false,"template":"","format":"standard","meta":{"_sitemap_exclude":false,"_sitemap_priority":"","_sitemap_frequency":"","footnotes":""},"categories":[1],"tags":[],"class_list":["post-2866","post","type-post","status-publish","format-standard","has-post-thumbnail","hentry","category-tous"],"_links":{"self":[{"href":"http:\/\/www.affinite.fr\/index.php\/wp-json\/wp\/v2\/posts\/2866"}],"collection":[{"href":"http:\/\/www.affinite.fr\/index.php\/wp-json\/wp\/v2\/posts"}],"about":[{"href":"http:\/\/www.affinite.fr\/index.php\/wp-json\/wp\/v2\/types\/post"}],"author":[{"embeddable":true,"href":"http:\/\/www.affinite.fr\/index.php\/wp-json\/wp\/v2\/users\/1"}],"replies":[{"embeddable":true,"href":"http:\/\/www.affinite.fr\/index.php\/wp-json\/wp\/v2\/comments?post=2866"}],"version-history":[{"count":0,"href":"http:\/\/www.affinite.fr\/index.php\/wp-json\/wp\/v2\/posts\/2866\/revisions"}],"wp:featuredmedia":[{"embeddable":true,"href":"http:\/\/www.affinite.fr\/index.php\/wp-json\/wp\/v2\/media\/2867"}],"wp:attachment":[{"href":"http:\/\/www.affinite.fr\/index.php\/wp-json\/wp\/v2\/media?parent=2866"}],"wp:term":[{"taxonomy":"category","embeddable":true,"href":"http:\/\/www.affinite.fr\/index.php\/wp-json\/wp\/v2\/categories?post=2866"},{"taxonomy":"post_tag","embeddable":true,"href":"http:\/\/www.affinite.fr\/index.php\/wp-json\/wp\/v2\/tags?post=2866"}],"curies":[{"name":"wp","href":"https:\/\/api.w.org\/{rel}","templated":true}]}}