{"id":2864,"date":"2020-05-14T04:35:12","date_gmt":"2020-05-14T04:35:12","guid":{"rendered":"https:\/\/www.affinite.fr\/index.php\/2020\/05\/14\/la-mustang-mach-e-premiere-voiture-100-electrique-de-ford-se-mettra-a-jour-a-distance\/"},"modified":"2020-05-14T04:35:12","modified_gmt":"2020-05-14T04:35:12","slug":"la-mustang-mach-e-premiere-voiture-100-electrique-de-ford-se-mettra-a-jour-a-distance","status":"publish","type":"post","link":"http:\/\/www.affinite.fr\/index.php\/2020\/05\/14\/la-mustang-mach-e-premiere-voiture-100-electrique-de-ford-se-mettra-a-jour-a-distance\/","title":{"rendered":"La Mustang Mach-E, premi\u00e8re voiture 100% \u00e9lectrique de Ford, se mettra \u00e0 jour \u00e0 distance"},"content":{"rendered":"<p> [ad_1]<br \/>\n<br \/><img decoding=\"async\" src=\"https:\/\/img.bfmtv.com\/i\/0\/0\/0a3048b\/54acc4517823d6a28ab8d335e.jpg\" \/><\/p>\n<div itemprop=\"articleBody\">\n<p>D\u00e9cid\u00e9ment, la premi\u00e8re voiture \u00e9lectrique de Ford ne sera pas une Mustang comme les autres. En plus d\u2019adopter un style de SUV, elle sera bien plus connect\u00e9e que les mod\u00e8les pr\u00e9c\u00e9dents mais aussi que tous les autres v\u00e9hicules du constructeur. En effet, <a href=\"https:\/\/www.01net.com\/actualites\/mustang-mach-e-ford-transforme-son-joyau-en-suv-100percent-electrique-1807747.html\" target=\"_blank\" rel=\"noopener noreferrer\">la Mach-E<\/a> s\u2019appuiera sur le syst\u00e8me SYNC pour \u00e9voluer, que ce soit d\u2019un point de vue des fonctionnalit\u00e9s du syst\u00e8me d\u2019infodivertissement ou des performances. Ford pr\u00e9cise que tous les modules informatiques de sa voiture peuvent \u00eatre mis \u00e0 jour \u00e0 distance ce qui ouvre la porte \u00e0 des optimisations sur le comportement routier de la Mach-E et donc \u00e0 l\u2019am\u00e9lioration de ses performances.<\/p>\n<h3 style=\"color:#333; font-family:arial,helvetica,sans-serif; font-size:23px; font-weight:700\">Programmer les mises \u00e0 jour de sa voiture<\/h3>\n<p>\u00ab <em>La beaut\u00e9 de la Mustang\u00a0Mach-E\u00a0et ce que nos clients vivent le premier jour n&rsquo;est qu&rsquo;un d\u00e9but &#8211; elle \u00e9voluera pour ajouter encore plus de fonctionnalit\u00e9s et de capacit\u00e9s au fil du temps. Notre syst\u00e8me intelligent de mises \u00e0 jour\u00a0\u00e0\u00a0distance\u00a0ultra-rapides permet de s&rsquo;assurer que votre Mustang\u00a0Mach-E\u00a0peut sans cesse s&rsquo;am\u00e9liorer, m\u00eame lorsque vous dormez<\/em>\u00a0\u00bb, explique John Vangelov, responsable des services connect\u00e9s chez Ford.<\/p>\n<p>\n            <iframe loading=\"lazy\" width=\"560\" height=\"315\" src=\"https:\/\/www.youtube.com\/embed\/c375T_AjrxM\" frameborder=\"0\" allow=\"accelerometer; autoplay; encrypted-media; gyroscope; picture-in-picture\" allowfullscreen=\"\"><\/iframe>\n    <\/p>\n<p>Concr\u00e8tement, ces mises \u00e0 jour ne n\u00e9cessiteront pas la mise \u00e0 l\u2019arr\u00eat prolong\u00e9e ou le red\u00e9marrage du v\u00e9hicule. Ford dispose d\u2019une plate-forme qui autorise des mises \u00e0 jour en arri\u00e8re plan et laisse la possibilit\u00e9 au propri\u00e9taire de la voiture de choisir le meilleur moment pour l\u2019installer. Le constructeur am\u00e9ricain pr\u00e9cise que dans la majorit\u00e9 des cas, ce processus ne prend pas plus de deux minutes. Bien \u00e9videmment, l\u2019utilisateur d\u2019une Mach-E pourra choisir de programmer la totalit\u00e9 des update \u00e0 venir \u00e0 une heure r\u00e9guli\u00e8re (en pleine nuit par exemple) et laisser le processus se r\u00e9aliser sans son intervention.\u00a0<\/p>\n<aside class=\"bg-color-0 padding-inside-all-s bloc border-s\">\n<h4 class=\"box-txt-normal\">\n<p><strong>\u00c0 d\u00e9couvrir aussi en vid\u00e9o :<\/strong><\/p>\n<\/h4>\n<\/aside>\n<p>Enfin, les mises \u00e0 jour se feront en OTA (Over the air), en Wi-Fi ou en 4G, \u00e0 l\u2019image de ce que la plupart des utilisateurs connaissent sur leurs smartphones ou leurs tablettes. Ce syst\u00e8me de mise \u00e0 jour assez proche de ce que propose <a href=\"https:\/\/www.01net.com\/actualites\/tesla-une-mise-a-jour-de-performance-et-deux-fonctionnalites-surprise-1795260.html\" target=\"_blank\" rel=\"noopener noreferrer\">Tesla sur son OS<\/a> sera accessible d\u00e8s le lancement de la Mach-E, c\u2019est \u00e0 dire d\u2019ici la fin 2020. Ford pr\u00e9voit d\u2019ailleurs plusieurs update dans les six premiers mois de commercialisation de sa premi\u00e8re voiture 100% \u00e9lectrique.<\/p>\n<\/p><\/div>\n<p><script>\n         !function(f,b,e,v,n,t,s){if(f.fbq)return;n=f.fbq=function()\n         {n.callMethod? n.callMethod.apply(n,arguments):n.queue.push(arguments)}\n         ;if(!f._fbq)f._fbq=n;\n             n.push=n;n.loaded=!0;n.version='2.0';n.queue=[];t=b.createElement(e);t.async=!0;\n             t.src=v;s=b.getElementsByTagName(e)[0];s.parentNode.insertBefore(t,s)}(window,\n                 document,'script','https:\/\/connect.facebook.net\/en_US\/fbevents.js');\n         fbq('init', '1065890633454496');\n         fbq('track', 'PageView');\n     <\/script><br \/>\n<br \/>[ad_2]<br \/>\n<br \/><a href=\"https:\/\/www.01net.com\/actualites\/la-mustang-mach-e-premiere-voiture-100percent-electrique-de-ford-se-mettra-a-jour-a-distance-1913169.html\">Source link <\/a><\/p>\n","protected":false},"excerpt":{"rendered":"<p>[ad_1] D\u00e9cid\u00e9ment, la premi\u00e8re voiture \u00e9lectrique de Ford ne sera pas une Mustang comme les autres. En plus d\u2019adopter un &hellip; <a href=\"http:\/\/www.affinite.fr\/index.php\/2020\/05\/14\/la-mustang-mach-e-premiere-voiture-100-electrique-de-ford-se-mettra-a-jour-a-distance\/\" class=\"more-link\">Plus <span class=\"screen-reader-text\">La Mustang Mach-E, premi\u00e8re voiture 100% \u00e9lectrique de Ford, se mettra \u00e0 jour \u00e0 distance<\/span> <span class=\"meta-nav\">&rarr;<\/span><\/a><\/p>\n","protected":false},"author":1,"featured_media":2865,"comment_status":"open","ping_status":"open","sticky":false,"template":"","format":"standard","meta":{"_sitemap_exclude":false,"_sitemap_priority":"","_sitemap_frequency":"","footnotes":""},"categories":[1],"tags":[],"class_list":["post-2864","post","type-post","status-publish","format-standard","has-post-thumbnail","hentry","category-tous"],"_links":{"self":[{"href":"http:\/\/www.affinite.fr\/index.php\/wp-json\/wp\/v2\/posts\/2864"}],"collection":[{"href":"http:\/\/www.affinite.fr\/index.php\/wp-json\/wp\/v2\/posts"}],"about":[{"href":"http:\/\/www.affinite.fr\/index.php\/wp-json\/wp\/v2\/types\/post"}],"author":[{"embeddable":true,"href":"http:\/\/www.affinite.fr\/index.php\/wp-json\/wp\/v2\/users\/1"}],"replies":[{"embeddable":true,"href":"http:\/\/www.affinite.fr\/index.php\/wp-json\/wp\/v2\/comments?post=2864"}],"version-history":[{"count":0,"href":"http:\/\/www.affinite.fr\/index.php\/wp-json\/wp\/v2\/posts\/2864\/revisions"}],"wp:featuredmedia":[{"embeddable":true,"href":"http:\/\/www.affinite.fr\/index.php\/wp-json\/wp\/v2\/media\/2865"}],"wp:attachment":[{"href":"http:\/\/www.affinite.fr\/index.php\/wp-json\/wp\/v2\/media?parent=2864"}],"wp:term":[{"taxonomy":"category","embeddable":true,"href":"http:\/\/www.affinite.fr\/index.php\/wp-json\/wp\/v2\/categories?post=2864"},{"taxonomy":"post_tag","embeddable":true,"href":"http:\/\/www.affinite.fr\/index.php\/wp-json\/wp\/v2\/tags?post=2864"}],"curies":[{"name":"wp","href":"https:\/\/api.w.org\/{rel}","templated":true}]}}