{"id":2862,"date":"2020-05-14T03:34:21","date_gmt":"2020-05-14T03:34:21","guid":{"rendered":"https:\/\/www.affinite.fr\/index.php\/2020\/05\/14\/200-euros-de-remise-sur-le-velo-electrique-velair-city\/"},"modified":"2020-05-14T03:34:21","modified_gmt":"2020-05-14T03:34:21","slug":"200-euros-de-remise-sur-le-velo-electrique-velair-city","status":"publish","type":"post","link":"http:\/\/www.affinite.fr\/index.php\/2020\/05\/14\/200-euros-de-remise-sur-le-velo-electrique-velair-city\/","title":{"rendered":"200 euros de remise sur le v\u00e9lo \u00e9lectrique Velair City"},"content":{"rendered":"<p> [ad_1]<br \/>\n<br \/><img decoding=\"async\" src=\"https:\/\/img.bfmtv.com\/i\/0\/0\/318\/dc27025c1214c9ee3209c7a68016e.jpg\" \/><\/p>\n<div itemprop=\"articleBody\">\n<p>Pour \u00e9viter les transports en commun pendant le d\u00e9confinement, achetez un v\u00e9lo \u00e0 assistance \u00e9lectrique (VAE). Darty propose actuellement le\u00a0Velair city \u00e0 <a href=\"https:\/\/www.awin1.com\/cread.php?awinmid=7735&amp;awinaffid=304019&amp;clickref=&amp;p=https%3A%2F%2Fwww.darty.com%2Fnav%2Fselection%2Fs49-velair.html\" target=\"_blank\" rel=\"noopener noreferrer\">890 euros au lieu de 1090 euros<\/a>.<\/p>\n<p>Ce mod\u00e8le de ville p\u00e8se 25 kg. Il offre une vitesse maximale de 25 km\/h et une autonomie jusqu&rsquo;\u00e0 70 km. Il dispose d&rsquo;un moteur de 250 W, d&rsquo;une batterie LG 36 V\/10400 mAh et d&rsquo;un d\u00e9railleur Shimano 7S \u00e0 7 vitesses.<\/p>\n<p><a href=\"https:\/\/www.awin1.com\/cread.php?awinmid=7735&amp;awinaffid=304019&amp;clickref=&amp;p=https%3A%2F%2Fwww.darty.com%2Fnav%2Fselection%2Fs49-velair.html\" target=\"_blank\" rel=\"noopener noreferrer\">Retrouvez ici cette offre de Darty.<\/a><\/p>\n<aside class=\"bg-color-0 padding-inside-all-s bloc border-s\">\n<h4 class=\"box-txt-normal\">\n<p><strong>A d\u00e9couvrir aussi en vid\u00e9o :<\/strong><\/p>\n<\/h4>\n<\/aside>\n<p>Les promotions mentionn\u00e9es dans cet article peuvent \u00eatre \u00e9ph\u00e9m\u00e8res et ne plus \u00eatre valables apr\u00e8s la date de parution de l\u2019article.<\/p>\n<p><a href=\"https:\/\/www.01net.com\/bons-plans\/\">Retrouvez tous les bons plans high-tech s\u00e9lectionn\u00e9s par 01net.com sur notre page d\u00e9di\u00e9e.<\/a><\/p>\n<p><em>Cet article est une s\u00e9lection r\u00e9alis\u00e9e par l\u2019\u00e9quipe de 01net.com, en toute ind\u00e9pendance. Il est toutefois possible que ce contenu propose un lien d\u2019affiliation. Si vous cliquez sur ce lien, l\u2019e-commer\u00e7ant peut nous reverser une commission. Pour vous, rien ne change !<\/em><\/p>\n<\/p><\/div>\n<p><script>\n         !function(f,b,e,v,n,t,s){if(f.fbq)return;n=f.fbq=function()\n         {n.callMethod? n.callMethod.apply(n,arguments):n.queue.push(arguments)}\n         ;if(!f._fbq)f._fbq=n;\n             n.push=n;n.loaded=!0;n.version='2.0';n.queue=[];t=b.createElement(e);t.async=!0;\n             t.src=v;s=b.getElementsByTagName(e)[0];s.parentNode.insertBefore(t,s)}(window,\n                 document,'script','https:\/\/connect.facebook.net\/en_US\/fbevents.js');\n         fbq('init', '1065890633454496');\n         fbq('track', 'PageView');\n     <\/script><br \/>\n<br \/>[ad_2]<br \/>\n<br \/><a href=\"https:\/\/www.01net.com\/actualites\/bon-plan-darty-200-euros-de-remise-sur-le-velo-electrique-velair-city-1913196.html\">Source link <\/a><\/p>\n","protected":false},"excerpt":{"rendered":"<p>[ad_1] Pour \u00e9viter les transports en commun pendant le d\u00e9confinement, achetez un v\u00e9lo \u00e0 assistance \u00e9lectrique (VAE). Darty propose actuellement &hellip; <a href=\"http:\/\/www.affinite.fr\/index.php\/2020\/05\/14\/200-euros-de-remise-sur-le-velo-electrique-velair-city\/\" class=\"more-link\">Plus <span class=\"screen-reader-text\">200 euros de remise sur le v\u00e9lo \u00e9lectrique Velair City<\/span> <span class=\"meta-nav\">&rarr;<\/span><\/a><\/p>\n","protected":false},"author":1,"featured_media":2863,"comment_status":"open","ping_status":"open","sticky":false,"template":"","format":"standard","meta":{"_sitemap_exclude":false,"_sitemap_priority":"","_sitemap_frequency":"","footnotes":""},"categories":[1],"tags":[],"class_list":["post-2862","post","type-post","status-publish","format-standard","has-post-thumbnail","hentry","category-tous"],"_links":{"self":[{"href":"http:\/\/www.affinite.fr\/index.php\/wp-json\/wp\/v2\/posts\/2862"}],"collection":[{"href":"http:\/\/www.affinite.fr\/index.php\/wp-json\/wp\/v2\/posts"}],"about":[{"href":"http:\/\/www.affinite.fr\/index.php\/wp-json\/wp\/v2\/types\/post"}],"author":[{"embeddable":true,"href":"http:\/\/www.affinite.fr\/index.php\/wp-json\/wp\/v2\/users\/1"}],"replies":[{"embeddable":true,"href":"http:\/\/www.affinite.fr\/index.php\/wp-json\/wp\/v2\/comments?post=2862"}],"version-history":[{"count":0,"href":"http:\/\/www.affinite.fr\/index.php\/wp-json\/wp\/v2\/posts\/2862\/revisions"}],"wp:featuredmedia":[{"embeddable":true,"href":"http:\/\/www.affinite.fr\/index.php\/wp-json\/wp\/v2\/media\/2863"}],"wp:attachment":[{"href":"http:\/\/www.affinite.fr\/index.php\/wp-json\/wp\/v2\/media?parent=2862"}],"wp:term":[{"taxonomy":"category","embeddable":true,"href":"http:\/\/www.affinite.fr\/index.php\/wp-json\/wp\/v2\/categories?post=2862"},{"taxonomy":"post_tag","embeddable":true,"href":"http:\/\/www.affinite.fr\/index.php\/wp-json\/wp\/v2\/tags?post=2862"}],"curies":[{"name":"wp","href":"https:\/\/api.w.org\/{rel}","templated":true}]}}