{"id":2860,"date":"2020-05-14T02:31:16","date_gmt":"2020-05-14T02:31:16","guid":{"rendered":"https:\/\/www.affinite.fr\/index.php\/2020\/05\/14\/nvidia-tease-larrivee-de-ses-nouvelles-puces-3d-ampere-de-maniere-originale\/"},"modified":"2020-05-14T02:31:16","modified_gmt":"2020-05-14T02:31:16","slug":"nvidia-tease-larrivee-de-ses-nouvelles-puces-3d-ampere-de-maniere-originale","status":"publish","type":"post","link":"http:\/\/www.affinite.fr\/index.php\/2020\/05\/14\/nvidia-tease-larrivee-de-ses-nouvelles-puces-3d-ampere-de-maniere-originale\/","title":{"rendered":"Nvidia tease l&rsquo;arriv\u00e9e de ses nouvelles puces 3D Ampere de mani\u00e8re&#8230; originale"},"content":{"rendered":"<p> [ad_1]<br \/>\n<br \/><img decoding=\"async\" src=\"https:\/\/img.bfmtv.com\/i\/0\/0\/396\/2128f37ee9d03735fc5d79920fb8c.jpg\" \/><\/p>\n<div itemprop=\"articleBody\">\n                Ce n&rsquo;est plus vraiment un secret. Ce jeudi 14 mai, lors de la Graphic Technology Conference, Nvidia devrait annoncer Ampere, sa nouvelle architecture pour plate-forme de d\u00e9veloppement graphique et de recherche en IA. Et, pour nous mettre l&rsquo;eau \u00e0 la bouche, le PDG de Nvidia a publi\u00e9 une vid\u00e9o assez dr\u00f4le sur le compte YouTube de sa soci\u00e9t\u00e9, intitul\u00e9e \u00ab <em>Qu&rsquo;est-ce que Jensen nous a concoct\u00e9 ?<\/em>\u00a0\u00bb.<\/p>\n<p>\n        <iframe loading=\"lazy\" class=\"video-c1ee4e8f5ac58f293ed76c1f36862fbf\" width=\"560\" height=\"315\" src=\"http:\/\/www.youtube.com\/embed\/So7TNRhIYJ8\" frameborder=\"0\" allowfullscreen=\"\"><\/iframe><\/p>\n<p>On peut nettement apercevoir \u00e0 quoi vont ressembler les cartes qui se trouveront dans les serveurs de calcul ou les stations de travail professionnelles. Du lourd, dans tous les sens du terme.<\/p>\n<p>N&rsquo;ayez crainte, il n&rsquo;y a aucune chance qu&rsquo;elles atterrissent sous cette forme dans nos PC, sinon nos bo\u00eetiers ont d&rsquo;ores et d\u00e9j\u00e0 du souci \u00e0 se faire !<\/p>\n<blockquote>\n<p><strong>\u00c0 lire aussi &#8211;<\/strong> <a href=\"https:\/\/www.01net.com\/actualites\/nvidia-geforce-rtx-ou-amd-radeon-rx-quelles-cartes-graphiques-choisir-1774752.html\" target=\"_blank\" rel=\"noopener noreferrer\">Nvidia GeForce RTX ou AMD Radeon RX : quelle carte graphique choisir ?<\/a><\/p>\n<\/blockquote>\n<p>Selon toute probabilit\u00e9, Ampere devrait venir remplacer <a href=\"https:\/\/www.01net.com\/actualites\/nvidia-tesla-v100-pensee-pour-l-ia-cette-puce-surpuissante-est-une-des-plus-grosses-jamais-produites-1161880.html\" target=\"_blank\" rel=\"noopener noreferrer\">Volta<\/a> au sein des structures professionnelles pour \u00eatre, ensuite, d\u00e9clin\u00e9e\u00a0dans une architecture plus \u00ab grand public \u00bb.<\/p>\n<aside class=\"bg-color-0 padding-inside-all-s bloc border-s\">\n<h4 class=\"box-txt-normal\">\n<p><strong>\u00c0 d\u00e9couvrir aussi en vid\u00e9o :<\/strong><\/p>\n<\/h4>\n<\/aside>\n<p>                Nvidia avait d\u00e9j\u00e0 proc\u00e9d\u00e9 de la sorte en transformant Volta en <a href=\"https:\/\/www.01net.com\/actualites\/geforce-rtx-la-nouvelle-architecture-nvidia-turing-passee-au-crible-1523026.html\" target=\"_blank\" rel=\"noopener noreferrer\">Turing<\/a> pour les cartes graphiques RTX grand public sorties il y a presque deux ans. Elles ont d&rsquo;ailleurs r\u00e9cemment \u00e9t\u00e9 remises au go\u00fbt du jour avec les mod\u00e8les Super \u00e0 la fois dans nos <a href=\"https:\/\/www.01net.com\/actualites\/nvidia-officialise-trois-nouvelles-cartes-graphiques-les-geforce-rtx-2060-2070-et-2080-super-1724166.html\" target=\"_blank\" rel=\"noopener noreferrer\">PC de bureau<\/a> et <a href=\"https:\/\/www.01net.com\/actualites\/nvidia-adapte-deux-geforce-rtx-super-aux-pc-portables-pour-joueurs-1886259.html\" target=\"_blank\" rel=\"noopener noreferrer\">portables de gaming<\/a>.<\/p>\n<p>Mais, pour en avoir le c\u0153ur net et d\u00e9couvrir ce que Nvidia nous r\u00e9serve pour les ann\u00e9es \u00e0 venir, nous suivrons avec int\u00e9r\u00eat la conf\u00e9rence de la GTC de demain. D&rsquo;ailleurs, elle sera publique et diffus\u00e9e sur le compte YouTube de Nvidia, \u00e0 partir de 15 heures, heure de Paris.<\/p>\n<\/div>\n<p><script>\n         !function(f,b,e,v,n,t,s){if(f.fbq)return;n=f.fbq=function()\n         {n.callMethod? n.callMethod.apply(n,arguments):n.queue.push(arguments)}\n         ;if(!f._fbq)f._fbq=n;\n             n.push=n;n.loaded=!0;n.version='2.0';n.queue=[];t=b.createElement(e);t.async=!0;\n             t.src=v;s=b.getElementsByTagName(e)[0];s.parentNode.insertBefore(t,s)}(window,\n                 document,'script','https:\/\/connect.facebook.net\/en_US\/fbevents.js');\n         fbq('init', '1065890633454496');\n         fbq('track', 'PageView');\n     <\/script><br \/>\n<br \/>[ad_2]<br \/>\n<br \/><a href=\"https:\/\/www.01net.com\/actualites\/nvidia-tease-l-arrivee-de-ses-nouvelles-puces-3d-ampere-de-maniere-originale-1913157.html\">Source link <\/a><\/p>\n","protected":false},"excerpt":{"rendered":"<p>[ad_1] Ce n&rsquo;est plus vraiment un secret. Ce jeudi 14 mai, lors de la Graphic Technology Conference, Nvidia devrait annoncer &hellip; <a href=\"http:\/\/www.affinite.fr\/index.php\/2020\/05\/14\/nvidia-tease-larrivee-de-ses-nouvelles-puces-3d-ampere-de-maniere-originale\/\" class=\"more-link\">Plus <span class=\"screen-reader-text\">Nvidia tease l&rsquo;arriv\u00e9e de ses nouvelles puces 3D Ampere de mani\u00e8re&#8230; originale<\/span> <span class=\"meta-nav\">&rarr;<\/span><\/a><\/p>\n","protected":false},"author":1,"featured_media":2861,"comment_status":"open","ping_status":"open","sticky":false,"template":"","format":"standard","meta":{"_sitemap_exclude":false,"_sitemap_priority":"","_sitemap_frequency":"","footnotes":""},"categories":[1],"tags":[],"class_list":["post-2860","post","type-post","status-publish","format-standard","has-post-thumbnail","hentry","category-tous"],"_links":{"self":[{"href":"http:\/\/www.affinite.fr\/index.php\/wp-json\/wp\/v2\/posts\/2860"}],"collection":[{"href":"http:\/\/www.affinite.fr\/index.php\/wp-json\/wp\/v2\/posts"}],"about":[{"href":"http:\/\/www.affinite.fr\/index.php\/wp-json\/wp\/v2\/types\/post"}],"author":[{"embeddable":true,"href":"http:\/\/www.affinite.fr\/index.php\/wp-json\/wp\/v2\/users\/1"}],"replies":[{"embeddable":true,"href":"http:\/\/www.affinite.fr\/index.php\/wp-json\/wp\/v2\/comments?post=2860"}],"version-history":[{"count":0,"href":"http:\/\/www.affinite.fr\/index.php\/wp-json\/wp\/v2\/posts\/2860\/revisions"}],"wp:featuredmedia":[{"embeddable":true,"href":"http:\/\/www.affinite.fr\/index.php\/wp-json\/wp\/v2\/media\/2861"}],"wp:attachment":[{"href":"http:\/\/www.affinite.fr\/index.php\/wp-json\/wp\/v2\/media?parent=2860"}],"wp:term":[{"taxonomy":"category","embeddable":true,"href":"http:\/\/www.affinite.fr\/index.php\/wp-json\/wp\/v2\/categories?post=2860"},{"taxonomy":"post_tag","embeddable":true,"href":"http:\/\/www.affinite.fr\/index.php\/wp-json\/wp\/v2\/tags?post=2860"}],"curies":[{"name":"wp","href":"https:\/\/api.w.org\/{rel}","templated":true}]}}