{"id":2854,"date":"2020-05-13T23:26:31","date_gmt":"2020-05-13T23:26:31","guid":{"rendered":"https:\/\/www.affinite.fr\/index.php\/2020\/05\/13\/avec-le-xps-17-dell-degaine-le-pc-portable-173-pouces-le-plus-petit-du-monde\/"},"modified":"2020-05-13T23:26:31","modified_gmt":"2020-05-13T23:26:31","slug":"avec-le-xps-17-dell-degaine-le-pc-portable-173-pouces-le-plus-petit-du-monde","status":"publish","type":"post","link":"http:\/\/www.affinite.fr\/index.php\/2020\/05\/13\/avec-le-xps-17-dell-degaine-le-pc-portable-173-pouces-le-plus-petit-du-monde\/","title":{"rendered":"Avec le XPS 17, Dell d\u00e9gaine le PC portable 17,3 pouces le plus petit du monde"},"content":{"rendered":"<p> [ad_1]<br \/>\n<\/p>\n<div itemprop=\"articleBody\">\n<p style=\"color:#333; font-family:arial,helvetica,sans-serif; font-size:18px\">La famille XPS de Dell s&rsquo;agrandit, dans tous les sens du terme. Apr\u00e8s l&rsquo;incomparable mod\u00e8le 13,3 pouces et le tr\u00e8s puissant 15,6 pouces, c&rsquo;est au tour d&rsquo;une d\u00e9clinaison 17,3 pouces de rejoindre\u00a0l&rsquo;\u00e9curie, apr\u00e8s 10 ans d&rsquo;absence.<\/p>\n<p>Terriblement puissant , mais d&rsquo;une finesse in\u00e9gal\u00e9e, il est,\u00a0selon Dell,\u00a0\u00ab <em>le plus petit 17,3 pouces au monde<\/em> \u00bb puisqu&rsquo;il est 48% plus compact que la moyenne des mod\u00e8les concurrents (37,4 x 24,8 cm). De plus, toujours selon le constructeur, la machine conserve une finesse inf\u00e9rieure \u00e0 2 cm. Et pour coller aux standards de la gamme, le bo\u00eetier est enti\u00e8rement con\u00e7u en alliage d&rsquo;aluminium, de magn\u00e9sium et de fibres de carbone.<\/p>\n<figure class=\"figure text-center\"><img decoding=\"async\" class=\"article-img img-responsive-l\" src=\"https:\/\/img.bfmtv.com\/c\/0\/708\/a93\/a3a46d91d47886d9a0a08b6dc8091.jpg\" alt=\"\"\/><figcaption class=\"figure-caption figcaption color-txt-0 title-xs hidden-xs\"\/><\/figure>\n<p>En clair, Dell r\u00e9alise le tour de force de placer une dalle de 17 pouces dans un ch\u00e2ssis de 15,6 pouces. Ou presque. Cet \u00e9cran au format 16:10 respecte aussi les r\u00e8gles esth\u00e9tiques en vigueur dans la famille XPS, avec des bords hyper fins pour une couverture de 93,7% de la surface disponible.<\/p>\n<figure class=\"figure text-center\"><img decoding=\"async\" class=\"article-img img-responsive-l\" src=\"https:\/\/img.bfmtv.com\/c\/0\/708\/3aa\/cddf594b622804927f55d15b4a848.jpg\" alt=\"\"\/><figcaption class=\"figure-caption figcaption color-txt-0 title-xs hidden-xs\"\/><\/figure>\n<p>Suivant les mod\u00e8les, les \u00e9crans afficheront soit de la Full HD+ (1920 par 1200 pixels) soit de la 4K+ (3840 par 2400 pixels).\u00a0Une version tactile sera propos\u00e9e en option\u00a0et les certifications colorim\u00e9triques Adobe RGB, DCI-P3, HDR-400 seront au rendez-vous (UHD+ uniquement).<\/p>\n<p>En mati\u00e8re de connectique, outre la prise jack, le lecteur SD et le<a href=\"https:\/\/www.01net.com\/actualites\/le-wi-fi-6-est-lance-officiellement-aujourd-hui-1768570.html\" target=\"_blank\" rel=\"noopener noreferrer\"> module Wi-Fi 6<\/a>, il faut se contenter de prises USB Type-C\/Thunderbolt 3. Il y en a 4 en tout, pour recharger la batterie ou faire office de sortie vid\u00e9o DisplayPort&#8230; \u00e0 condition d&rsquo;avoir le bon adaptateur. D&rsquo;ailleurs, Dell en <a href=\"http:\/\/www.affinite.fr\/index.php\/2023\/08\/24\/lart-de-la-glace-transforme-en-business-la-vision-unique-de-fabien-gris\/\">livre<\/a> deux, un adaptateur USB Type-C\/USB 3 et un autre, Type-C\/HDMI 2.0.<\/p>\n<h3 style=\"color:#333; font-family:arial,helvetica,sans-serif; font-size:23px; font-weight:700\">De la puissance \u00e0 foison et du gros son<\/h3>\n<p>\u00c0 l&rsquo;int\u00e9rieur de ce tr\u00e8s beau bo\u00eetier, on pourra placer jusqu&rsquo;\u00e0 64 Go de m\u00e9moire vive et le stockage ne se fera\u00a0que sur SSD (jusqu&rsquo;\u00e0 2 To). Pour faire tourner les applis, ce sont des composants Intel et Nvidia qui officient, tous de derni\u00e8re g\u00e9n\u00e9ration. ils sont aliment\u00e9s par une batterie cens\u00e9e offrir jusqu&rsquo;\u00e0 20 heures d&rsquo;autonomie selon les configurations. On prend le pari !<\/p>\n<p>Chez Intel, les puces de <a href=\"https:\/\/www.01net.com\/actualites\/intel-repond-a-amd-en-dopant-la-frequence-de-ses-nouvelles-puces-mobiles-comet-lake-h-1886430.html\" target=\"_blank\" rel=\"noopener noreferrer\">la famille Comet Lake-H<\/a>, annonc\u00e9es il y a quelques semaines sont \u00e0 la man\u0153uvre. Seuls les mod\u00e8les Core i5 et i7 seront propos\u00e9s dans un premier temps. Dell n&rsquo;exclut pas de cr\u00e9er une machine en Core i9, mais pas dans l&rsquo;imm\u00e9diat.<\/p>\n<aside class=\"bg-color-0 padding-inside-all-s bloc border-s\">\n<h4 class=\"box-txt-normal\">\n<p><strong>\u00c0 d\u00e9couvrir aussi en vid\u00e9o :<\/strong><\/p>\n<\/h4>\n<\/aside>\n<p>C\u00f4t\u00e9 Nvidia, le panel de cartes s&rsquo;\u00e9tend de <a href=\"https:\/\/www.01net.com\/actualites\/nvidia-adapte-deux-geforce-rtx-super-aux-pc-portables-pour-joueurs-1886259.html\" target=\"_blank\" rel=\"noopener noreferrer\">la GeForce GTX 1650 Ti \u00e0 la RTX 2060 Max-Q<\/a> pour fournir un maximum de puissance aux cr\u00e9ateurs comme aux joueurs tr\u00e8s occasionnels qui pourraient faire main basse sur cette belle b\u00eate. Les configurations en 2060 sont estampill\u00e9es <a href=\"https:\/\/www.01net.com\/actualites\/computex-2019-nvidia-fait-de-l-oeil-aux-creatifs-1704573.html\" target=\"_blank\" rel=\"noopener noreferrer\">GeForce RTX Studio<\/a>.\u00a0Elles sont donc compatibles avec le pack de pilotes Nvidia taill\u00e9s pour booster les performances de logiciels de retouche et de cr\u00e9ation vid\u00e9o ou 3D compatibles.<\/p>\n<figure class=\"figure text-center\"><img decoding=\"async\" class=\"article-img img-responsive-l\" src=\"https:\/\/img.bfmtv.com\/c\/0\/708\/f8f\/ba97c26c6f03941979d2a1bb39759.jpeg\" alt=\"\"\/><figcaption class=\"figure-caption figcaption color-txt-0 title-xs hidden-xs\"\/><\/figure>\n<blockquote>\n<p><strong>\u00c0 lire aussi &#8211;<\/strong> <a href=\"https:\/\/www.01net.com\/actualites\/dell-xps-13-2020-nos-premieres-impressions-sur-la-nouvelle-edition-du-champion-des-ultraportables-1912520.html\" target=\"_blank\" rel=\"noopener noreferrer\">Dell XPS 13 2020 : nos premi\u00e8res impressions sur la nouvelle \u00e9dition du champion des ultraportables<\/a><\/p>\n<\/blockquote>\n<p>Le tout est refroidi par un syst\u00e8me de conception Dell, reprenant le principe de la chambre \u00e0 vapeur et \u00e9paul\u00e9 par deux ventilateurs pour \u00e9viter tout coup de chaud malencontreux.<\/p>\n<p>Dell a enfin annonc\u00e9 qu&rsquo;un effort avait \u00e9t\u00e9 fait sur la partie audio de son Dell XPS 17, en l&rsquo;\u00e9quipant de 4 bonnes petites enceintes et, surtout, en faisant appel \u00e0 la technologie WavesNx 3D. Elle fournit tout un panel d&rsquo;algorithmes logiciels pour am\u00e9liorer et adapter le contenu audio aux enceintes int\u00e9gr\u00e9es, aux casques filaires ou \u00e0 tout appareil sonore sans-fil connect\u00e9 \u00e0 la machine.<\/p>\n<p>Le nouvel <strong>XPS 17<\/strong> sera disponible d\u00e8s le 11 juin sur le site de Dell, et sera vendu \u00e0 partir de 2000 euros environ.<br \/>De son c\u00f4t\u00e9, le PC portable\u00a0<strong>XPS 15<\/strong> passe en version 2020, adoptant au passage les finitions et les couleurs de ses deux fr\u00e8res. Son jeu de composants \u00e9voluent pour embarquer des processeurs Intel dernier cri et des cartes Max-Q Nvidia (1650 Ti max.). Il sera disponible d\u00e8s le 14 mai sur le site, \u00e0 partir de 1800 euros.<\/p>\n<\/p><\/div>\n<p><script>\n         !function(f,b,e,v,n,t,s){if(f.fbq)return;n=f.fbq=function()\n         {n.callMethod? n.callMethod.apply(n,arguments):n.queue.push(arguments)}\n         ;if(!f._fbq)f._fbq=n;\n             n.push=n;n.loaded=!0;n.version='2.0';n.queue=[];t=b.createElement(e);t.async=!0;\n             t.src=v;s=b.getElementsByTagName(e)[0];s.parentNode.insertBefore(t,s)}(window,\n                 document,'script','https:\/\/connect.facebook.net\/en_US\/fbevents.js');\n         fbq('init', '1065890633454496');\n         fbq('track', 'PageView');\n     <\/script><br \/>\n<br \/>[ad_2]<br \/>\n<br \/><a href=\"https:\/\/www.01net.com\/actualites\/avec-le-xps-17-dell-degaine-le-pc-portable-173-pouces-le-plus-petit-du-monde-1912699.html\">Source link <\/a><\/p>\n","protected":false},"excerpt":{"rendered":"<p>[ad_1] La famille XPS de Dell s&rsquo;agrandit, dans tous les sens du terme. Apr\u00e8s l&rsquo;incomparable mod\u00e8le 13,3 pouces et le &hellip; <a href=\"http:\/\/www.affinite.fr\/index.php\/2020\/05\/13\/avec-le-xps-17-dell-degaine-le-pc-portable-173-pouces-le-plus-petit-du-monde\/\" class=\"more-link\">Plus <span class=\"screen-reader-text\">Avec le XPS 17, Dell d\u00e9gaine le PC portable 17,3 pouces le plus petit du monde<\/span> <span class=\"meta-nav\">&rarr;<\/span><\/a><\/p>\n","protected":false},"author":1,"featured_media":2855,"comment_status":"open","ping_status":"open","sticky":false,"template":"","format":"standard","meta":{"_sitemap_exclude":false,"_sitemap_priority":"","_sitemap_frequency":"","footnotes":""},"categories":[1],"tags":[],"class_list":["post-2854","post","type-post","status-publish","format-standard","has-post-thumbnail","hentry","category-tous"],"_links":{"self":[{"href":"http:\/\/www.affinite.fr\/index.php\/wp-json\/wp\/v2\/posts\/2854"}],"collection":[{"href":"http:\/\/www.affinite.fr\/index.php\/wp-json\/wp\/v2\/posts"}],"about":[{"href":"http:\/\/www.affinite.fr\/index.php\/wp-json\/wp\/v2\/types\/post"}],"author":[{"embeddable":true,"href":"http:\/\/www.affinite.fr\/index.php\/wp-json\/wp\/v2\/users\/1"}],"replies":[{"embeddable":true,"href":"http:\/\/www.affinite.fr\/index.php\/wp-json\/wp\/v2\/comments?post=2854"}],"version-history":[{"count":0,"href":"http:\/\/www.affinite.fr\/index.php\/wp-json\/wp\/v2\/posts\/2854\/revisions"}],"wp:featuredmedia":[{"embeddable":true,"href":"http:\/\/www.affinite.fr\/index.php\/wp-json\/wp\/v2\/media\/2855"}],"wp:attachment":[{"href":"http:\/\/www.affinite.fr\/index.php\/wp-json\/wp\/v2\/media?parent=2854"}],"wp:term":[{"taxonomy":"category","embeddable":true,"href":"http:\/\/www.affinite.fr\/index.php\/wp-json\/wp\/v2\/categories?post=2854"},{"taxonomy":"post_tag","embeddable":true,"href":"http:\/\/www.affinite.fr\/index.php\/wp-json\/wp\/v2\/tags?post=2854"}],"curies":[{"name":"wp","href":"https:\/\/api.w.org\/{rel}","templated":true}]}}