{"id":2851,"date":"2020-05-13T21:20:13","date_gmt":"2020-05-13T21:20:13","guid":{"rendered":"https:\/\/www.affinite.fr\/index.php\/2020\/05\/13\/la-cnil-favorable-aux-fichiers-durgence-sanitaire-sous-reserve-de-certaines-garanties\/"},"modified":"2020-05-13T21:20:13","modified_gmt":"2020-05-13T21:20:13","slug":"la-cnil-favorable-aux-fichiers-durgence-sanitaire-sous-reserve-de-certaines-garanties","status":"publish","type":"post","link":"http:\/\/www.affinite.fr\/index.php\/2020\/05\/13\/la-cnil-favorable-aux-fichiers-durgence-sanitaire-sous-reserve-de-certaines-garanties\/","title":{"rendered":"la Cnil favorable aux fichiers\u00a0d&rsquo;urgence sanitaire sous r\u00e9serve\u00a0de certaines garanties"},"content":{"rendered":"<p> [ad_1]<br \/>\n<br \/><img decoding=\"async\" src=\"https:\/\/img.bfmtv.com\/i\/0\/0\/9f2\/5923682e33e4bf315c885761b0e33.jpeg\" \/><\/p>\n<div itemprop=\"articleBody\">\n<p>Apr\u00e8s le feu vert du <a href=\"https:\/\/www.01net.com\/actualites\/le-conseil-constitutionnel-pose-des-limites-au-fichier-contact-covid-1912550.html\" target=\"_blank\" rel=\"noopener noreferrer\">Conseil constitutionnel,<\/a>\u00a0la Commission nationale de l&rsquo;informatique et des libert\u00e9s (Cnil) estime que <a href=\"http:\/\/www.01net.com\/actualites\/covid-19-la-france-veut-mettre-en-place-deux-fichiers-recensant-les-malades-1907426.html\" target=\"_blank\" rel=\"noopener noreferrer\">les deux fichiers SI-DEP (syst\u00e8me d\u2019information national de d\u00e9pistage) et Contact-Covid<\/a>\u00a0act\u00e9s par la loi de prolongation de l&rsquo;\u00e9tat d&rsquo;urgence sanitaire sont<span>\u00a0conformes au RGPD <\/span><span>\u00ab\u00a0<\/span><span><em>si certaines garanties sont respect\u00e9es<\/em>\u00a0<\/span>\u00bb<span>. Dans son avis rendu public le 13 mai [<a href=\"https:\/\/www.cnil.fr\/sites\/default\/files\/atoms\/files\/2020-051-urgence-sanitaire.pdf\" target=\"_blank\" rel=\"noopener noreferrer\">PDF<\/a>], la Cnil rel\u00e8ve que <\/span><span>\u00ab\u00a0<\/span><span><em>ces fichiers sont n\u00e9cessaires \u00e0 la mise en place de la politique sanitaire envisag\u00e9e par le gouvernement pour le d\u00e9confinement<\/em> [&#8230;] <em>et demande que cette n\u00e9cessit\u00e9 soit r\u00e9guli\u00e8rement r\u00e9\u00e9valu\u00e9e<\/em><\/span><em>\u00a0<\/em>\u00bb.\u00a0<\/p>\n<h3 style=\"color:#333; font-family:arial,helvetica,sans-serif; font-size:23px; font-weight:700\">Des recommandations juridiques act\u00e9es par le d\u00e9cret<\/h3>\n<p><span>\u00ab\u00a0<\/span><em>Compte tenu de la sensibilit\u00e9 du dispositif<\/em>\u00a0\u00bb,\u00a0la Cnil a exig\u00e9\u00a0des pr\u00e9cisions sur plusieurs points du d\u00e9cret. Il s&rsquo;agit de <span>\u00ab\u00a0<\/span><em>minimiser les donn\u00e9es, de limiter les acc\u00e8s aux traitements au strict n\u00e9cessaire et de garantir les droits des personnes sur leurs donn\u00e9es personnelles<\/em> \u00bb.\u00a0 Dans le <a href=\"https:\/\/www.legifrance.gouv.fr\/eli\/loi\/2020\/5\/11\/PRMX2010645L\/jo\/texte\" target=\"_blank\" rel=\"noopener noreferrer\">texte paru<\/a>\u00a0ce\u00a0mercredi 13 mai\u00a0au Journal officiel, les\u00a0demandes ont \u00e9t\u00e9 prises en compte, se f\u00e9licite la commission.<\/p>\n<aside class=\"bg-color-0 padding-inside-all-s bloc border-s\">\n<h4 class=\"box-txt-normal\">\n<p><strong>\u00c0 d\u00e9couvrir aussi en vid\u00e9o<\/strong><\/p>\n<\/h4>\n<\/aside>\n<h3 style=\"color:#333; font-family:arial,helvetica,sans-serif; font-size:23px; font-weight:700\">Des contr\u00f4les r\u00e9guliers<\/h3>\n<p>Sur le volet s\u00e9curitaire, la commission\u00a0<span>\u00ab\u00a0<\/span><em>a \u00e9galement formul\u00e9 une s\u00e9rie de recommandations pour la mise en \u0153uvre de ces syst\u00e8mes d\u2019information, notamment s\u2019agissant de la s\u00e9curit\u00e9 du dispositif et de la responsabilisation des personnes acc\u00e9dant aux fichiers<\/em> \u00bb. Pour faire respecter ses recommandations, la\u00a0pr\u00e9sidente de la Cnil,\u00a0Marie-Laure Denis\u00a0a d&rsquo;ores et d\u00e9j\u00e0\u00a0fait savoir\u00a0<span>\u00ab<em>\u00a0<\/em><\/span><em>qu\u2019elle diligenterait des contr\u00f4les dans les premi\u00e8res semaines suivant la mise en place de ces nouveaux fichiers <\/em>\u00bb.<\/p>\n<p>En place jusqu&rsquo;\u00e0 la fin de l&rsquo;\u00e9tat d&rsquo;urgence sanitaire, ces deux syst\u00e8mes d&rsquo;information sur les malades stockeront les donn\u00e9es relatives aux personnes infect\u00e9es par le Covid-19. Pour rappel, le SI-DEP\u00a0recensera tous les r\u00e9sultats positifs en laboratoire\u00a0et Contact-Covid\u00a0remontera les cha\u00eenes de contamination des malades. Comme l&rsquo;ont\u00a0exig\u00e9 les juges constitutionnels, seuls les organismes de sant\u00e9 comme ceux de l&rsquo;Assurance maladie auront acc\u00e8s aux donn\u00e9es.\u00a0<\/p>\n<p><strong>Source<\/strong> : <a href=\"https:\/\/cnil.hosting.augure.com\/Augure_CNIL\/default.ashx?WCI=EmailViewer&amp;id=e78c13a0%2D4e20%2D4254%2D8666%2D48cb478c379e\" target=\"_blank\" rel=\"noopener noreferrer\">Cnil<\/a><\/p>\n<\/p><\/div>\n<p><script>\n         !function(f,b,e,v,n,t,s){if(f.fbq)return;n=f.fbq=function()\n         {n.callMethod? n.callMethod.apply(n,arguments):n.queue.push(arguments)}\n         ;if(!f._fbq)f._fbq=n;\n             n.push=n;n.loaded=!0;n.version='2.0';n.queue=[];t=b.createElement(e);t.async=!0;\n             t.src=v;s=b.getElementsByTagName(e)[0];s.parentNode.insertBefore(t,s)}(window,\n                 document,'script','https:\/\/connect.facebook.net\/en_US\/fbevents.js');\n         fbq('init', '1065890633454496');\n         fbq('track', 'PageView');\n     <\/script><br \/>\n<br \/>[ad_2]<br \/>\n<br \/><a href=\"https:\/\/www.01net.com\/actualites\/deconfinement-la-cnil-favorable-aux-fichiersd-urgence-sanitaire-sous-reservede-certaines-garanties-1913215.html\">Source link <\/a><\/p>\n","protected":false},"excerpt":{"rendered":"<p>[ad_1] Apr\u00e8s le feu vert du Conseil constitutionnel,\u00a0la Commission nationale de l&rsquo;informatique et des libert\u00e9s (Cnil) estime que les deux &hellip; <a href=\"http:\/\/www.affinite.fr\/index.php\/2020\/05\/13\/la-cnil-favorable-aux-fichiers-durgence-sanitaire-sous-reserve-de-certaines-garanties\/\" class=\"more-link\">Plus <span class=\"screen-reader-text\">la Cnil favorable aux fichiers\u00a0d&rsquo;urgence sanitaire sous r\u00e9serve\u00a0de certaines garanties<\/span> <span class=\"meta-nav\">&rarr;<\/span><\/a><\/p>\n","protected":false},"author":1,"featured_media":462,"comment_status":"open","ping_status":"open","sticky":false,"template":"","format":"standard","meta":{"_sitemap_exclude":false,"_sitemap_priority":"","_sitemap_frequency":"","footnotes":""},"categories":[1],"tags":[],"class_list":["post-2851","post","type-post","status-publish","format-standard","has-post-thumbnail","hentry","category-tous"],"_links":{"self":[{"href":"http:\/\/www.affinite.fr\/index.php\/wp-json\/wp\/v2\/posts\/2851"}],"collection":[{"href":"http:\/\/www.affinite.fr\/index.php\/wp-json\/wp\/v2\/posts"}],"about":[{"href":"http:\/\/www.affinite.fr\/index.php\/wp-json\/wp\/v2\/types\/post"}],"author":[{"embeddable":true,"href":"http:\/\/www.affinite.fr\/index.php\/wp-json\/wp\/v2\/users\/1"}],"replies":[{"embeddable":true,"href":"http:\/\/www.affinite.fr\/index.php\/wp-json\/wp\/v2\/comments?post=2851"}],"version-history":[{"count":0,"href":"http:\/\/www.affinite.fr\/index.php\/wp-json\/wp\/v2\/posts\/2851\/revisions"}],"wp:featuredmedia":[{"embeddable":true,"href":"http:\/\/www.affinite.fr\/index.php\/wp-json\/wp\/v2\/media\/462"}],"wp:attachment":[{"href":"http:\/\/www.affinite.fr\/index.php\/wp-json\/wp\/v2\/media?parent=2851"}],"wp:term":[{"taxonomy":"category","embeddable":true,"href":"http:\/\/www.affinite.fr\/index.php\/wp-json\/wp\/v2\/categories?post=2851"},{"taxonomy":"post_tag","embeddable":true,"href":"http:\/\/www.affinite.fr\/index.php\/wp-json\/wp\/v2\/tags?post=2851"}],"curies":[{"name":"wp","href":"https:\/\/api.w.org\/{rel}","templated":true}]}}