{"id":2847,"date":"2020-05-13T19:18:24","date_gmt":"2020-05-13T19:18:24","guid":{"rendered":"https:\/\/www.affinite.fr\/index.php\/2020\/05\/13\/la-loi-contre-cyberhaine-est-enfin-adoptee-par-lassemblee-nationale\/"},"modified":"2020-05-13T19:18:24","modified_gmt":"2020-05-13T19:18:24","slug":"la-loi-contre-cyberhaine-est-enfin-adoptee-par-lassemblee-nationale","status":"publish","type":"post","link":"http:\/\/www.affinite.fr\/index.php\/2020\/05\/13\/la-loi-contre-cyberhaine-est-enfin-adoptee-par-lassemblee-nationale\/","title":{"rendered":"La loi contre cyberhaine est enfin adopt\u00e9e par l&rsquo;Assembl\u00e9e nationale"},"content":{"rendered":"<p> [ad_1]<br \/>\n<br \/><img decoding=\"async\" src=\"https:\/\/img.bfmtv.com\/i\/0\/0\/6d7\/a85807d6cc6cd05bed359de9f7f77.jpeg\" \/><\/p>\n<div itemprop=\"articleBody\">\n<p>Apr\u00e8s plus d&rsquo;un an de d\u00e9saccords entre d\u00e9put\u00e9s et s\u00e9nateurs, la proposition de loi Avia, contre la cyberhaine, a \u00e9t\u00e9 d\u00e9finitivement adopt\u00e9e ce mercredi 13 mai,\u00a0\u00a0via un ultime vote de l&rsquo;Assembl\u00e9e \u00e0 main lev\u00e9e. Les d\u00e9put\u00e9s se sont prononc\u00e9s par 355 voix pour, 150 contre et 47 abstentions sur ce texte.\u00a0 Rappelons que cette loi vise \u00e0\u00a0\u00ab mettre fin \u00e0 l&rsquo;impunit\u00e9 \u00bb\u00a0de la haine en ligne, m\u00eame si son texte est jug\u00e9 \u00ab liberticide \u00bb\u00a0par ses d\u00e9tracteurs.<\/p>\n<h3 style=\"color:#333; font-family:arial,helvetica,sans-serif; font-size:23px; font-weight:700\">Ce que cette loi va changer\u00a0<\/h3>\n<p>A partir de juillet, les plates-formes et les moteurs de recherche auront\u00a0 l&rsquo;obligation de retirer sous 24 heures les contenus \u00ab manifestement \u00bb\u00a0illicites, sous peine d&rsquo;\u00eatre condamn\u00e9s \u00e0 des amendes allant jusqu&rsquo;\u00e0 1,25 million d&rsquo;euros. Incitations \u00e0 la haine, violence, injures \u00e0 caract\u00e8re raciste ou encore religieuses sont ici vis\u00e9es.<\/p>\n<p>Les grandes entreprises du num\u00e9rique affichent leur soutien au renforcement de la lutte contre la haine en ligne, mais cette obligation de retrait les inqui\u00e8te. Elle obligera en effet les plates-formes \u00e0 prendre des d\u00e9cisions tr\u00e8s rapides, au risque de d\u00e9clencher pol\u00e9miques et conflits juridiques.<\/p>\n<p>Le texte pr\u00e9voit \u00e9galement de nouvelles contraintes pour ces acteurs du num\u00e9rique : une transparence sur les moyens mis en oeuvre et les r\u00e9sultats obtenus, une coop\u00e9ration renforc\u00e9e notamment avec la justice et\u00a0un surcro\u00eet d&rsquo;attention aux mineurs. Le tout sera contr\u00f4l\u00e9 par le Conseil sup\u00e9rieur de l&rsquo;audiovisuel.<\/p>\n<p>Depuis le d\u00e9but de la crise sanitaire en France, cette loi est la\u00a0premi\u00e8re au menu de l&rsquo;Assembl\u00e9e nationale, sans lien avec le Coronavirus.\u00a0Mais de l&rsquo;aveu m\u00eame du secr\u00e9taire d&rsquo;Etat au Num\u00e9rique C\u00e9dric O, \u00ab la haine en ligne a augment\u00e9 \u00bb\u00a0durant le confinement et ses auteurs \u00ab se sentaient plus que jamais intouchables \u00bb. Il \u00e9tait donc temps que la loi Avia soit vot\u00e9e.<\/p>\n<\/p><\/div>\n<p><script>\n         !function(f,b,e,v,n,t,s){if(f.fbq)return;n=f.fbq=function()\n         {n.callMethod? n.callMethod.apply(n,arguments):n.queue.push(arguments)}\n         ;if(!f._fbq)f._fbq=n;\n             n.push=n;n.loaded=!0;n.version='2.0';n.queue=[];t=b.createElement(e);t.async=!0;\n             t.src=v;s=b.getElementsByTagName(e)[0];s.parentNode.insertBefore(t,s)}(window,\n                 document,'script','https:\/\/connect.facebook.net\/en_US\/fbevents.js');\n         fbq('init', '1065890633454496');\n         fbq('track', 'PageView');\n     <\/script><br \/>\n<br \/>[ad_2]<br \/>\n<br \/><a href=\"https:\/\/www.01net.com\/actualites\/la-loi-contre-cyberhaine-est-enfin-adoptee-par-l-assemblee-nationale-1913456.html\">Source link <\/a><\/p>\n","protected":false},"excerpt":{"rendered":"<p>[ad_1] Apr\u00e8s plus d&rsquo;un an de d\u00e9saccords entre d\u00e9put\u00e9s et s\u00e9nateurs, la proposition de loi Avia, contre la cyberhaine, a &hellip; <a href=\"http:\/\/www.affinite.fr\/index.php\/2020\/05\/13\/la-loi-contre-cyberhaine-est-enfin-adoptee-par-lassemblee-nationale\/\" class=\"more-link\">Plus <span class=\"screen-reader-text\">La loi contre cyberhaine est enfin adopt\u00e9e par l&rsquo;Assembl\u00e9e nationale<\/span> <span class=\"meta-nav\">&rarr;<\/span><\/a><\/p>\n","protected":false},"author":1,"featured_media":2848,"comment_status":"open","ping_status":"open","sticky":false,"template":"","format":"standard","meta":{"_sitemap_exclude":false,"_sitemap_priority":"","_sitemap_frequency":"","footnotes":""},"categories":[1],"tags":[],"class_list":["post-2847","post","type-post","status-publish","format-standard","has-post-thumbnail","hentry","category-tous"],"_links":{"self":[{"href":"http:\/\/www.affinite.fr\/index.php\/wp-json\/wp\/v2\/posts\/2847"}],"collection":[{"href":"http:\/\/www.affinite.fr\/index.php\/wp-json\/wp\/v2\/posts"}],"about":[{"href":"http:\/\/www.affinite.fr\/index.php\/wp-json\/wp\/v2\/types\/post"}],"author":[{"embeddable":true,"href":"http:\/\/www.affinite.fr\/index.php\/wp-json\/wp\/v2\/users\/1"}],"replies":[{"embeddable":true,"href":"http:\/\/www.affinite.fr\/index.php\/wp-json\/wp\/v2\/comments?post=2847"}],"version-history":[{"count":0,"href":"http:\/\/www.affinite.fr\/index.php\/wp-json\/wp\/v2\/posts\/2847\/revisions"}],"wp:featuredmedia":[{"embeddable":true,"href":"http:\/\/www.affinite.fr\/index.php\/wp-json\/wp\/v2\/media\/2848"}],"wp:attachment":[{"href":"http:\/\/www.affinite.fr\/index.php\/wp-json\/wp\/v2\/media?parent=2847"}],"wp:term":[{"taxonomy":"category","embeddable":true,"href":"http:\/\/www.affinite.fr\/index.php\/wp-json\/wp\/v2\/categories?post=2847"},{"taxonomy":"post_tag","embeddable":true,"href":"http:\/\/www.affinite.fr\/index.php\/wp-json\/wp\/v2\/tags?post=2847"}],"curies":[{"name":"wp","href":"https:\/\/api.w.org\/{rel}","templated":true}]}}