{"id":2846,"date":"2020-05-13T18:17:12","date_gmt":"2020-05-13T18:17:12","guid":{"rendered":"https:\/\/www.affinite.fr\/index.php\/2020\/05\/13\/les-chauffeurs-devront-se-prendre-en-photo-pour-prouver-quils-ont-un-masque\/"},"modified":"2020-05-13T18:17:12","modified_gmt":"2020-05-13T18:17:12","slug":"les-chauffeurs-devront-se-prendre-en-photo-pour-prouver-quils-ont-un-masque","status":"publish","type":"post","link":"http:\/\/www.affinite.fr\/index.php\/2020\/05\/13\/les-chauffeurs-devront-se-prendre-en-photo-pour-prouver-quils-ont-un-masque\/","title":{"rendered":"les chauffeurs devront se prendre en photo pour prouver qu&rsquo;ils ont un masque"},"content":{"rendered":"<p> [ad_1]<br \/>\n<\/p>\n<div itemprop=\"articleBody\">\n<p>\u00c0 partir du lundi 18 mai, les chauffeurs qui tenteront de se connecter \u00e0 Uber devront se prendre en photo avec un masque pour acc\u00e9der \u00e0 l&rsquo;application. Sans protection, un chauffeur ne sera plus en mesure d&rsquo;utiliser\u00a0la plate-forme et ce, jusqu&rsquo;\u00e0 fin juin annonce l&rsquo;entreprise de VTC. Son objectif est de forcer tout le monde \u00e0 utiliser un masque afin de respecter les r\u00e8gles gouvernementales.\u00a0<\/p>\n<figure class=\"figure text-center\"><img decoding=\"async\" class=\"article-img img-responsive-l\" src=\"https:\/\/img.bfmtv.com\/c\/0\/708\/0494\/e3cf67b6474698b3d233dcbf3049.jpg\" alt=\"\"\/><figcaption class=\"figure-caption figcaption color-txt-0 title-xs hidden-xs\">\n                                    Uber<br \/>\n                                                    &#8211; \u00c0 chaque connexion, les chauffeurs Uber devront passer par cette interface.<br \/>\n                            <\/figcaption><\/figure>\n<h3 style=\"color:#333; font-family:arial,helvetica,sans-serif; font-size:23px; font-weight:700\">Un passager par v\u00e9hicule\u00a0<\/h3>\n<p>Dans son communiqu\u00e9, Uber veut rassurer les \u00e9ventuels d\u00e9tracteurs de cette mesure. Son intelligence artificielle v\u00e9rifie si un masque est pr\u00e9sent sur le visage du chauffeur mais elle ne fait appel \u00e0 aucune proc\u00e9dure de reconnaissance faciale. Ce syst\u00e8me est donc diff\u00e9rent de celui annonc\u00e9 il y a quelques mois pour \u00e9viter les usurpations d&rsquo;identit\u00e9.\u00a0<\/p>\n<blockquote>\n<p><strong>\u00c0 lire aussi :<\/strong>\u00a0<a href=\"https:\/\/www.01net.com\/actualites\/uber-inaugure-la-reconnaissance-faciale-pour-identifier-les-chauffeurs-1823891.html\" target=\"_blank\" rel=\"noopener noreferrer\">Uber inaugure la reconnaissance faciale pour identifier les chauffeurs<\/a><\/p>\n<\/blockquote>\n<aside class=\"bg-color-0 padding-inside-all-s bloc border-s\">\n<h4 class=\"box-txt-normal\">\n<p><strong>\u00c0 d\u00e9couvrir aussi en vid\u00e9o :<\/strong><\/p>\n<\/h4>\n<\/aside>\n<p>                Si les passagers n&rsquo;ont pas \u00e0 se prendre en photo pour acc\u00e9der \u00e0 l&rsquo;application, Uber rappelle que le gouvernement les oblige \u00e0 porter un masque pour commander un VTC. Les chauffeurs sont invit\u00e9s \u00e0 refuser les clients qui ne respecteront pas cette pratique. De plus, le nombre de clients par v\u00e9hicule est exceptionnellement limit\u00e9 \u00e0 un passager. Plusieurs personnes d&rsquo;un m\u00eame foyer ou des \u00e9l\u00e8ves en situation de handicap peuvent \u00eatre exceptionnellement autoris\u00e9s \u00e0 partager un VTC, mais \u00e0 la seule condition\u00a0que le chauffeur ait \u00e9quip\u00e9 son v\u00e9hicule d&rsquo;une paroi de s\u00e9paration (Uber contribue \u00e0 hauteur de 50 euros \u00e0 cette installation). L&rsquo;entreprise compte fournir 350.000 masques \u00e0 ses chauffeurs fran\u00e7ais.\u00a0<\/p><\/div>\n<p><script>\n         !function(f,b,e,v,n,t,s){if(f.fbq)return;n=f.fbq=function()\n         {n.callMethod? n.callMethod.apply(n,arguments):n.queue.push(arguments)}\n         ;if(!f._fbq)f._fbq=n;\n             n.push=n;n.loaded=!0;n.version='2.0';n.queue=[];t=b.createElement(e);t.async=!0;\n             t.src=v;s=b.getElementsByTagName(e)[0];s.parentNode.insertBefore(t,s)}(window,\n                 document,'script','https:\/\/connect.facebook.net\/en_US\/fbevents.js');\n         fbq('init', '1065890633454496');\n         fbq('track', 'PageView');\n     <\/script><br \/>\n<br \/>[ad_2]<br \/>\n<br \/><a href=\"https:\/\/www.01net.com\/actualites\/uber-les-chauffeurs-devront-se-prendre-en-photo-pour-prouver-qu-ils-ont-un-masque-1913390.html\">Source link <\/a><\/p>\n","protected":false},"excerpt":{"rendered":"<p>[ad_1] \u00c0 partir du lundi 18 mai, les chauffeurs qui tenteront de se connecter \u00e0 Uber devront se prendre en &hellip; <a href=\"http:\/\/www.affinite.fr\/index.php\/2020\/05\/13\/les-chauffeurs-devront-se-prendre-en-photo-pour-prouver-quils-ont-un-masque\/\" class=\"more-link\">Plus <span class=\"screen-reader-text\">les chauffeurs devront se prendre en photo pour prouver qu&rsquo;ils ont un masque<\/span> <span class=\"meta-nav\">&rarr;<\/span><\/a><\/p>\n","protected":false},"author":1,"featured_media":2134,"comment_status":"open","ping_status":"open","sticky":false,"template":"","format":"standard","meta":{"_sitemap_exclude":false,"_sitemap_priority":"","_sitemap_frequency":"","footnotes":""},"categories":[1],"tags":[],"class_list":["post-2846","post","type-post","status-publish","format-standard","has-post-thumbnail","hentry","category-tous"],"_links":{"self":[{"href":"http:\/\/www.affinite.fr\/index.php\/wp-json\/wp\/v2\/posts\/2846"}],"collection":[{"href":"http:\/\/www.affinite.fr\/index.php\/wp-json\/wp\/v2\/posts"}],"about":[{"href":"http:\/\/www.affinite.fr\/index.php\/wp-json\/wp\/v2\/types\/post"}],"author":[{"embeddable":true,"href":"http:\/\/www.affinite.fr\/index.php\/wp-json\/wp\/v2\/users\/1"}],"replies":[{"embeddable":true,"href":"http:\/\/www.affinite.fr\/index.php\/wp-json\/wp\/v2\/comments?post=2846"}],"version-history":[{"count":0,"href":"http:\/\/www.affinite.fr\/index.php\/wp-json\/wp\/v2\/posts\/2846\/revisions"}],"wp:featuredmedia":[{"embeddable":true,"href":"http:\/\/www.affinite.fr\/index.php\/wp-json\/wp\/v2\/media\/2134"}],"wp:attachment":[{"href":"http:\/\/www.affinite.fr\/index.php\/wp-json\/wp\/v2\/media?parent=2846"}],"wp:term":[{"taxonomy":"category","embeddable":true,"href":"http:\/\/www.affinite.fr\/index.php\/wp-json\/wp\/v2\/categories?post=2846"},{"taxonomy":"post_tag","embeddable":true,"href":"http:\/\/www.affinite.fr\/index.php\/wp-json\/wp\/v2\/tags?post=2846"}],"curies":[{"name":"wp","href":"https:\/\/api.w.org\/{rel}","templated":true}]}}