{"id":284,"date":"2020-03-05T14:35:24","date_gmt":"2020-03-05T14:35:24","guid":{"rendered":"https:\/\/www.affinite.fr\/index.php\/2020\/03\/05\/il-sera-bientot-possible-de-sinscrire-en-ligne-a-lexamen\/"},"modified":"2020-03-05T14:35:24","modified_gmt":"2020-03-05T14:35:24","slug":"il-sera-bientot-possible-de-sinscrire-en-ligne-a-lexamen","status":"publish","type":"post","link":"http:\/\/www.affinite.fr\/index.php\/2020\/03\/05\/il-sera-bientot-possible-de-sinscrire-en-ligne-a-lexamen\/","title":{"rendered":"il sera bient\u00f4t possible de s\u2019inscrire en ligne \u00e0 l\u2019examen"},"content":{"rendered":"<p> [ad_1]<br \/>\n<br \/><img decoding=\"async\" src=\"https:\/\/img.bfmtv.com\/i\/0\/0\/e0c2c\/27b6279fdd5a0bda8a3bb58696b.jpeg\" \/><\/p>\n<div itemprop=\"articleBody\">\n<p>Apr\u00e8s l\u2019entr\u00e9e en vigueur de mesures visant \u00e0 favoriser un parcours de <a href=\"http:\/\/www.affinite.fr\/index.php\/2022\/11\/09\/formation-de-glacier-apprenez-le-metier-de-glacier-et-changez-votre-vie\/\">formation<\/a> moins on\u00e9reux et suite \u00e0 la mise en place d\u2019un nouveau contrat type pour une meilleure visibilit\u00e9 sur les tarifs pratiqu\u00e9s, le permis de conduire continue sa transformation. Cette-fois, c\u2019est <a href=\"https:\/\/www.securite-routiere.gouv.fr\/passer-son-permis-de-conduire\/inscription-et-formation\/occitanie-reserver-en-ligne-sa-place-pour-le\" target=\"_blank\" rel=\"noopener noreferrer\">une plate-forme en ligne<\/a> qui est cens\u00e9e \u00e0 la fois simplifier et acc\u00e9l\u00e9rer la proc\u00e9dure. Pour l\u2019instant, celle-ci n\u2019est accessible que pour les candidats r\u00e9sidant en Occitanie. C\u2019est dans cette r\u00e9gion\u00a0que la phase de test aura lieu, avant une tr\u00e8s probable g\u00e9n\u00e9ralisation de la mesure.\u00a0<\/p>\n<h3 style=\"color:#333; font-family:arial,helvetica,sans-serif; font-size:23px; font-weight:700\">Une proc\u00e9dure simplifi\u00e9e qui engage davantage le candidat<\/h3>\n<p>En effet, les avantages de ce proc\u00e9d\u00e9 sont multiples. Le candidat sera en mesure de choisir sa date de passage ainsi que le centre d\u2019examen de son choix. Surtout, cette mesure supprime de fait le syst\u00e8me de quotas pour les auto-\u00e9coles. C\u2019est la gestion de ces quotas qui \u00e9tait jusqu\u2019ici la principale raison d\u2019\u00eatre des d\u00e9lais, parfois longs de plusieurs mois, entre chaque inscription \u00e0 l\u2019examen.\u00a0<\/p>\n<p>N\u00e9anmoins, cette modification ne vient pas sans quelques contraintes pour le candidat. Il y a d\u2019abord le d\u00e9lai de r\u00e9inscription en cas d\u2019\u00e9chec. Celui-ci d\u00e9pendra du r\u00e9sultat obtenu. Plus il est faible, plus le d\u00e9lai avant une nouvelle pr\u00e9sentation sera long. Enfin, en cas de d\u00e9sistement non justifi\u00e9, le candidat se verra appliquer une p\u00e9nalit\u00e9 de 30 \u00e0 40 jours qui, l\u00e0 aussi, repoussera la date de son prochain passage.\u00a0<\/p>\n<aside class=\"bg-color-0 padding-inside-all-s bloc border-s\">\n<h4 class=\"box-txt-normal\">\n<p><strong>\u00c0 d\u00e9couvrir aussi en vid\u00e9o :<\/strong><\/p>\n<\/h4>\n<\/aside>\n<p>Le test qui d\u00e9bute en Occitanie est pr\u00e9vu pour une dur\u00e9e de huit mois. Au terme de cette p\u00e9riode, le minist\u00e8re des transports d\u00e9cidera si ce test\u00a0peut \u00eatre \u00e9tendu au reste du territoire. \u00a0<\/p>\n<\/p><\/div>\n<p><script>\n         !function(f,b,e,v,n,t,s){if(f.fbq)return;n=f.fbq=function()\n         {n.callMethod? n.callMethod.apply(n,arguments):n.queue.push(arguments)}\n         ;if(!f._fbq)f._fbq=n;\n             n.push=n;n.loaded=!0;n.version='2.0';n.queue=[];t=b.createElement(e);t.async=!0;\n             t.src=v;s=b.getElementsByTagName(e)[0];s.parentNode.insertBefore(t,s)}(window,\n                 document,'script','https:\/\/connect.facebook.net\/en_US\/fbevents.js');\n         fbq('init', '1065890633454496');\n         fbq('track', 'PageView');\n     <\/script><br \/>\n<br \/>[ad_2]<br \/>\n<br \/><a href=\"https:\/\/www.01net.com\/actualites\/permis-de-conduire-il-sera-bientot-possible-de-s-inscrire-en-ligne-a-l-examen-1869545.html\">Source link <\/a><\/p>\n","protected":false},"excerpt":{"rendered":"<p>[ad_1] Apr\u00e8s l\u2019entr\u00e9e en vigueur de mesures visant \u00e0 favoriser un parcours de formation moins on\u00e9reux et suite \u00e0 la &hellip; <a href=\"http:\/\/www.affinite.fr\/index.php\/2020\/03\/05\/il-sera-bientot-possible-de-sinscrire-en-ligne-a-lexamen\/\" class=\"more-link\">Plus <span class=\"screen-reader-text\">il sera bient\u00f4t possible de s\u2019inscrire en ligne \u00e0 l\u2019examen<\/span> <span class=\"meta-nav\">&rarr;<\/span><\/a><\/p>\n","protected":false},"author":1,"featured_media":285,"comment_status":"open","ping_status":"open","sticky":false,"template":"","format":"standard","meta":{"_sitemap_exclude":false,"_sitemap_priority":"","_sitemap_frequency":"","footnotes":""},"categories":[1],"tags":[],"class_list":["post-284","post","type-post","status-publish","format-standard","has-post-thumbnail","hentry","category-tous"],"_links":{"self":[{"href":"http:\/\/www.affinite.fr\/index.php\/wp-json\/wp\/v2\/posts\/284"}],"collection":[{"href":"http:\/\/www.affinite.fr\/index.php\/wp-json\/wp\/v2\/posts"}],"about":[{"href":"http:\/\/www.affinite.fr\/index.php\/wp-json\/wp\/v2\/types\/post"}],"author":[{"embeddable":true,"href":"http:\/\/www.affinite.fr\/index.php\/wp-json\/wp\/v2\/users\/1"}],"replies":[{"embeddable":true,"href":"http:\/\/www.affinite.fr\/index.php\/wp-json\/wp\/v2\/comments?post=284"}],"version-history":[{"count":0,"href":"http:\/\/www.affinite.fr\/index.php\/wp-json\/wp\/v2\/posts\/284\/revisions"}],"wp:featuredmedia":[{"embeddable":true,"href":"http:\/\/www.affinite.fr\/index.php\/wp-json\/wp\/v2\/media\/285"}],"wp:attachment":[{"href":"http:\/\/www.affinite.fr\/index.php\/wp-json\/wp\/v2\/media?parent=284"}],"wp:term":[{"taxonomy":"category","embeddable":true,"href":"http:\/\/www.affinite.fr\/index.php\/wp-json\/wp\/v2\/categories?post=284"},{"taxonomy":"post_tag","embeddable":true,"href":"http:\/\/www.affinite.fr\/index.php\/wp-json\/wp\/v2\/tags?post=284"}],"curies":[{"name":"wp","href":"https:\/\/api.w.org\/{rel}","templated":true}]}}