{"id":2838,"date":"2020-05-13T16:11:04","date_gmt":"2020-05-13T16:11:04","guid":{"rendered":"https:\/\/www.affinite.fr\/index.php\/2020\/05\/13\/lg-preparerait-un-smartphone-a-ecran-pivotant\/"},"modified":"2020-05-13T16:11:04","modified_gmt":"2020-05-13T16:11:04","slug":"lg-preparerait-un-smartphone-a-ecran-pivotant","status":"publish","type":"post","link":"http:\/\/www.affinite.fr\/index.php\/2020\/05\/13\/lg-preparerait-un-smartphone-a-ecran-pivotant\/","title":{"rendered":"LG pr\u00e9parerait un smartphone \u00e0 \u00e9cran pivotant"},"content":{"rendered":"<p> [ad_1]<br \/>\n<\/p>\n<div itemprop=\"articleBody\">\n<p>Est-ce dans les vieux pots qu\u2019on fait les meilleures soupes\u00a0? C\u2019est peut-\u00eatre ce que pense LG qui plancherait sur\u00a0un smartphone \u00ab articul\u00e9 \u00bb. Selon plusieurs publications sud-cor\u00e9ennes, le g\u00e9ant de l\u2019\u00e9lectronique, bien \u00e0 la peine dans le secteur du\u00a0smartphone,\u00a0s\u2019appr\u00eaterait \u00e0 pr\u00e9senter son \u00ab\u00a0Wing\u00a0\u00bb (nom de code), un terminal dont l\u2019\u00e9cran principal de 6,8 pouces pivote pour d\u00e9voiler un \u00e9cran secondaire\u2026 carr\u00e9.<\/p>\n<p>Mesurant 4 pouces de diagonale (10,16 cm), cet \u00e9cran serait utilis\u00e9 notamment pour le multit\u00e2che ou enrichir les exp\u00e9riences logicielles \u2013 lors de la prise de photos, etc. Le terminal serait propuls\u00e9 par une puce Snapdragon de la s\u00e9rie 7, profiterait d&rsquo;un triple module cam\u00e9ra et serait compatible 5G.<\/p>\n<figure class=\"figure text-center\"><img decoding=\"async\" class=\"article-img img-responsive-l\" src=\"https:\/\/img.bfmtv.com\/c\/800\/600\/cba\/91f03b62d4e207be8b05a5b468500.jpg\" alt=\"LG VX9400\"\/><figcaption class=\"figure-caption figcaption color-txt-0 title-xs hidden-xs\">\n                                    LG<br \/>\n                                                    &#8211; VX9400<br \/>\n                            <\/figcaption><\/figure>\n<p>En regardant l\u2019image du concept du Wing, difficile de ne pas penser aux anciens t\u00e9l\u00e9phones portables \u00e0 \u00e9cran pivotant que la marque a lanc\u00e9 dans les ann\u00e9es 2000 \u2013 ci-dessus, un LG VX9400. Un m\u00e9canisme qui a connu son heure de gloire aussi au Japon, o\u00f9 les technophiles de l\u2019\u00e8re pr\u00e9-smartphone pouvaient d\u00e9j\u00e0 consommer des vid\u00e9os (voire la t\u00e9l\u00e9vision) dans les transports en commun, dix ans avant le reste de la plan\u00e8te.<\/p>\n<aside class=\"bg-color-0 padding-inside-all-s bloc border-s\">\n<h4 class=\"box-txt-normal\">\n<p><strong>A d\u00e9couvrir aussi en vid\u00e9o<\/strong><\/p>\n<\/h4>\n<\/aside>\n<p>Mais en 2020, ce m\u00e9canisme appara\u00eet d\u00e9sormais plus comme une fa\u00e7on artificielle de se d\u00e9marquer. Sans compter les risques potentiels de panne m\u00e9canique.<\/p>\n<p>Aucune information pour l&rsquo;heure quant \u00e0 son prix ou son \u00e9ventuelle commercialisation hors des fronti\u00e8res du pays du matin calme.<\/p>\n<p><strong>Sources\u00a0<\/strong>: <a href=\"http:\/\/news.heraldcorp.com\/view.php?ud=20200507000535\" target=\"_blank\" rel=\"noopener noreferrer\">Korean Herald<\/a>, <a href=\"https:\/\/www.etnews.com\/20200511000263?mc=em_008_0001\" target=\"_blank\" rel=\"noopener noreferrer\">ETNews <\/a>via <a href=\"https:\/\/www.theverge.com\/2020\/5\/12\/21255641\/lg-wing-swivel-phone-dual-touchscreen-5g-snapdragon-7-series\" target=\"_blank\" rel=\"noopener noreferrer\">The Verge<\/a><\/p>\n<\/p><\/div>\n<p><script>\n         !function(f,b,e,v,n,t,s){if(f.fbq)return;n=f.fbq=function()\n         {n.callMethod? n.callMethod.apply(n,arguments):n.queue.push(arguments)}\n         ;if(!f._fbq)f._fbq=n;\n             n.push=n;n.loaded=!0;n.version='2.0';n.queue=[];t=b.createElement(e);t.async=!0;\n             t.src=v;s=b.getElementsByTagName(e)[0];s.parentNode.insertBefore(t,s)}(window,\n                 document,'script','https:\/\/connect.facebook.net\/en_US\/fbevents.js');\n         fbq('init', '1065890633454496');\n         fbq('track', 'PageView');\n     <\/script><br \/>\n<br \/>[ad_2]<br \/>\n<br \/><a href=\"https:\/\/www.01net.com\/actualites\/lg-preparerait-un-smartphone-a-ecran-pivotant-1913073.html\">Source link <\/a><\/p>\n","protected":false},"excerpt":{"rendered":"<p>[ad_1] Est-ce dans les vieux pots qu\u2019on fait les meilleures soupes\u00a0? C\u2019est peut-\u00eatre ce que pense LG qui plancherait sur\u00a0un &hellip; <a href=\"http:\/\/www.affinite.fr\/index.php\/2020\/05\/13\/lg-preparerait-un-smartphone-a-ecran-pivotant\/\" class=\"more-link\">Plus <span class=\"screen-reader-text\">LG pr\u00e9parerait un smartphone \u00e0 \u00e9cran pivotant<\/span> <span class=\"meta-nav\">&rarr;<\/span><\/a><\/p>\n","protected":false},"author":1,"featured_media":2839,"comment_status":"open","ping_status":"open","sticky":false,"template":"","format":"standard","meta":{"_sitemap_exclude":false,"_sitemap_priority":"","_sitemap_frequency":"","footnotes":""},"categories":[1],"tags":[],"class_list":["post-2838","post","type-post","status-publish","format-standard","has-post-thumbnail","hentry","category-tous"],"_links":{"self":[{"href":"http:\/\/www.affinite.fr\/index.php\/wp-json\/wp\/v2\/posts\/2838"}],"collection":[{"href":"http:\/\/www.affinite.fr\/index.php\/wp-json\/wp\/v2\/posts"}],"about":[{"href":"http:\/\/www.affinite.fr\/index.php\/wp-json\/wp\/v2\/types\/post"}],"author":[{"embeddable":true,"href":"http:\/\/www.affinite.fr\/index.php\/wp-json\/wp\/v2\/users\/1"}],"replies":[{"embeddable":true,"href":"http:\/\/www.affinite.fr\/index.php\/wp-json\/wp\/v2\/comments?post=2838"}],"version-history":[{"count":0,"href":"http:\/\/www.affinite.fr\/index.php\/wp-json\/wp\/v2\/posts\/2838\/revisions"}],"wp:featuredmedia":[{"embeddable":true,"href":"http:\/\/www.affinite.fr\/index.php\/wp-json\/wp\/v2\/media\/2839"}],"wp:attachment":[{"href":"http:\/\/www.affinite.fr\/index.php\/wp-json\/wp\/v2\/media?parent=2838"}],"wp:term":[{"taxonomy":"category","embeddable":true,"href":"http:\/\/www.affinite.fr\/index.php\/wp-json\/wp\/v2\/categories?post=2838"},{"taxonomy":"post_tag","embeddable":true,"href":"http:\/\/www.affinite.fr\/index.php\/wp-json\/wp\/v2\/tags?post=2838"}],"curies":[{"name":"wp","href":"https:\/\/api.w.org\/{rel}","templated":true}]}}