{"id":2832,"date":"2020-05-13T13:47:41","date_gmt":"2020-05-13T13:47:41","guid":{"rendered":"https:\/\/www.affinite.fr\/index.php\/2020\/05\/13\/cancer-coronavirus-et-deconfinement-comment-limiter-les-risques\/"},"modified":"2020-05-13T13:47:41","modified_gmt":"2020-05-13T13:47:41","slug":"cancer-coronavirus-et-deconfinement-comment-limiter-les-risques","status":"publish","type":"post","link":"http:\/\/www.affinite.fr\/index.php\/2020\/05\/13\/cancer-coronavirus-et-deconfinement-comment-limiter-les-risques\/","title":{"rendered":"Cancer, coronavirus et d\u00e9confinement\u00a0: comment limiter les risques\u00a0?"},"content":{"rendered":"<p> [ad_1]<br \/>\n<br \/><img decoding=\"async\" src=\"https:\/\/img-3.journaldesfemmes.fr\/I2U105XefAhhAzplY7QgsXAwGpk=\/1280x\/smart\/0a66dddb859d4ca6adb1764124ead6dd\/ccmcms-jdf\/15637609.jpg\" \/><\/p>\n<p>\n                Les personnes atteintes de cancer sont plus \u00e0 risque de pr\u00e9senter des formes graves du coronavirus. Visites de la famille, sorties, rendez-vous m\u00e9dicaux&#8230; Guide de pr\u00e9vention pour un d\u00e9confinement sans risque.            <\/p>\n<div>\n<aside class=\"ccmsummary marqueur_module ccmcss_cms_summary ccmcss_cms_summary--right\">\n<p>Sommaire<\/p>\n<\/aside>\n<p>Pr\u00e8s de <strong>400 000 cancers sont d\u00e9couverts en France chaque ann\u00e9e<\/strong>. Autant de personnes plus \u00e0 risque de <strong>formes graves du <a href=\"https:\/\/sante.journaldesfemmes.fr\/maladies\/2605417-coronavirus-france-noveau-cas-carte-mort-masque-cluster-lannion-bretagne-infos-direct\/\" title=\"N-Cov\">coronavirus<\/a><\/strong> en pleine pand\u00e9mie. Particuli\u00e8rement quand il s&rsquo;agit du cancer du poumon, souvent associ\u00e9 \u00e0 des\u00a0troubles respiratoires, avec un risque accru d&rsquo;aggravation par l&rsquo;infection <a href=\"https:\/\/sante.journaldesfemmes.fr\/maladies\/2619933-que-veut-dire-covid-19-liste-personne-risque-forme-grave-symptomes-contagion-transmission-enfant-femme-enceinte\/\" title=\"Covid 19\">Covid-19<\/a>. Or, la France est d\u00e9confin\u00e9e et le virus va davantage circuler. Alors quelles pr\u00e9cautions adopter quand on est atteint d&rsquo;un <a href=\"https:\/\/sante.journaldesfemmes.fr\/maladies\/2510959-cancer-symptomes-guerison-taux-de-survie\/\" title=\"Cancer\">cancer<\/a> ? Peut-on sortir comme tout le monde ? Ou au contraire continuer de limiter les d\u00e9placements et les visites des proches ?<\/p>\n<p>Les patients atteints de cancer ont <strong>4\u00a0\u00e0 5\u00a0fois plus de risques de d\u00e9velopper une forme s\u00e9v\u00e8re du Covid-19\u00a0<\/strong>s&rsquo;ils sont\u00a0infect\u00e9s par le virus. <em>\u00ab\u00a0Leur syst\u00e8me immunitaire affaibli par certains traitements, dont la chimioth\u00e9rapie, les rend plus fragiles\u00a0\u00bb<\/em> explique l&rsquo;<a href=\"https:\/\/www.e-cancer.fr\/Presse\/Dossiers-et-communiques-de-presse\/COVID-19-et-patients-atteints-de-cancer-pendant-l-epidemie-l-Institut-national-du-cancer-rappelle-aux-patients-que-le-lien-avec-les-medecins-ne-doit-pas-etre-interrompu\" target=\"_blank\" rel=\"noopener noreferrer\">Institut national du cancer<\/a>. De m\u00eame, certains patients qui ont \u00e9t\u00e9 atteints d&rsquo;un cancer par le pass\u00e9 sont aussi plus vuln\u00e9rables. Par contre, <strong>\u00eatre atteint d&rsquo;un\u00a0cancer n&rsquo;entra\u00eene pas<\/strong><em><strong>\u00a0\u00ab\u00a0un risque plus \u00e9lev\u00e9 de transmission du SARS-CoV-2<\/strong>\u00a0aux autres citoyens\u00a0\u00bb <\/em>rappelle le Conseil scientifique dans un <a href=\"https:\/\/solidarites-sante.gouv.fr\/IMG\/pdf\/avis_conseil_scientifique_20_avril_2020.pdf\" target=\"_blank\" rel=\"noopener noreferrer\">Avis du 20 avril 2020<\/a>. Concernant le d\u00e9confinement, les membres du Conseil scientifique Covid-19 estiment que les personnes soign\u00e9es pour un cancer doivent\u00a0\u00ab\u00a0<em>respecter un <strong>confinement strict et volontaire<\/strong><\/em><strong>,<\/strong> <em>qui les prot\u00e8ge de risques de contamination\u00a0\u00bb <\/em>. En clair, continuer d&rsquo;appliquer les mesures recommand\u00e9es lors du confinement.<\/p>\n<p>Dans un Avis du 20 avril 2020, le <a href=\"https:\/\/www.hcsp.fr\/Explore.cgi\/avisrapportsdomaine?clefr=807\" target=\"_blank\" rel=\"noopener noreferrer\">Haut Conseil de la Sant\u00e9 Publique<\/a>\u00a0(HCSP) a publi\u00e9 les <strong>mesures barri\u00e8res sp\u00e9cifiques pour les <a href=\"https:\/\/sante.journaldesfemmes.fr\/maladies\/2619933-que-veut-dire-covid-19-liste-personne-risque-forme-grave-symptomes-contagion-transmission-enfant-femme-enceinte\/#liste-personnes-a-risque-forme-grave-covid-19\" target=\"_blank\" rel=\"noopener noreferrer\">personnes \u00e0 risque de forme grave de Covid-19<\/a><\/strong>, dont celles atteintes de cancer :<\/p>\n<p><strong><a name=\"masque-cancer-coronavirus\">Masques<\/a> <\/strong>: porter un <strong>masque grand public<\/strong> <strong>\u00e0 domicile en pr\u00e9sence de visiteurs et\u00a0en cas de sorties<\/strong> (dans les commerces notamment).<strong>\u00a0<\/strong>Porter un <strong>masque chirurgical<\/strong>\u00a0lors de consultations m\u00e9dicales en cabinet lib\u00e9ral ou en milieu hospitalier. Les masques doivent \u00eatre port\u00e9s sans les toucher. Chaque manipulation doit \u00eatre suivie du lavage des mains (eau et savon ou friction hydro-alcoolique).<\/p>\n<p>\u2192\u00a0<b>Si vous \u00eates en cours de traitement pour un cancer<\/b>\u00a0<strong>dans un \u00e9tablissement de soins<\/strong> (que ce traitement ait \u00e9t\u00e9 temporairement am\u00e9nag\u00e9, voire suspendu, durant le confinement ou non),\u00a0<b>un lot de plusieurs masques vous sera distribu\u00e9<\/b>\u00a0\u00e0 compter du mois de mai. Vous pouvez vous renseigner aupr\u00e8s de l&rsquo;\u00e9quipe soignante ou du professionnel de sant\u00e9 qui vous suit en cas de besoin (oncologue&#8230;).\u00a0Vous pouvez aussi demander \u00e0 votre m\u00e9decin s&rsquo;il peut vous prescrire des masques sanitaires \u00e0 retirer en pharmacie, sur pr\u00e9sentation de la prescription et de votre carte vitale.<\/p>\n<p><strong>Lavage des mains :<\/strong>\u00a0se laver les mains apr\u00e8s toute manipulation d&rsquo;un masque (tout type de masque), avant de pr\u00e9parer les repas, de les servir et de les consommer et avant de sortir de chez soi, se laver les mains apr\u00e8s s&rsquo;\u00eatre mouch\u00e9, avoir touss\u00e9 ou \u00e9ternu\u00e9, avoir rendu visite \u00e0 une personne, chaque sortie \u00e0 l&rsquo;ext\u00e9rieur, avoir pris les transports en commun, \u00eatre all\u00e9 aux toilettes.<\/p>\n<p><strong>Distance sociale :\u00a0<\/strong>les personnes \u00e0 risque de formes graves doivent \u00e9viter au maximum le contact avec des personnes susceptibles de les contaminer. <em>\u00ab\u00a0Les d\u00e9placements dans des zones de forte densit\u00e9 de population doivent \u00eatre limit\u00e9s ou organis\u00e9s pour respecter les mesures de distance physique\u00a0\u00bb <\/em>pr\u00e9cise le HCSP.\u00a0<\/p>\n<table border=\"1\" cellpadding=\"1\" cellspacing=\"1\" style=\"width:100%;\">\n<tbody>\n<tr>\n<td style=\"text-align: center;\"><b>Les patients ne doivent pas h\u00e9siter \u00e0 prendre contact par t\u00e9l\u00e9phone, t\u00e9l\u00e9consultation ou mail, avec leur \u00e9quipe de soins ou leur m\u00e9decin traitant, seuls habilit\u00e9s \u00e0 leur r\u00e9pondre de fa\u00e7on personnalis\u00e9e.<\/b><\/td>\n<\/tr>\n<\/tbody>\n<\/table>\n<p>Si vous \u00eates atteint d&rsquo;un cancer, vous \u00eates consid\u00e9r\u00e9 comme une <strong>personne vuln\u00e9rable\u00a0<\/strong>:<em> \u00ab\u00a0Vous veillez donc \u00e0 limiter vos d\u00e9placements au strict n\u00e9cessaire, aussi longtemps que dure l&rsquo;\u00e9pid\u00e9mie, et en l&rsquo;absence de vaccin ou de traitement reconnus\u00a0\u00bb<\/em> pr\u00e9conise l&rsquo;Institut national du cancer. De plus, il faut <strong>\u00e9viter les transports en commun <\/strong>(sauf si c&rsquo;est absolument n\u00e9cessaire).<\/p>\n<p><u>\u2022 En cas de sortie en dehors du domicile : <\/u>respecter une <strong>distance physique d&rsquo;au moins 1\u00a0m\u00e8tre<\/strong> entre deux personnes en milieux ext\u00e9rieur et int\u00e9rieur (comme pour faire des courses dans un magasin) et porter syst\u00e9matiquement un masque grand public.\u00a0<\/p>\n<p><u>\u2022 En cas de sortie impliquant un effort physique<\/u> (par exemple si vous vous rendez au travail en v\u00e9lo) :\u00a0le port du masque n&rsquo;est pas forc\u00e9ment adapt\u00e9 et peut donc \u00eatre am\u00e9nag\u00e9, si vous n&rsquo;avez pas de contact rapproch\u00e9 avec d&rsquo;autres personnes durant ce trajet.\u00a0<\/p>\n<table align=\"right\" border=\"1\" cellpadding=\"1\" cellspacing=\"1\" style=\"width:40%;\">\n<thead>\n<tr>\n<th scope=\"col\" style=\"text-align: center;\">Covid-19\u00a0et cancer du sein<\/th>\n<\/tr>\n<tr>\n<td>Dans une premi\u00e8re <a href=\"https:\/\/hal.archives-ouvertes.fr\/hal-02559160\" target=\"_blank\" rel=\"noopener noreferrer\">\u00e9tude<\/a> mondiale men\u00e9e sur les patientes en cours de traitement pour un cancer du sein \u00e0 l&rsquo;Institut Curie et pr\u00e9sentant une infection par le SARS-CoV-2, les m\u00e9decins ont rapport\u00e9\u00a0l&rsquo;<strong>absence de surmortalit\u00e9 majeure apparente chez les femmes atteintes par le virus et trait\u00e9es pour un cancer du sein<\/strong>. Le COVID-19\u00a0ne semble non pas plus fr\u00e9quent chez les patientes trait\u00e9es que dans la population g\u00e9n\u00e9rale.<\/td>\n<\/tr>\n<\/thead>\n<\/table>\n<p>M\u00eame si la population fran\u00e7aise n&rsquo;est plus confin\u00e9e, les personnes soign\u00e9es pour un cancer doivent continuer de limiter les visites \u00e0 domicile \u00e0 celles qui sont vraiment <strong>essentielles<\/strong>. En clair, les autorit\u00e9s recommandent de\u00a0 :<\/p>\n<ul>\n<li>N&rsquo;autoriser qu&rsquo;un seul visiteur par visite.<\/li>\n<li><strong>\u00c9viter les visites de personnes symptomatiques ou d&rsquo;enfants. <\/strong><\/li>\n<li><strong>Eviter tous contacts avec les personnes fragiles : femmes enceintes, \u00e2g\u00e9es, malades chroniques&#8230;<\/strong><\/li>\n<li>Appliquer scrupuleusement les gestes barri\u00e8res et la distanciation physique\u00a0:\u00a0distance d&rsquo;au-moins un m\u00e8tre, ne pas se serrer la main ou s&#8217;embrasser, ne pas toucher d&rsquo;objet ou surfaces, porter\u00a0un masque chirurgical ou grand public, lavage des mains pour le\u00a0visiteur d\u00e8s l&rsquo;arriv\u00e9e dans le domicile et port du masque grand public obligatoire.<\/li>\n<li>La pi\u00e8ce dans laquelle la personne re\u00e7oit un visiteur comportera une fen\u00eatre et sera ventil\u00e9e par<strong> ouverture de la fen\u00eatre pendant 10\u00a0\u00e0 15\u00a0minutes apr\u00e8s la visite en s&rsquo;assurant de fermer la porte<\/strong>.<\/li>\n<li>Les visites de personnes malades doivent \u00eatre \u00e9vit\u00e9es.<\/li>\n<\/ul>\n<p>En cas de cancer, les consultations \u00e0 distance sont \u00e0 privil\u00e9gier\u00a0(t\u00e9l\u00e9m\u00e9decine, t\u00e9l\u00e9consultations&#8230;) ainsi que\u00a0le renouvellement d&rsquo;ordonnance par le pharmacien.\u00a0<strong>Certaines op\u00e9rations et consultations non urgentes ont \u00e9t\u00e9 report\u00e9es lors du confinement. <\/strong>Elles sont aujourd&rsquo;hui en cours de reprogrammation. N&rsquo;h\u00e9sitez pas \u00e0 contacter votre chirurgien, votre radioth\u00e9rapeute ou votre oncologue.<\/p>\n<p>En milieu hospitalier durant l&rsquo;\u00e9pid\u00e9mie, les visites des patients atteints de cancer par des personnes venant de l&rsquo;ext\u00e9rieur ne sont pas possibles, sauf\u00a0motif exceptionnel (par exemple en\u00a0<strong>p\u00e9diatrie ou\u00a0dans les situations de fin de vie<\/strong>)<strong>.<\/strong>\u00a0Dans ce cas, elles sont de tr\u00e8s courte dur\u00e9e et avec port de masque, de gants et lavage des mains. Pour les venues \u00e0 l&rsquo;h\u00f4pital en ambulatoire, notamment <strong>pour les s\u00e9ances de chimioth\u00e9rapie ou de radioth\u00e9rapie<\/strong>, ou pour une chirurgie, il n&rsquo;est pas possible d&rsquo;\u00eatre accompagn\u00e9 \u00e0 l&rsquo;int\u00e9rieur de l&rsquo;\u00e9tablissement.\u00a0<\/p>\n<p>Le d\u00e9confinement marque le retour \u00e0 l&rsquo;\u00e9cole et la reprise du travail. Quand ces personnes rentrent \u00e0 la maison, elles peuvent potentiellement rapporter avec elles le virus Sars-CoV-2. Alors comment continuer de se prot\u00e9ger ?<\/p>\n<p><b>\u2192\u00a0<\/b>Pour les actifs qui vivent avec vous, il est pr\u00e9f\u00e9rable qu&rsquo;ils puissent, en accord avec leur employeur, \u00eatre maintenus autant que possible en <strong>t\u00e9l\u00e9travail <\/strong>afin de limiter les contacts avec l&rsquo;ext\u00e9rieur au strict n\u00e9cessaire.\u00a0Votre compagnon ou votre compagne, vos enfants s&rsquo;ils travaillent, comme les autres personnes qui vivent dans le m\u00eame foyer que vous peuvent, se voir prescrire par un m\u00e9decin le maintien du t\u00e9l\u00e9travail pour motif de sant\u00e9.\u00a0<strong>Si aucun t\u00e9l\u00e9travail n&rsquo;est envisageable, un <a href=\"https:\/\/www.ameli.fr\/somme\/assure\/actualites\/covid-19-les-proches-dune-personne-vulnerable-peuvent-beneficier-dun-arret\" target=\"_blank\" rel=\"noopener noreferrer\">arr\u00eat maladie<\/a><\/strong> peut leur \u00eatre prescrit, par le m\u00e9decin traitant ou, \u00e0 d\u00e9faut, par tout m\u00e9decin de ville. La d\u00e9livrance est possible par t\u00e9l\u00e9consultation, pour \u00e9viter d&rsquo;avoir \u00e0 se d\u00e9placer.<\/p>\n<p>\u2192 Pour vous,\u00a0en tant que personne plus vuln\u00e9rable en cas d&rsquo;infection, si le t\u00e9l\u00e9travail n&rsquo;est pas possible, vous pouvez \u00eatre arr\u00eat\u00e9 par un m\u00e9decin afin de garantir la protection de votre sant\u00e9.<\/p>\n<aside id=\"NL_172509454\" class=\"newsletter_subscription jNlBlock\"><noscript><br \/>\n            <\/noscript><\/p>\n<h3 class=\"newsletter_subscription-title\">Newsletter <\/h3>\n<p><a href=\"\/\/mailing.ccmbg.com\/archive\/last-85\" target=\"_blank\" class=\"a_hover\" rel=\"noopener noreferrer\">Voir un exemple<\/a><\/p>\n<\/aside>\n<p><strong>Le service\u00a0<a href=\"https:\/\/www.e-cancer.fr\/Patients-et-proches\/Cancer-Info\" target=\"_blank\" rel=\"noopener noreferrer\">Cancer info<\/a>, propos\u00e9 par l&rsquo;Institut national du cancer en partenariat avec la Ligue contre le cancer et un groupe d&rsquo;associations est disponible pour r\u00e9pondre \u00e0 toutes les questions des patients atteints de cancer :\u00a00\u00a0805\u00a0123\u00a0124\u00a0(service et appel gratuits) du lundi au vendredi de 9h \u00e0 19h et le samedi de 9h \u00e0 14h.\u00a0<\/strong><\/p>\n<\/p><\/div>\n<p>[ad_2]<br \/>\n<br \/><a href=\"https:\/\/sante.journaldesfemmes.fr\/fiches-maladies\/2635865-cancer-coronavirus-deconfinement-risques-recommandations-visite-sortie-traitement-prise-en-charge-consultation\/\">Source link <\/a><\/p>\n","protected":false},"excerpt":{"rendered":"<p>[ad_1] Les personnes atteintes de cancer sont plus \u00e0 risque de pr\u00e9senter des formes graves du coronavirus. Visites de la &hellip; <a href=\"http:\/\/www.affinite.fr\/index.php\/2020\/05\/13\/cancer-coronavirus-et-deconfinement-comment-limiter-les-risques\/\" class=\"more-link\">Plus <span class=\"screen-reader-text\">Cancer, coronavirus et d\u00e9confinement\u00a0: comment limiter les risques\u00a0?<\/span> <span class=\"meta-nav\">&rarr;<\/span><\/a><\/p>\n","protected":false},"author":1,"featured_media":2833,"comment_status":"open","ping_status":"open","sticky":false,"template":"","format":"standard","meta":{"_sitemap_exclude":false,"_sitemap_priority":"","_sitemap_frequency":"","footnotes":""},"categories":[1],"tags":[],"class_list":["post-2832","post","type-post","status-publish","format-standard","has-post-thumbnail","hentry","category-tous"],"_links":{"self":[{"href":"http:\/\/www.affinite.fr\/index.php\/wp-json\/wp\/v2\/posts\/2832"}],"collection":[{"href":"http:\/\/www.affinite.fr\/index.php\/wp-json\/wp\/v2\/posts"}],"about":[{"href":"http:\/\/www.affinite.fr\/index.php\/wp-json\/wp\/v2\/types\/post"}],"author":[{"embeddable":true,"href":"http:\/\/www.affinite.fr\/index.php\/wp-json\/wp\/v2\/users\/1"}],"replies":[{"embeddable":true,"href":"http:\/\/www.affinite.fr\/index.php\/wp-json\/wp\/v2\/comments?post=2832"}],"version-history":[{"count":0,"href":"http:\/\/www.affinite.fr\/index.php\/wp-json\/wp\/v2\/posts\/2832\/revisions"}],"wp:featuredmedia":[{"embeddable":true,"href":"http:\/\/www.affinite.fr\/index.php\/wp-json\/wp\/v2\/media\/2833"}],"wp:attachment":[{"href":"http:\/\/www.affinite.fr\/index.php\/wp-json\/wp\/v2\/media?parent=2832"}],"wp:term":[{"taxonomy":"category","embeddable":true,"href":"http:\/\/www.affinite.fr\/index.php\/wp-json\/wp\/v2\/categories?post=2832"},{"taxonomy":"post_tag","embeddable":true,"href":"http:\/\/www.affinite.fr\/index.php\/wp-json\/wp\/v2\/tags?post=2832"}],"curies":[{"name":"wp","href":"https:\/\/api.w.org\/{rel}","templated":true}]}}