{"id":2825,"date":"2020-05-13T09:53:37","date_gmt":"2020-05-13T09:53:37","guid":{"rendered":"https:\/\/www.affinite.fr\/index.php\/2020\/05\/13\/amazon-prolonge-encore-la-fermeture-de-ses-entrepots-jusquau-18-mai-inclus\/"},"modified":"2020-05-13T09:53:37","modified_gmt":"2020-05-13T09:53:37","slug":"amazon-prolonge-encore-la-fermeture-de-ses-entrepots-jusquau-18-mai-inclus","status":"publish","type":"post","link":"http:\/\/www.affinite.fr\/index.php\/2020\/05\/13\/amazon-prolonge-encore-la-fermeture-de-ses-entrepots-jusquau-18-mai-inclus\/","title":{"rendered":"Amazon prolonge (encore) la fermeture de ses entrep\u00f4ts jusqu&rsquo;au 18 mai inclus"},"content":{"rendered":"<p> [ad_1]<br \/>\n<br \/><img decoding=\"async\" src=\"https:\/\/img.bfmtv.com\/i\/0\/0\/228\/9e9583958d3bdddc10afc584e1287.jpeg\" \/><\/p>\n<div itemprop=\"articleBody\">\n<p>La fermeture devait \u00eatre \u00ab temporaire \u00bb, elle dure depuis maintenant un mois. <a href=\"https:\/\/www.01net.com\/actualites\/la-justice-condamne-amazon-a-ne-vendre-plus-que-des-marchandises-essentielles-1893046.html\" target=\"_blank\" rel=\"noopener noreferrer\">Condamn\u00e9e par la justice fran\u00e7aise<\/a>\u00a0le 14 avril dernier, Amazon<span>\u00a0ne peut vendre que des \u00ab\u00a0marchandises essentielles\u00a0\u00bb. Ayant ensuite perdu de nouveau en appel, l&rsquo;entreprise am\u00e9ricaine a, en r\u00e9action, d\u00e9cid\u00e9 de fermer les portes de tous ses centres de distribution fran\u00e7ais. Malgr\u00e9 le d\u00e9confinement g\u00e9n\u00e9ral du pays, Amazon campe sur ses positions et renouvelle cette annonce <a href=\"https:\/\/www.01net.com\/actualites\/deconfinement-amazon-prolonge-la-fermeture-de-ses-entrepots-jusqu-au-13-mai-inclus-1912009.html\" target=\"_blank\" rel=\"noopener noreferrer\">tous les trois jours.<\/a>\u00a0Aujourd&rsquo;hui, la fermeture est prolong\u00e9e <\/span>\u00ab\u00a0<span>jusqu&rsquo;au 18 mai inclus\u00a0<\/span>\u00bb<span>, a annonc\u00e9 l&rsquo;entreprise.\u00a0<\/span><\/p>\n<h3 style=\"color:#333; font-family:arial,helvetica,sans-serif; font-size:23px; font-weight:700\">Une sanction d&rsquo;un milliard d&rsquo;euros<\/h3>\n<blockquote>\n<p>\u00ab\u00a0<em>Nos centres de distribution sont s\u00fbrs. Cependant, l\u2019astreinte, telle que pr\u00e9cis\u00e9e par la cour d\u2019appel, signifie que m\u00eame avec un taux infime de traitement accidentel de produits non-autoris\u00e9s, de l\u2019ordre de 0,1 %, le risque de contrevenir \u00e0 la d\u00e9cision de la cour d\u2019appel pourrait entra\u00eener une p\u00e9nalit\u00e9 de plus d&rsquo;un milliard d&rsquo;euros par semaine. C\u2019est pourquoi nous n\u2019avons pas d\u2019autre choix que prolonger la suspension temporaire de l\u2019activit\u00e9 de nos centres de distribution fran\u00e7ais\u00a0<\/em>\u00bb<em>,\u00a0<\/em>explique le communiqu\u00e9.\u00a0<\/p>\n<\/blockquote>\n<p>Amazon r\u00e9it\u00e8re\u00a0n\u00e9anmoins : \u00ab <em>Nos<\/em>\u00a0<em><a href=\"https:\/\/www.01net.com\/actualites\/malgre-la-fermeture-de-ses-entrepots-amazon-va-continuer-de-livrer-ses-clients-francais-1894676.html\" target=\"_blank\" rel=\"noopener noreferrer\">clients en France peuvent commander<\/a> plusieurs millions de produits aupr\u00e8s des entreprises ind\u00e9pendantes qui vendent sur Amazon et au travers de notre r\u00e9seau logistique mondial.\u00a0<\/em>\u00bb\u00a0Depuis un mois d\u00e9j\u00e0, l&rsquo;acheminement des produits passe\u00a0par deux biais :\u00a0les marchands tiers qui exp\u00e9dient directement leurs produits et le r\u00e9seau international des centres de distribution Amazon -en premier lieu les entrep\u00f4ts des pays voisins (Allemagne, Espagne, Italie).\u00a0<\/p>\n<aside class=\"bg-color-0 padding-inside-all-s bloc border-s\">\n<h4 class=\"box-txt-normal\">\n<p><strong>A d\u00e9couvrir aussi en vid\u00e9o<\/strong><\/p>\n<\/h4>\n<\/aside>\n<p>Le g\u00e9ant du e-commerce assure \u00e9galement que les discussions avec les partenaires sociaux et les syndicats \u00e0 l&rsquo;origine de l&rsquo;affaire continuent pour \u00ab\u00a0<em>savoir comment minimiser les risques sanitaires<\/em>\u00a0\u00bb dans les entrep\u00f4ts, expliquent les \u00e9quipes de communication. Pendant ce temps-l\u00e0, les salari\u00e9s sont invit\u00e9s \u00e0 rester chez eux et per\u00e7oivent l&rsquo;int\u00e9gralit\u00e9 de leur salaire.\u00a0<\/p>\n<h3 style=\"color:#333; font-family:arial,helvetica,sans-serif; font-size:23px; font-weight:700\">Amazon a fait\u00a0appel en cassation<\/h3>\n<p>M\u00eame si aucune date n\u2019a encore \u00e9t\u00e9 communiqu\u00e9e, l\u2019entreprise a fait \u00ab<em>\u00a0le choix de contester la d\u00e9cision de la cour d\u2019appel de Versailles du 24 avril devant la cour de cassation. Les raisons qui motivent ce choix seront directement pr\u00e9sent\u00e9es par l\u2019entreprise \u00e0 la justice et aux parties concern\u00e9es.\u00a0<\/em>[\u2026]\u00a0<em>Le pourvoi en cassation n\u2019entrave en rien\u00a0[le]\u00a0processus\u00a0\u00bb <\/em>entam\u00e9 avec les repr\u00e9sentants du personnel.<\/p>\n<\/p><\/div>\n<p><script>\n         !function(f,b,e,v,n,t,s){if(f.fbq)return;n=f.fbq=function()\n         {n.callMethod? n.callMethod.apply(n,arguments):n.queue.push(arguments)}\n         ;if(!f._fbq)f._fbq=n;\n             n.push=n;n.loaded=!0;n.version='2.0';n.queue=[];t=b.createElement(e);t.async=!0;\n             t.src=v;s=b.getElementsByTagName(e)[0];s.parentNode.insertBefore(t,s)}(window,\n                 document,'script','https:\/\/connect.facebook.net\/en_US\/fbevents.js');\n         fbq('init', '1065890633454496');\n         fbq('track', 'PageView');\n     <\/script><br \/>\n<br \/>[ad_2]<br \/>\n<br \/><a href=\"https:\/\/www.01net.com\/actualites\/deconfinement-amazon-prolonge-encore-la-fermeture-de-ses-entrepots-jusqu-au-18-mai-inclus-1913124.html\">Source link <\/a><\/p>\n","protected":false},"excerpt":{"rendered":"<p>[ad_1] La fermeture devait \u00eatre \u00ab temporaire \u00bb, elle dure depuis maintenant un mois. Condamn\u00e9e par la justice fran\u00e7aise\u00a0le 14 &hellip; <a href=\"http:\/\/www.affinite.fr\/index.php\/2020\/05\/13\/amazon-prolonge-encore-la-fermeture-de-ses-entrepots-jusquau-18-mai-inclus\/\" class=\"more-link\">Plus <span class=\"screen-reader-text\">Amazon prolonge (encore) la fermeture de ses entrep\u00f4ts jusqu&rsquo;au 18 mai inclus<\/span> <span class=\"meta-nav\">&rarr;<\/span><\/a><\/p>\n","protected":false},"author":1,"featured_media":2586,"comment_status":"open","ping_status":"open","sticky":false,"template":"","format":"standard","meta":{"_sitemap_exclude":false,"_sitemap_priority":"","_sitemap_frequency":"","footnotes":""},"categories":[1],"tags":[],"class_list":["post-2825","post","type-post","status-publish","format-standard","has-post-thumbnail","hentry","category-tous"],"_links":{"self":[{"href":"http:\/\/www.affinite.fr\/index.php\/wp-json\/wp\/v2\/posts\/2825"}],"collection":[{"href":"http:\/\/www.affinite.fr\/index.php\/wp-json\/wp\/v2\/posts"}],"about":[{"href":"http:\/\/www.affinite.fr\/index.php\/wp-json\/wp\/v2\/types\/post"}],"author":[{"embeddable":true,"href":"http:\/\/www.affinite.fr\/index.php\/wp-json\/wp\/v2\/users\/1"}],"replies":[{"embeddable":true,"href":"http:\/\/www.affinite.fr\/index.php\/wp-json\/wp\/v2\/comments?post=2825"}],"version-history":[{"count":0,"href":"http:\/\/www.affinite.fr\/index.php\/wp-json\/wp\/v2\/posts\/2825\/revisions"}],"wp:featuredmedia":[{"embeddable":true,"href":"http:\/\/www.affinite.fr\/index.php\/wp-json\/wp\/v2\/media\/2586"}],"wp:attachment":[{"href":"http:\/\/www.affinite.fr\/index.php\/wp-json\/wp\/v2\/media?parent=2825"}],"wp:term":[{"taxonomy":"category","embeddable":true,"href":"http:\/\/www.affinite.fr\/index.php\/wp-json\/wp\/v2\/categories?post=2825"},{"taxonomy":"post_tag","embeddable":true,"href":"http:\/\/www.affinite.fr\/index.php\/wp-json\/wp\/v2\/tags?post=2825"}],"curies":[{"name":"wp","href":"https:\/\/api.w.org\/{rel}","templated":true}]}}