{"id":2823,"date":"2020-05-13T08:45:14","date_gmt":"2020-05-13T08:45:14","guid":{"rendered":"https:\/\/www.affinite.fr\/index.php\/2020\/05\/13\/500-euros-de-reduction-sur-un-macbook-pro-16-pouces-haut-de-gamme\/"},"modified":"2020-05-13T08:45:14","modified_gmt":"2020-05-13T08:45:14","slug":"500-euros-de-reduction-sur-un-macbook-pro-16-pouces-haut-de-gamme","status":"publish","type":"post","link":"http:\/\/www.affinite.fr\/index.php\/2020\/05\/13\/500-euros-de-reduction-sur-un-macbook-pro-16-pouces-haut-de-gamme\/","title":{"rendered":"500 euros de r\u00e9duction sur un MacBook Pro 16 pouces haut de gamme"},"content":{"rendered":"<p> [ad_1]<br \/>\n<br \/><img decoding=\"async\" src=\"https:\/\/img.bfmtv.com\/i\/0\/0\/6d2\/559325ee7c9c8365c10660f0cce53.jpg\" \/><\/p>\n<div itemprop=\"articleBody\">\n<p>Si vous avez besoin d&rsquo;un MacBook puissant pour le t\u00e9l\u00e9travail, Boulanger propose une offre int\u00e9ressante sur un mod\u00e8le Pro 16 pouces haut de gamme. L&rsquo;ordinateur co\u00fbte\u00a0<a href=\"http:\/\/track.effiliation.com\/servlet\/effi.redir?id_compteur=15187135&amp;effi_id=articleconso&amp;url=https%3A%2F%2Fwww.boulanger.com%2Fref%2F1139613\" target=\"_blank\" rel=\"noopener noreferrer\">2699 euros au lieu de 3199 euros<\/a>.<\/p>\n<p>Le prix s&rsquo;explique par une configuration muscl\u00e9e avec un processeur Core i9 \u00e0 2,3 GHz, 16 Go de m\u00e9moire vive et un SSD de 1 To. L&rsquo;affichage est g\u00e9r\u00e9 par une carte graphique\u00a0AMD Radeon Pro 5500M avec 4 Go de m\u00e9moire vid\u00e9o GDDR6. L&rsquo;\u00e9cran 16 pouces offre une d\u00e9finition de 3072 x 1920 pixels.<\/p>\n<p><a href=\"https:\/\/www.01net.com\/tests\/test-du-macbook-pro-16-pouces-apple-agrandit-et-ameliore-le-portable-que-les-pro-attendaient-6367.html\" target=\"_blank\" rel=\"noopener noreferrer\">Lors de son test<\/a>, nous avons appr\u00e9ci\u00e9 la qualit\u00e9 de l&rsquo;\u00e9cran, du clavier et du syst\u00e8me audio, ainsi que la tr\u00e8s bonne autonomie.<\/p>\n<p><a href=\"http:\/\/track.effiliation.com\/servlet\/effi.redir?id_compteur=15187135&amp;effi_id=articleconso&amp;url=https%3A%2F%2Fwww.boulanger.com%2Fref%2F1139613\" target=\"_blank\" rel=\"noopener noreferrer\">Retrouvez ici cette offre de Boulanger.<\/a><\/p>\n<aside class=\"bg-color-0 padding-inside-all-s bloc border-s\">\n<h4 class=\"box-txt-normal\">\n<p><strong>A d\u00e9couvrir en vid\u00e9o :<\/strong><\/p>\n<\/h4>\n<\/aside>\n<p>Les promotions mentionn\u00e9es dans cet article peuvent \u00eatre \u00e9ph\u00e9m\u00e8res et ne plus \u00eatre valables apr\u00e8s la date de parution de l\u2019article.<\/p>\n<p><a href=\"https:\/\/www.01net.com\/bons-plans\/\">Retrouvez tous les bons plans high-tech s\u00e9lectionn\u00e9s par 01net.com sur notre page d\u00e9di\u00e9e.<\/a><\/p>\n<p><em>Cet article est une s\u00e9lection r\u00e9alis\u00e9e par l\u2019\u00e9quipe de 01net.com, en toute ind\u00e9pendance. Il est toutefois possible que ce contenu propose un lien d\u2019affiliation. Si vous cliquez sur ce lien, l\u2019e-commer\u00e7ant peut nous reverser une commission. Pour vous, rien ne change !<\/em><\/p>\n<\/p><\/div>\n<p><script>\n         !function(f,b,e,v,n,t,s){if(f.fbq)return;n=f.fbq=function()\n         {n.callMethod? n.callMethod.apply(n,arguments):n.queue.push(arguments)}\n         ;if(!f._fbq)f._fbq=n;\n             n.push=n;n.loaded=!0;n.version='2.0';n.queue=[];t=b.createElement(e);t.async=!0;\n             t.src=v;s=b.getElementsByTagName(e)[0];s.parentNode.insertBefore(t,s)}(window,\n                 document,'script','https:\/\/connect.facebook.net\/en_US\/fbevents.js');\n         fbq('init', '1065890633454496');\n         fbq('track', 'PageView');\n     <\/script><br \/>\n<br \/>[ad_2]<br \/>\n<br \/><a href=\"https:\/\/www.01net.com\/actualites\/bon-plan-boulanger-500-euros-de-reduction-sur-un-macbook-pro-16-pouces-haut-de-gamme-1913148.html\">Source link <\/a><\/p>\n","protected":false},"excerpt":{"rendered":"<p>[ad_1] Si vous avez besoin d&rsquo;un MacBook puissant pour le t\u00e9l\u00e9travail, Boulanger propose une offre int\u00e9ressante sur un mod\u00e8le Pro &hellip; <a href=\"http:\/\/www.affinite.fr\/index.php\/2020\/05\/13\/500-euros-de-reduction-sur-un-macbook-pro-16-pouces-haut-de-gamme\/\" class=\"more-link\">Plus <span class=\"screen-reader-text\">500 euros de r\u00e9duction sur un MacBook Pro 16 pouces haut de gamme<\/span> <span class=\"meta-nav\">&rarr;<\/span><\/a><\/p>\n","protected":false},"author":1,"featured_media":2824,"comment_status":"open","ping_status":"open","sticky":false,"template":"","format":"standard","meta":{"_sitemap_exclude":false,"_sitemap_priority":"","_sitemap_frequency":"","footnotes":""},"categories":[1],"tags":[],"class_list":["post-2823","post","type-post","status-publish","format-standard","has-post-thumbnail","hentry","category-tous"],"_links":{"self":[{"href":"http:\/\/www.affinite.fr\/index.php\/wp-json\/wp\/v2\/posts\/2823"}],"collection":[{"href":"http:\/\/www.affinite.fr\/index.php\/wp-json\/wp\/v2\/posts"}],"about":[{"href":"http:\/\/www.affinite.fr\/index.php\/wp-json\/wp\/v2\/types\/post"}],"author":[{"embeddable":true,"href":"http:\/\/www.affinite.fr\/index.php\/wp-json\/wp\/v2\/users\/1"}],"replies":[{"embeddable":true,"href":"http:\/\/www.affinite.fr\/index.php\/wp-json\/wp\/v2\/comments?post=2823"}],"version-history":[{"count":0,"href":"http:\/\/www.affinite.fr\/index.php\/wp-json\/wp\/v2\/posts\/2823\/revisions"}],"wp:featuredmedia":[{"embeddable":true,"href":"http:\/\/www.affinite.fr\/index.php\/wp-json\/wp\/v2\/media\/2824"}],"wp:attachment":[{"href":"http:\/\/www.affinite.fr\/index.php\/wp-json\/wp\/v2\/media?parent=2823"}],"wp:term":[{"taxonomy":"category","embeddable":true,"href":"http:\/\/www.affinite.fr\/index.php\/wp-json\/wp\/v2\/categories?post=2823"},{"taxonomy":"post_tag","embeddable":true,"href":"http:\/\/www.affinite.fr\/index.php\/wp-json\/wp\/v2\/tags?post=2823"}],"curies":[{"name":"wp","href":"https:\/\/api.w.org\/{rel}","templated":true}]}}