{"id":2813,"date":"2020-05-13T03:39:51","date_gmt":"2020-05-13T03:39:51","guid":{"rendered":"https:\/\/www.affinite.fr\/index.php\/2020\/05\/13\/uber-echappe-au-contrecoup-economique-du-confinement-grace-aux-livreurs-uber-eats\/"},"modified":"2020-05-13T03:39:51","modified_gmt":"2020-05-13T03:39:51","slug":"uber-echappe-au-contrecoup-economique-du-confinement-grace-aux-livreurs-uber-eats","status":"publish","type":"post","link":"http:\/\/www.affinite.fr\/index.php\/2020\/05\/13\/uber-echappe-au-contrecoup-economique-du-confinement-grace-aux-livreurs-uber-eats\/","title":{"rendered":"Uber \u00e9chappe au contrecoup \u00e9conomique du confinement gr\u00e2ce&#8230; aux livreurs Uber Eats"},"content":{"rendered":"<p> [ad_1]<br \/>\n<br \/><img decoding=\"async\" src=\"https:\/\/img.bfmtv.com\/i\/0\/0\/6bd\/bf1c31d0cd694d56888cbbc9fc1ce.jpeg\" \/><\/p>\n<div itemprop=\"articleBody\">\n<p>Le groupe Uber Technologies accuse une perte de 2,9 milliards de dollars au premier trimestre, mais se rel\u00e8ve progressivement. D\u2019apr\u00e8s <em>Reuters<\/em>, l\u2019entreprise a d\u00e9clar\u00e9, jeudi 7 mai, avoir constat\u00e9 des \u00ab signes encourageants \u00bb sur les march\u00e9s touch\u00e9s par la pand\u00e9mie de Covid-19. Gr\u00e2ce essentiellement aux livraisons de Uber Eats qui n\u2019ont jamais cess\u00e9, l\u2019activit\u00e9 du groupe affiche aujourd&rsquo;hui une hausse de 14 % de son chiffre d\u2019affaires.<\/p>\n<h3 style=\"color:#333; font-family:arial,helvetica,sans-serif; font-size:23px; font-weight:700\">Des encouragements \u00e0 la reprise<\/h3>\n<blockquote>\n<p>\u00ab\u00a0<em>Parall\u00e8lement \u00e0 la flamb\u00e9e des livraisons de repas, nous sommes encourag\u00e9s par les premiers signes que nous voyons sur les march\u00e9s qui commencent \u00e0 rouvrir\u00a0<\/em>\u00bb, a d\u00e9clar\u00e9 le directeur g\u00e9n\u00e9ral, Dara Khosrowshahi.\u00a0<\/p>\n<\/blockquote>\n<p>Pr\u00e8s des deux tiers des revenus d\u2019Uber proviennent des \u00c9tats-Unis et du Canada, o\u00f9 les mesures de confinement ont d\u00e9but\u00e9 mi-mars, comme le rapporte <em>Reuters<\/em>. Pendant ce temps-l\u00e0,\u00a0en France, les coursiers &#8211; en premi\u00e8re ligne durant\u00a0le confinement &#8211; <a href=\"http:\/\/www.01net.com\/actualites\/coronavirus-pourquoi-les-livreurs-de-repas-a-domicile-sont-en-colere-1877569.html\" target=\"_blank\" rel=\"noopener noreferrer\">se sont insurg\u00e9s <\/a>contre\u00a0les conditions sanitaires au moment de livrer les paquets aux clients.\u00a0<\/p>\n<aside class=\"bg-color-0 padding-inside-all-s bloc border-s\">\n<h4 class=\"box-txt-normal\">\n<p><strong>\u00c0 d\u00e9couvrir aussi en vid\u00e9o<\/strong><\/p>\n<\/h4>\n<\/aside>\n<h3 style=\"color:#333; font-family:arial,helvetica,sans-serif; font-size:23px; font-weight:700\">Lyft prend la t\u00eate ?\u00a0<\/h3>\n<p>De son c\u00f4t\u00e9, Lyft, principal concurrent d\u2019Uber, a fait \u00e9tat, mercredi 6 mai, d\u2019une augmentation \u00ab\u00a0surprise \u00bb de 23 % de ses revenus. L&rsquo;entreprise\u00a0qui s&rsquo;est, elle-aussi,\u00a0lanc\u00e9e avec le confinement dans la livraison de repas aux \u00c9tats-Unis\u00a0a d\u00e9clar\u00e9 \u00eatre sur la \u00ab <em>voie de la rentabilit\u00e9 <\/em>\u00bb.<br \/>Cette forte progression de Lyft s&rsquo;est aussi fait sentir en bourse : le cours de son action\u00a0a bondi de plus de 20 % alors que celui d\u2019Uber a fini en baisse de pr\u00e8s de 1%, jeudi dernier.<\/p>\n<p><strong>Source<\/strong> : <a href=\"https:\/\/fr.reuters.com\/article\/technologyNews\/idFRKBN22J3CX-OFRIN\" target=\"_blank\" rel=\"noopener noreferrer\">Reuters<\/a>\u00a0<\/p>\n<\/p><\/div>\n<p><script>\n         !function(f,b,e,v,n,t,s){if(f.fbq)return;n=f.fbq=function()\n         {n.callMethod? n.callMethod.apply(n,arguments):n.queue.push(arguments)}\n         ;if(!f._fbq)f._fbq=n;\n             n.push=n;n.loaded=!0;n.version='2.0';n.queue=[];t=b.createElement(e);t.async=!0;\n             t.src=v;s=b.getElementsByTagName(e)[0];s.parentNode.insertBefore(t,s)}(window,\n                 document,'script','https:\/\/connect.facebook.net\/en_US\/fbevents.js');\n         fbq('init', '1065890633454496');\n         fbq('track', 'PageView');\n     <\/script><br \/>\n<br \/>[ad_2]<br \/>\n<br \/><a href=\"https:\/\/www.01net.com\/actualites\/uber-echappe-au-contrecoup-economique-du-confinement-grace-aux-livreurs-uber-eats-1912562.html\">Source link <\/a><\/p>\n","protected":false},"excerpt":{"rendered":"<p>[ad_1] Le groupe Uber Technologies accuse une perte de 2,9 milliards de dollars au premier trimestre, mais se rel\u00e8ve progressivement. &hellip; <a href=\"http:\/\/www.affinite.fr\/index.php\/2020\/05\/13\/uber-echappe-au-contrecoup-economique-du-confinement-grace-aux-livreurs-uber-eats\/\" class=\"more-link\">Plus <span class=\"screen-reader-text\">Uber \u00e9chappe au contrecoup \u00e9conomique du confinement gr\u00e2ce&#8230; aux livreurs Uber Eats<\/span> <span class=\"meta-nav\">&rarr;<\/span><\/a><\/p>\n","protected":false},"author":1,"featured_media":2814,"comment_status":"open","ping_status":"open","sticky":false,"template":"","format":"standard","meta":{"_sitemap_exclude":false,"_sitemap_priority":"","_sitemap_frequency":"","footnotes":""},"categories":[1],"tags":[],"class_list":["post-2813","post","type-post","status-publish","format-standard","has-post-thumbnail","hentry","category-tous"],"_links":{"self":[{"href":"http:\/\/www.affinite.fr\/index.php\/wp-json\/wp\/v2\/posts\/2813"}],"collection":[{"href":"http:\/\/www.affinite.fr\/index.php\/wp-json\/wp\/v2\/posts"}],"about":[{"href":"http:\/\/www.affinite.fr\/index.php\/wp-json\/wp\/v2\/types\/post"}],"author":[{"embeddable":true,"href":"http:\/\/www.affinite.fr\/index.php\/wp-json\/wp\/v2\/users\/1"}],"replies":[{"embeddable":true,"href":"http:\/\/www.affinite.fr\/index.php\/wp-json\/wp\/v2\/comments?post=2813"}],"version-history":[{"count":0,"href":"http:\/\/www.affinite.fr\/index.php\/wp-json\/wp\/v2\/posts\/2813\/revisions"}],"wp:featuredmedia":[{"embeddable":true,"href":"http:\/\/www.affinite.fr\/index.php\/wp-json\/wp\/v2\/media\/2814"}],"wp:attachment":[{"href":"http:\/\/www.affinite.fr\/index.php\/wp-json\/wp\/v2\/media?parent=2813"}],"wp:term":[{"taxonomy":"category","embeddable":true,"href":"http:\/\/www.affinite.fr\/index.php\/wp-json\/wp\/v2\/categories?post=2813"},{"taxonomy":"post_tag","embeddable":true,"href":"http:\/\/www.affinite.fr\/index.php\/wp-json\/wp\/v2\/tags?post=2813"}],"curies":[{"name":"wp","href":"https:\/\/api.w.org\/{rel}","templated":true}]}}